{"id":138236,"date":"2025-09-25T15:58:10","date_gmt":"2025-09-25T15:58:10","guid":{"rendered":"https:\/\/www.europesays.com\/es\/138236\/"},"modified":"2025-09-25T15:58:10","modified_gmt":"2025-09-25T15:58:10","slug":"antonio-veiga-gana-el-primer-premio-de-fotografia-santiago-castelo-2025-en-caceres","status":"publish","type":"post","link":"https:\/\/www.europesays.com\/es\/138236\/","title":{"rendered":"Antonio Veiga gana el primer premio de fotograf\u00eda &#8216;Santiago Castelo 2025&#8217; en C\u00e1ceres"},"content":{"rendered":"<p class=\"ft-text ft-helper-align-justify\"><strong>El fot\u00f3grafo extreme\u00f1o Antonio Veiga <\/strong>ha sido galardonado con el &#8216;Primer Premio de Fotograf\u00eda Santiago Castelo 2025&#8217; por su obra <strong>&#8216;Eugenio&#8217;.<\/strong> El reconocimiento, dotado con 4.000 euros, se dio a conocer este mi\u00e9rcoles 24 de septiembre durante un acto celebrado en <a class=\"ft-link ft-link--decoration\" href=\"https:\/\/www.elperiodicoextremadura.com\/caceres-local\/2025\/06\/10\/recorrido-documentos-historicos-caceres-118426461.html\" target=\"_blank\" rel=\"nofollow noopener\">el Archivo Hist\u00f3rico de C\u00e1ceres. <\/a>La velada, que congreg\u00f3 a numeroso p\u00fablico, cont\u00f3 con la presencia de destacadas personalidades del \u00e1mbito cultural, social y pol\u00edtico de Extremadura, as\u00ed como de las regiones portuguesas de Alentejo y Centro.<\/p>\n<p>S\u00f3lida trayectoria<\/p>\n<p class=\"ft-text ft-helper-align-justify\"><strong>Veiga acumula una s\u00f3lida trayectoria, <\/strong>ya que ha sido finalista en prestigiosos encuentros fotogr\u00e1ficos como el &#8216;Seminario de Fotograf\u00eda y Periodismo de Albarrac\u00edn&#8217;, los &#8216;Encuentros Fotogr\u00e1ficos de Gij\u00f3n&#8217; y la edici\u00f3n 2024 del propio &#8216;Premio Internacional Santiago Castelo&#8217;. <strong>Su obra ha sido expuesta en espacios de referencia<\/strong> como la &#8216;Real Sociedad Fotogr\u00e1fica de Madrid&#8217; y el &#8216;Museo Etnogr\u00e1fico Gonz\u00e1lez Santana <a class=\"ft-link ft-link--decoration\" href=\"https:\/\/www.elperiodicoextremadura.com\/badajoz\/olivenza\/pagina-3\/\" rel=\"nofollow noopener\" target=\"_blank\">de Olivenza&#8217;.<\/a><\/p>\n<p>Homenaje a los pastores de Olivenza<\/p>\n<p class=\"ft-text ft-helper-align-justify\"><strong>La mirada art\u00edstica del fot\u00f3grafo nace de un reencuentro personal, <\/strong>el del adulto con c\u00e1mara en mano y<a class=\"ft-link ft-link--decoration\" href=\"https:\/\/www.elperiodicoextremadura.com\/tags\/ninos\/\" rel=\"nofollow noopener\" target=\"_blank\"> el ni\u00f1o <\/a>que fue, aquel que pastoreaba junto a su perro Pepe durante los largos y m\u00e1gicos veranos de su infancia. Cada una de sus im\u00e1genes puede entenderse como un autorretrato de ese ni\u00f1o, una autobiograf\u00eda visual de la vida que pudo haber sido, de no haber aparecido<a class=\"ft-link ft-link--decoration\" href=\"https:\/\/www.elperiodicoextremadura.com\/tags\/fotografias\/\" rel=\"nofollow noopener\" target=\"_blank\"> la fotograf\u00eda <\/a>para transformar su camino. A trav\u00e9s de su trabajo, <strong>Veiga rinde homenaje a los pastores de Olivenza, <\/strong>como \u00e9l, que crecieron con la tierra y los animales como parte inseparable de su existencia.<\/p>\n<p><img decoding=\"async\" src=\"https:\/\/www.europesays.com\/es\/wp-content\/uploads\/2025\/09\/6ccfe454-2d2e-47c8-8197-92ea2bee72c0_alta-libre-aspect-ratio_default_0.jpg\" width=\"1200\" height=\"801\" alt=\"Fotograf\u00eda de Veiga premiada con el Primer Premio 2025.\" class=\"ft-helper-img-rd\" loading=\"lazy\" hasdataaida=\"true\"\/><\/p>\n<p class=\"ft-helper-fontColor-quaternary ft-helper-fontSize-body-S ft-helper-spacer-t-xxs\">Fotograf\u00eda de Veiga premiada con el Primer Premio 2025.  \/ Cedida<\/p>\n<p class=\"ft-text ft-helper-align-justify\">La fotograf\u00eda premiada forma parte de su proyecto m\u00e1s reciente, a\u00fan en desarrollo, titulado<strong> &#8216;La mano de hombre&#8217;. <\/strong>Este trabajo comenz\u00f3 a gestarse en la empresa donde el autor desempe\u00f1a su labor profesional, capturando escenas durante su jornada. El proyecto busca documentar la relaci\u00f3n del <a class=\"ft-link ft-link--decoration\" href=\"https:\/\/www.elperiodicoextremadura.com\/tags\/seres-humanos\/\" rel=\"nofollow noopener\" target=\"_blank\">ser humano<\/a> con la tierra, deteni\u00e9ndose en las historias de quienes todav\u00eda hoy trabajan con sus propias manos.<\/p>\n","protected":false},"excerpt":{"rendered":"El fot\u00f3grafo extreme\u00f1o Antonio Veiga ha sido galardonado con el &#8216;Primer Premio de Fotograf\u00eda Santiago Castelo 2025&#8217; por&hellip;\n","protected":false},"author":2,"featured_media":138237,"comment_status":"","ping_status":"","sticky":false,"template":"","format":"standard","meta":{"footnotes":""},"categories":[173],"tags":[1247,229,233,231,230,232,234,146,147,25,24,7234,4355,205,475,843,977,23,7624],"class_list":{"0":"post-138236","1":"post","2":"type-post","3":"status-publish","4":"format-standard","5":"has-post-thumbnail","7":"category-arte-y-diseno","8":"tag-antonio","9":"tag-arte","10":"tag-arte-y-diseno","11":"tag-arts","12":"tag-arts-and-design","13":"tag-design","14":"tag-diseno","15":"tag-entertainment","16":"tag-entretenimiento","17":"tag-es","18":"tag-espana","19":"tag-extremadura","20":"tag-gana","21":"tag-madrid","22":"tag-pintor","23":"tag-premio","24":"tag-primer","25":"tag-spain","26":"tag-veiga"},"share_on_mastodon":{"url":"","error":""},"_links":{"self":[{"href":"https:\/\/www.europesays.com\/es\/wp-json\/wp\/v2\/posts\/138236","targetHints":{"allow":["GET"]}}],"collection":[{"href":"https:\/\/www.europesays.com\/es\/wp-json\/wp\/v2\/posts"}],"about":[{"href":"https:\/\/www.europesays.com\/es\/wp-json\/wp\/v2\/types\/post"}],"author":[{"embeddable":true,"href":"https:\/\/www.europesays.com\/es\/wp-json\/wp\/v2\/users\/2"}],"replies":[{"embeddable":true,"href":"https:\/\/www.europesays.com\/es\/wp-json\/wp\/v2\/comments?post=138236"}],"version-history":[{"count":0,"href":"https:\/\/www.europesays.com\/es\/wp-json\/wp\/v2\/posts\/138236\/revisions"}],"wp:featuredmedia":[{"embeddable":true,"href":"https:\/\/www.europesays.com\/es\/wp-json\/wp\/v2\/media\/138237"}],"wp:attachment":[{"href":"https:\/\/www.europesays.com\/es\/wp-json\/wp\/v2\/media?parent=138236"}],"wp:term":[{"taxonomy":"category","embeddable":true,"href":"https:\/\/www.europesays.com\/es\/wp-json\/wp\/v2\/categories?post=138236"},{"taxonomy":"post_tag","embeddable":true,"href":"https:\/\/www.europesays.com\/es\/wp-json\/wp\/v2\/tags?post=138236"}],"curies":[{"name":"wp","href":"https:\/\/api.w.org\/{rel}","templated":true}]}}