{"id":138238,"date":"2025-09-25T15:59:07","date_gmt":"2025-09-25T15:59:07","guid":{"rendered":"https:\/\/www.europesays.com\/es\/138238\/"},"modified":"2025-09-25T15:59:07","modified_gmt":"2025-09-25T15:59:07","slug":"milei-presentara-su-nuevo-libro-con-un-show-musical-como-parte-de-la-campana-electoral","status":"publish","type":"post","link":"https:\/\/www.europesays.com\/es\/138238\/","title":{"rendered":"Milei presentar\u00e1 su nuevo libro con un show musical como parte de la campa\u00f1a electoral"},"content":{"rendered":"<p class=\"com-paragraph  --capital --s\">Despu\u00e9s de su <a href=\"https:\/\/www.lanacion.com.ar\/politica\/milei-cierra-su-gira-por-nueva-york-con-benjamin-netanyahu-y-actos-con-la-comunidad-judia-nid25092025\/\" target=\"_self\" title=\"https:\/\/www.lanacion.com.ar\/politica\/milei-cierra-su-gira-por-nueva-york-con-benjamin-netanyahu-y-actos-con-la-comunidad-judia-nid25092025\/\" class=\"com-link break-word\" data-mrf-recirculation=\"n_link_parrafo\" rel=\"nofollow noopener\">paso por Estados Unidos<\/a>, y en plena campa\u00f1a electoral, el presidente <strong>Javier Milei<\/strong> presentar\u00e1 el lunes 6 de octubre su nuevo libro: \u201cLa construcci\u00f3n del milagro\u201d. Ser\u00e1, como \u00e9l mismo lo adelant\u00f3, en el Movistar Arena, un espacio con capacidad para 14.000 personas en el que el hoy mandatario supo desandar durante el cierre de campa\u00f1a rumbo a las presidenciales de 2023.<\/p>\n<p class=\"com-paragraph   --s\">El show se dar\u00e1 en medio de la campa\u00f1a rumbo a las elecciones generales del 26 de octubre, en el que La Libertad Avanza (LLA) busca revertir la dura derrota en territorio bonaerense y cuando el Gobierno recuper\u00f3 tranquilidad luego de semanas de incertidumbre econ\u00f3mica. Para restablecer las expectativas en el gobierno fue clave el apoyo econ\u00f3mico de Estados Unidos, tras la bilateral del mandatario con su par de ese pa\u00eds, <strong>Donald Trump<\/strong>, y el secretario del Tesoro, <strong>Scott Bessent<\/strong>.<\/p>\n<p class=\"com-paragraph   --s\">En esta nueva oportunidad, Milei estar\u00e1 otra vez arriba del escenario, <strong>cantando<\/strong>. Seg\u00fan pudo saber <strong>LA NACION<\/strong>, de fuentes de Casa Rosada, Milei cantar\u00e1 distintos temas musicales, todos los cuales tendr\u00e1n una \u201cconnotaci\u00f3n pol\u00edtica\u201d, \u201cun mensaje\u201d,<strong> <\/strong>seg\u00fan detall\u00f3 un funcionario libertario. <\/p>\n<p class=\"com-paragraph   --s\">Para el final del espect\u00e1culo se baraja la posibilidad de que suban todos los miembros del Gabinete y terminen cantando juntos la canci\u00f3n final.<\/p>\n<p class=\"com-paragraph   --s\">La entrada al espect\u00e1culo proselitista ser\u00e1 libre y gratuita, y se espera que sea una suerte de revival del espect\u00e1culo que en mayo de 2024 el mandatario dio en el Luna Park, para la presentaci\u00f3n de su anterior libro, \u201cCapitalismo, Socialismo y la trampa neocl\u00e1sica\u201d.<\/p>\n<p class=\"com-paragraph   --s\">En aquella oportunidad tambi\u00e9n fue un show, abierto al p\u00fablico, al que asistieron funcionarios y seguidores, que recogieron previamente sus entradas en Plaza Roma.<\/p>\n<p class=\"com-paragraph   --s\">\u201cQuien lea estas p\u00e1ginas encontrar\u00e1 fundamentos a cada una de las decisiones que el gobierno de Javier Milei ha tomado desde que asumi\u00f3, en Argentina, el 10 de diciembre de 2023\u201d, explica la editorial Hojas del Sur, firma detr\u00e1s del trabajo del mandatario. <\/p>\n<p class=\"com-paragraph   --s\">A lo largo de m\u00e1s de 500 p\u00e1ginas hay discursos y ensayos recopilados del mandatario y desde la editorial aseguran que los lectores \u201cpodr\u00e1n adentrarse en la cocina de lo que Milei denomina milagro y lograr entender el marco te\u00f3rico que sustenta la receta que considera que salv\u00f3 al pa\u00eds de la que hubiese sido una crisis pol\u00edtica, social y econ\u00f3mica sin precedentes\u201d.<\/p>\n<p class=\"com-paragraph   --s\">El ajuste del PBI, la baja de la inflaci\u00f3n y lo que definen como \u201cel caso de estabilizaci\u00f3n m\u00e1s exitoso en la historia mundial\u201d, son partes del nuevo libro del mandatario. \u201cHabitan las ideas de la libertad, defendidas por el propio Javier Milei en ensayos y discursos llenos de pasi\u00f3n, pero tambi\u00e9n de datos objetivos; tan necesarios ambos ingredientes para dar la batalla cultural y hacer a la Argentina grande de nuevo\u201d, dicen en la editorial. <\/p>\n<p class=\"com-paragraph   --s\">La reaparici\u00f3n de Milei en la campa\u00f1a electoral es parte de la estrategia para intentar recuperar \u201cla \u00e9pica de la campa\u00f1a 2023\u2033, tal como cont\u00f3 <strong>LA NACION<\/strong> semanas atr\u00e1s.<\/p>\n","protected":false},"excerpt":{"rendered":"Despu\u00e9s de su paso por Estados Unidos, y en plena campa\u00f1a electoral, el presidente Javier Milei presentar\u00e1 el&hellip;\n","protected":false},"author":2,"featured_media":138239,"comment_status":"","ping_status":"","sticky":false,"template":"","format":"standard","meta":{"footnotes":""},"categories":[172],"tags":[224,146,147,25,24,225,23],"class_list":{"0":"post-138238","1":"post","2":"type-post","3":"status-publish","4":"format-standard","5":"has-post-thumbnail","7":"category-libros","8":"tag-books","9":"tag-entertainment","10":"tag-entretenimiento","11":"tag-es","12":"tag-espana","13":"tag-libros","14":"tag-spain"},"share_on_mastodon":{"url":"","error":""},"_links":{"self":[{"href":"https:\/\/www.europesays.com\/es\/wp-json\/wp\/v2\/posts\/138238","targetHints":{"allow":["GET"]}}],"collection":[{"href":"https:\/\/www.europesays.com\/es\/wp-json\/wp\/v2\/posts"}],"about":[{"href":"https:\/\/www.europesays.com\/es\/wp-json\/wp\/v2\/types\/post"}],"author":[{"embeddable":true,"href":"https:\/\/www.europesays.com\/es\/wp-json\/wp\/v2\/users\/2"}],"replies":[{"embeddable":true,"href":"https:\/\/www.europesays.com\/es\/wp-json\/wp\/v2\/comments?post=138238"}],"version-history":[{"count":0,"href":"https:\/\/www.europesays.com\/es\/wp-json\/wp\/v2\/posts\/138238\/revisions"}],"wp:featuredmedia":[{"embeddable":true,"href":"https:\/\/www.europesays.com\/es\/wp-json\/wp\/v2\/media\/138239"}],"wp:attachment":[{"href":"https:\/\/www.europesays.com\/es\/wp-json\/wp\/v2\/media?parent=138238"}],"wp:term":[{"taxonomy":"category","embeddable":true,"href":"https:\/\/www.europesays.com\/es\/wp-json\/wp\/v2\/categories?post=138238"},{"taxonomy":"post_tag","embeddable":true,"href":"https:\/\/www.europesays.com\/es\/wp-json\/wp\/v2\/tags?post=138238"}],"curies":[{"name":"wp","href":"https:\/\/api.w.org\/{rel}","templated":true}]}}