{"id":138275,"date":"2025-09-25T16:23:13","date_gmt":"2025-09-25T16:23:13","guid":{"rendered":"https:\/\/www.europesays.com\/es\/138275\/"},"modified":"2025-09-25T16:23:13","modified_gmt":"2025-09-25T16:23:13","slug":"semana-de-la-arquitectura-presentacion-de-libro-ideas-en-transito-no-construidos-de-enrique-norten","status":"publish","type":"post","link":"https:\/\/www.europesays.com\/es\/138275\/","title":{"rendered":"Semana de la arquitectura | Presentaci\u00f3n de libro | Ideas en tr\u00e1nsito. No construidos, de Enrique Norten"},"content":{"rendered":"<p>Fundaci\u00f3n Casa de M\u00e9xico en Espa\u00f1a invita a la presentaci\u00f3n del libro<strong> Ideas en tr\u00e1nsito. No construidos, de Enrique Norten,<\/strong> publicado por editorial <a href=\"https:\/\/arquine.com\/\" target=\"_blank\" rel=\"noopener nofollow\"><strong>Arquine<\/strong><\/a>.\u00a0<\/p>\n<p>Este libro recopila quince proyectos no construidos del arquitecto Enrique Norten, fundador y director de TEN Arquitectos. Es una mirada al trabajo que nunca se materializ\u00f3, pero revela la evoluci\u00f3n del pensamiento de una de las figuras clave en la arquitectura contempor\u00e1nea en M\u00e9xico.\u00a0<\/p>\n<p>La selecci\u00f3n de obras se realiz\u00f3 bajo la mirada curatorial de Pedro Gadanho \u2014excurador de arquitectura contempor\u00e1nea en el Museo de Arte Moderno de Nueva York (MoMA) y director fundador del Museo de Arte, Arquitectura y Tecnolog\u00eda (MAAT) en Lisboa\u2014 para la exposici\u00f3n \u201cIdeas en tr\u00e1nsito. No-construidos\u201d que tuvo lugar en el Museo Franz Mayer de la Ciudad de M\u00e9xico.\u00a0<\/p>\n<p>Los proyectos se presentan como un archivo selecto de ideas que se convirtieron en especulaciones por medio del dibujo, conceptos claros y diagram\u00e1ticos que nunca salieron del taller, concursos y ensayos que se contrastan con otras ideas y transitan diferentes contextos y \u00e9pocas.\u00a0<\/p>\n<p style=\"text-align: center;\">\u00a0***<\/p>\n<p><strong>Enrique Norten<\/strong> es Fundador y Director de TEN Arquitectos en la Ciudad de M\u00e9xico, Nueva York y Miami. Nacido en la Ciudad de M\u00e9xico, se gradu\u00f3 de la carrera de Arquitectura en la Universidad Iberoamericana en 1978 y en 1980 obtuvo la Maestr\u00eda en Arquitectura de la Universidad de Cornell.\u00a0<\/p>\n<p>En 1986 fund\u00f3 TEN Arquitectos (Taller de Enrique Norten), iniciando un compromiso con la creaci\u00f3n y la investigaci\u00f3n del urbanismo, la arquitectura y el dise\u00f1o con oficinas en la Ciudad de M\u00e9xico, Nueva York y Miami. Enrique Norten ha sido internacionalmente reconocido por su amplia trayectoria; en el 2021 recibi\u00f3 el Primer Premio Nacional De Arquitectura PPG Comex, en el 2018 recibi\u00f3 la Medalla Bellas Artes de la Secretar\u00eda de Colegio de Arquitectos de la Ciudad de M\u00e9xico, y en el 2005 el World Cultural Council le otorg\u00f3 el premio World Award- entre otros.\u00a0<\/p>\n<p>Fue profesor de la Universidad de Pensilvania con el Miller Chair desde 1998, adem\u00e1s de ser profesor visitante de Yale School of Architecture, Harvard Design School, las universidades de Michigan, UCLA, Cornell, SciArch, Rice, Columbia, Pratt, Parsons, entre otras. Fue profesor de la Universidad Iberoamericana de 1980-1990.\u00a0<\/p>\n<p><strong>Carme Pin\u00f3s\u00a0<\/strong><\/p>\n<p>Tras alcanzar reconocimiento internacional junto con Enric Miralles con proyectos como el Cementerio de Igualada o la Escuela Hogar en Morella, en el a\u00f1o 1991 Carme Pin\u00f3s fund\u00f3 su propio estudio.\u00a0<\/p>\n<p>Entre sus obras destacan el Hotel Son Brull en Mallorca, el MPavilion 2018 en Melbourne, la Escuela de Arte la Massana, el Caixaforum de Zaragoza, el Edificio de Departamentos en el Campus WU de Viena y las Torres Cube I y Cube II en Guadalajara (M\u00e9xico).\u00a0<\/p>\n<p>Ha recibido numerosos premios y menciones entre los que se encuentran el Arnold W. Brunner Memorial Prize (2022), el Premio Nacional de Arquitectura (2021), la Richard J. Neutra Medal (2016), la Creu de Sant Jordi (2015) o el Premio de Arquitectura Espa\u00f1ola del CSAE (1995).\u00a0<\/p>\n<p>Ha compaginado con la docencia su actividad como arquitecta, siendo profesora invitada, en la University of California \u2013 Berkeley, la Harvard University Graduate School of Design; la \u00c9cole Polytechnique F\u00e9d\u00e9rale de Lausanne o la Universit\u00e0 de Venezia, entre otros.\u00a0<\/p>\n<p><strong>Juan Pablo Serrano\u00a0<\/strong><\/p>\n<p>Egresado con honores de la Universidad Iberoamericana. Fundador de Serrano + WISHARC en 1993, combina la pr\u00e1ctica profesional con la docencia en su alma mater desde ese mismo a\u00f1o. Acad\u00e9mico de n\u00famero de la Academia Nacional de Arquitectura, es miembro activo de SUME y del CAM-SAM, adem\u00e1s de arquitecto certificado para APEC. Desde 2012 coordina la C\u00e1tedra Holcim en la Universidad Iberoamericana. Ha obtenido m\u00e1s de treinta premios nacionales e internacionales, con obras en M\u00e9xico, Estados Unidos, Colombia, Panam\u00e1, Per\u00fa y Chile, y ha sido profesor invitado y jurado en prestigiosas instituciones.\u00a0<\/p>\n<p><strong>Carlos A. Ruiz de Ch\u00e1vez\u00a0<\/strong><\/p>\n<p>Arquitecto por la Universidad La Salle, con Maestr\u00eda en Arquitectura y Ciudad por la Escuela T\u00e9cnica Superior de Arquitectura de Barcelona, Espa\u00f1a.\u00a0<\/p>\n<p>Fue fundador de la escuela de Arquitectura del Centro Universitario M\u00e9xico, Director de la escuela de Arquitectura de la Universidad An\u00e1huac, Vicepresidente de la Uni\u00f3n de Escuelas y Facultades de Arquitectura de Latinoam\u00e9rica y socio fundador del Centro Metropolitano de Arquitectura Sustentable.\u00a0<\/p>\n<p>Ha estado a cargo de la coordinaci\u00f3n general de proyectos como la rehabilitaci\u00f3n integral del corredor Av. Presidente Masaryk, el corredor cultural \u201cLuis Barrag\u00e1n\u201d en Tacubaya, el mejoramiento de la imagen urbana de la calle Rub\u00e9n Dar\u00edo y la integraci\u00f3n de proyectos de infraestructura social y cultural como el Cine Cosmos y el rescate del edificio de La Perulera, en el barrio de Tacuba.\u00a0<\/p>\n<p>Ha publicado diversos art\u00edculos de opini\u00f3n en revistas especializadas en Arquitectura y en diarios de circulaci\u00f3n nacional.\u00a0<\/p>\n<p>Actualmente es presidente de MONUMENTAL, asociaci\u00f3n privada dedicada a la difusi\u00f3n del Patrimonio Cultural edificado de M\u00e9xico a nivel internacional. Con convenios y proyectos con la Red Europea de Ferias del Patrimonio, con la Oficina del Historiador de La Habana, con el Colegio Oficial de Arquitectos de Madrid y con la Academia de Arte y Dise\u00f1o de la Universidad de Tsinghua en Pekin, entre otros. En 2023, MONUMENTAL recibi\u00f3 en Florencia, Italia, el Premio Palazzo Spinelli por la \u201cGesti\u00f3n y Valorizaci\u00f3n del Patrimonio Cultural en el mundo\u201d.\u00a0<\/p>\n","protected":false},"excerpt":{"rendered":"Fundaci\u00f3n Casa de M\u00e9xico en Espa\u00f1a invita a la presentaci\u00f3n del libro Ideas en tr\u00e1nsito. No construidos, de&hellip;\n","protected":false},"author":2,"featured_media":138276,"comment_status":"","ping_status":"","sticky":false,"template":"","format":"standard","meta":{"footnotes":""},"categories":[172],"tags":[224,146,147,25,24,225,23],"class_list":{"0":"post-138275","1":"post","2":"type-post","3":"status-publish","4":"format-standard","5":"has-post-thumbnail","7":"category-libros","8":"tag-books","9":"tag-entertainment","10":"tag-entretenimiento","11":"tag-es","12":"tag-espana","13":"tag-libros","14":"tag-spain"},"share_on_mastodon":{"url":"","error":""},"_links":{"self":[{"href":"https:\/\/www.europesays.com\/es\/wp-json\/wp\/v2\/posts\/138275","targetHints":{"allow":["GET"]}}],"collection":[{"href":"https:\/\/www.europesays.com\/es\/wp-json\/wp\/v2\/posts"}],"about":[{"href":"https:\/\/www.europesays.com\/es\/wp-json\/wp\/v2\/types\/post"}],"author":[{"embeddable":true,"href":"https:\/\/www.europesays.com\/es\/wp-json\/wp\/v2\/users\/2"}],"replies":[{"embeddable":true,"href":"https:\/\/www.europesays.com\/es\/wp-json\/wp\/v2\/comments?post=138275"}],"version-history":[{"count":0,"href":"https:\/\/www.europesays.com\/es\/wp-json\/wp\/v2\/posts\/138275\/revisions"}],"wp:featuredmedia":[{"embeddable":true,"href":"https:\/\/www.europesays.com\/es\/wp-json\/wp\/v2\/media\/138276"}],"wp:attachment":[{"href":"https:\/\/www.europesays.com\/es\/wp-json\/wp\/v2\/media?parent=138275"}],"wp:term":[{"taxonomy":"category","embeddable":true,"href":"https:\/\/www.europesays.com\/es\/wp-json\/wp\/v2\/categories?post=138275"},{"taxonomy":"post_tag","embeddable":true,"href":"https:\/\/www.europesays.com\/es\/wp-json\/wp\/v2\/tags?post=138275"}],"curies":[{"name":"wp","href":"https:\/\/api.w.org\/{rel}","templated":true}]}}