{"id":138290,"date":"2025-09-25T16:32:07","date_gmt":"2025-09-25T16:32:07","guid":{"rendered":"https:\/\/www.europesays.com\/es\/138290\/"},"modified":"2025-09-25T16:32:07","modified_gmt":"2025-09-25T16:32:07","slug":"estados-unidos-y-canada-despliegan-aviones-para-rastrear-aeronaves-militares-rusas-que-volaban-cerca-de-alaska-internacional","status":"publish","type":"post","link":"https:\/\/www.europesays.com\/es\/138290\/","title":{"rendered":"Estados Unidos y Canad\u00e1 despliegan aviones para rastrear aeronaves militares rusas que volaban cerca de Alaska | Internacional"},"content":{"rendered":"<p class=\"\">Estados Unidos y Canad\u00e1 desplegaron varias aeronaves para rastrear <a href=\"https:\/\/elpais.com\/internacional\/2025-09-19\/estonia-acusa-a-rusia-de-violar-su-espacio-aereo-con-tres-cazas.html\" target=\"_self\" rel=\"nofollow noopener\" title=\"https:\/\/elpais.com\/internacional\/2025-09-19\/estonia-acusa-a-rusia-de-violar-su-espacio-aereo-con-tres-cazas.html\">aviones militares rusos<\/a> que volaban cerca de <a href=\"https:\/\/elpais.com\/us\/2025-08-14\/alaska-se-prepara-para-la-reunion-entre-donald-trump-y-vladimir-putin.html\" target=\"_self\" rel=\"nofollow noopener\" title=\"https:\/\/elpais.com\/us\/2025-08-14\/alaska-se-prepara-para-la-reunion-entre-donald-trump-y-vladimir-putin.html\">Alaska <\/a>este mi\u00e9rcoles. El Comando de Defensa Aeroespacial de Am\u00e9rica del Norte (NORAD son sus siglas en ingl\u00e9s) inform\u00f3 de que sus aeronaves rastrearon dos bombarderos Tupolev Tu-95 y dos cazas de defensa a\u00e9rea Sukhoi.<\/p>\n<p class=\"\">El NORAD, comando conjunto estadounidense-canadiense, los detectaron en la Zona de Identificaci\u00f3n de Defensa A\u00e9rea de Alaska (ADIZ), a la que enviaron cuatro aviones cisterna y otro de vigilancia, as\u00ed como cuatro F-16. \u201cEl avi\u00f3n militar ruso [rastreado] se qued\u00f3 en el espacio a\u00e9reo internacional y no entr\u00f3 en el espacio a\u00e9reo soberano estadounidense ni canadiense. Esta actividad rusa en la ADIZ de Alaska ocurre con regularidad y no se considera una amenaza\u201d, afirm\u00f3 el NORAD en un comunicado divulgado este jueves.<\/p>\n<p class=\"\">La ADIZ es un \u00e1rea del espacio a\u00e9reo internacional vigilada por Estados Unidos y Canad\u00e1, que requiere la r\u00e1pida identificaci\u00f3n de todas las aeronaves por motivos de seguridad nacional compartida entre los dos pa\u00edses de Norteam\u00e9rica. <\/p>\n<p class=\"\">Seg\u00fan c\u00e1lculos de las autoridades estadounidenses, se han dado nueve situaciones similares en lo que va de a\u00f1o. La excepcionalidad de esta \u00faltima es que sucede despu\u00e9s de que Estonia anunciara que una aeronave rusa hab\u00eda violado el espacio a\u00e9reo de este pa\u00eds miembro de la OTAN.<\/p>\n<p class=\"\">El martes pasado, el presidente de Estados Unidos, Donald Trump, sostuvo durante una reuni\u00f3n con el ucranio <a href=\"https:\/\/elpais.com\/internacional\/2025-09-24\/zelenski-defiende-en-la-onu-la-necesidad-de-rearmarse-no-hay-garantias-de-seguridad-salvo-las-armas-y-los-amigos.html\" target=\"_self\" rel=\"nofollow noopener\" title=\"https:\/\/elpais.com\/internacional\/2025-09-24\/zelenski-defiende-en-la-onu-la-necesidad-de-rearmarse-no-hay-garantias-de-seguridad-salvo-las-armas-y-los-amigos.html\">Volod\u00edmir Zelenski<\/a> en el marco de la Asamblea Genera de la ONU que los pa\u00edses de la OTAN deber\u00edan derribar cualquier tipo de <a href=\"https:\/\/elpais.com\/internacional\/2025-09-23\/la-otan-analiza-la-crisis-abierta-por-la-violacion-del-espacio-aereo-europeo.html\" rel=\"nofollow noopener\" title=\"https:\/\/elpais.com\/internacional\/2025-09-23\/la-otan-analiza-la-crisis-abierta-por-la-violacion-del-espacio-aereo-europeo.html\" target=\"_blank\">aeronave rusa que sobrevuele el territorio de la Alianza<\/a>.<\/p>\n<p class=\"\">\u201cS\u00ed, lo creo\u201d, respondi\u00f3 a la pregunta de un reportero, <a href=\"https:\/\/elpais.com\/internacional\/2025-09-10\/von-der-kissinger.html\" rel=\"nofollow noopener\" title=\"https:\/\/elpais.com\/internacional\/2025-09-10\/von-der-kissinger.html\" target=\"_blank\">al comienzo de la reuni\u00f3n con Zelenski<\/a>. Al preguntarle si respaldar\u00eda a los aliados de la OTAN, el republicano contest\u00f3 que \u201cdepende\u201d de las circunstancias. Pero tambi\u00e9n matiz\u00f3 que, despu\u00e9s de que la organizaci\u00f3n se haya comprometido a un gasto militar del 5% del PIB nacional, su pa\u00eds est\u00e1 \u201ccon mucha fuerza junto a la OTAN\u201d.<\/p>\n<p class=\"\">Trump habl\u00f3 despu\u00e9s de una serie de <a href=\"https:\/\/elpais.com\/internacional\/2025-09-10\/la-otan-advierte-del-riesgo-de-escalada-tras-la-incursion-de-drones-rusos-en-polonia.html\" rel=\"nofollow noopener\" title=\"https:\/\/elpais.com\/internacional\/2025-09-10\/la-otan-advierte-del-riesgo-de-escalada-tras-la-incursion-de-drones-rusos-en-polonia.html\" target=\"_blank\">violaciones constantes<\/a> de aviones y drones rusos del espacio a\u00e9reo de Polonia, Rumania y Estonia a lo largo de las \u00faltimas semanas. <\/p>\n<p class=\"\">Adem\u00e1s, Dinamarca y Noruega investigan como una forma de ataque h\u00edbrido la incursi\u00f3n de drones en dos de sus aeropuertos. Los episodios han desatado las cr\u00edticas sobre la capacidad de disuasi\u00f3n de la Alianza, que ha prometido reforzarse a\u00fan m\u00e1s y recurrir, seg\u00fan un comunicado de la OTAN, a \u201ctodas las fuerzas militares y no militares necesarias\u201d para defenderse \u201cy disuadir todas las amenazas desde todas las direcciones\u201d.<\/p>\n<p class=\"\">El tratado de la OTAN exige en su art\u00edculo quinto a los socios el club defenderse mutuamente en caso de un ataque injustificado. <\/p>\n<p>Cambio de idea<\/p>\n<p class=\"\">Alaska fue el pasado 15 de agosto el escenario de una reuni\u00f3n entre Trump y el presidente ruso, Vlad\u00edmir Putin. Fue en una base militar de Anchorage, y en ese encuentro el presidente estadounidense no solo sac\u00f3 a su hom\u00f3logo ruso del aislamiento internacional en el que se hallaba y aparc\u00f3 las amenazas de imponer nuevos aranceles a Rusia para forzar un cambio de idea del Kremlin; tambi\u00e9n dio por buenas sus principales reclamaciones de Putin para empezar a hablar del final de la guerra: el control de la regi\u00f3n de Donb\u00e1s, en el este de Ucrania, a cambio de congelar la l\u00ednea del frente, tal y como est\u00e1 en Jers\u00f3n y Zaporiyia. En total, Rusia ha ocupado cerca de un 20% del pa\u00eds vecino.<\/p>\n<p class=\"\">Este lunes, Trump pareci\u00f3 haber cambiado en la idea tras su reuni\u00f3n con Zelenski, cuando afirm\u00f3 que Ucrania podr\u00eda recuperar todo el territorio ocupado por Rusia y volver a sus fronteras originales. \u201cCreo que (&#8230;) con el apoyo de la Uni\u00f3n Europea, est\u00e1 en posici\u00f3n de combatir y RECUPERAR todo (el suelo) de Ucrania de vuelta a su forma original\u201d, escribi\u00f3 el presidente estadounidense en un mensaje en su red social, Truth. <\/p>\n","protected":false},"excerpt":{"rendered":"Estados Unidos y Canad\u00e1 desplegaron varias aeronaves para rastrear aviones militares rusos que volaban cerca de Alaska este&hellip;\n","protected":false},"author":2,"featured_media":138291,"comment_status":"","ping_status":"","sticky":false,"template":"","format":"standard","meta":{"footnotes":""},"categories":[42],"tags":[9017,889,15606,17,18,3730,352,629,13,14,11,61,62,63,64,19,20,9,10,15,16,17921,1614,12,21,22,7083,65,66,67],"class_list":{"0":"post-138290","1":"post","2":"type-post","3":"status-publish","4":"format-standard","5":"has-post-thumbnail","7":"category-internacional","8":"tag-alaska","9":"tag-america","10":"tag-aviones-combate","11":"tag-breaking-news","12":"tag-breakingnews","13":"tag-canada","14":"tag-donald-trump","15":"tag-estados-unidos","16":"tag-featured-news","17":"tag-featurednews","18":"tag-headlines","19":"tag-internacional","20":"tag-international","21":"tag-international-news","22":"tag-internationalnews","23":"tag-latest-news","24":"tag-latestnews","25":"tag-news","26":"tag-noticias","27":"tag-noticias-destacadas","28":"tag-noticiasdestacadas","29":"tag-pentagono","30":"tag-rusia","31":"tag-titulares","32":"tag-ultimas-noticias","33":"tag-ultimasnoticias","34":"tag-vladimir-putin","35":"tag-world","36":"tag-world-news","37":"tag-worldnews"},"share_on_mastodon":{"url":"","error":""},"_links":{"self":[{"href":"https:\/\/www.europesays.com\/es\/wp-json\/wp\/v2\/posts\/138290","targetHints":{"allow":["GET"]}}],"collection":[{"href":"https:\/\/www.europesays.com\/es\/wp-json\/wp\/v2\/posts"}],"about":[{"href":"https:\/\/www.europesays.com\/es\/wp-json\/wp\/v2\/types\/post"}],"author":[{"embeddable":true,"href":"https:\/\/www.europesays.com\/es\/wp-json\/wp\/v2\/users\/2"}],"replies":[{"embeddable":true,"href":"https:\/\/www.europesays.com\/es\/wp-json\/wp\/v2\/comments?post=138290"}],"version-history":[{"count":0,"href":"https:\/\/www.europesays.com\/es\/wp-json\/wp\/v2\/posts\/138290\/revisions"}],"wp:featuredmedia":[{"embeddable":true,"href":"https:\/\/www.europesays.com\/es\/wp-json\/wp\/v2\/media\/138291"}],"wp:attachment":[{"href":"https:\/\/www.europesays.com\/es\/wp-json\/wp\/v2\/media?parent=138290"}],"wp:term":[{"taxonomy":"category","embeddable":true,"href":"https:\/\/www.europesays.com\/es\/wp-json\/wp\/v2\/categories?post=138290"},{"taxonomy":"post_tag","embeddable":true,"href":"https:\/\/www.europesays.com\/es\/wp-json\/wp\/v2\/tags?post=138290"}],"curies":[{"name":"wp","href":"https:\/\/api.w.org\/{rel}","templated":true}]}}