{"id":138292,"date":"2025-09-25T16:33:07","date_gmt":"2025-09-25T16:33:07","guid":{"rendered":"https:\/\/www.europesays.com\/es\/138292\/"},"modified":"2025-09-25T16:33:07","modified_gmt":"2025-09-25T16:33:07","slug":"nueve-de-cada-diez-espanoles-rechazan-el-retraso-de-la-edad-de-jubilacion-de-67-a-70-anos-economia","status":"publish","type":"post","link":"https:\/\/www.europesays.com\/es\/138292\/","title":{"rendered":"Nueve de cada diez espa\u00f1oles rechazan el retraso de la edad de jubilaci\u00f3n de 67 a 70 a\u00f1os | Econom\u00eda"},"content":{"rendered":"<p class=\"\">Hace unos meses Dinamarca fue <a href=\"https:\/\/elpais.com\/economia\/2025-05-23\/dinamarca-se-convierte-en-el-pais-con-la-edad-de-jubilacion-mas-alta-de-la-ue.html\" target=\"_self\" rel=\"nofollow noopener\" title=\"https:\/\/elpais.com\/economia\/2025-05-23\/dinamarca-se-convierte-en-el-pais-con-la-edad-de-jubilacion-mas-alta-de-la-ue.html\">el primer pa\u00eds europeo en retrasar la edad de jubilaci\u00f3n<\/a> a los 70 a\u00f1os. En Espa\u00f1a, la \u00faltima ampliaci\u00f3n de la edad de retiro fue en 2011, cuando se aprob\u00f3 <a href=\"https:\/\/elpais.com\/economia\/2024-12-16\/jubilarse-a-los-66-anos-y-6-meses-llega-a-su-fin-la-nueva-edad-de-retiro-de-2025.html\" target=\"_self\" rel=\"nofollow noopener\" title=\"https:\/\/elpais.com\/economia\/2024-12-16\/jubilarse-a-los-66-anos-y-6-meses-llega-a-su-fin-la-nueva-edad-de-retiro-de-2025.html\">un aumento progresivo de los 65 a los 67 a\u00f1os<\/a> (que ser\u00e1 edad legal de jubilaci\u00f3n desde 2027, salvo excepciones). Sin embargo, a las puertas de inaugurar los 67 a\u00f1os como l\u00edmite legal para jubilarse, los espa\u00f1oles <a href=\"https:\/\/elpais.com\/economia\/2025-07-03\/los-jovenes-deberan-retrasar-varios-anos-su-jubilacion-para-cobrar-una-pension-digna.html\" target=\"_self\" rel=\"nofollow noopener\" title=\"https:\/\/elpais.com\/economia\/2025-07-03\/los-jovenes-deberan-retrasar-varios-anos-su-jubilacion-para-cobrar-una-pension-digna.html\">no quieren ni o\u00edr hablar de un nuevo retraso hasta los 70 a\u00f1os<\/a>: nueve de cada diez personas en Espa\u00f1a (el 87%) rechaza esta ampliaci\u00f3n. Y la negativa es mayor entre los hombres (90%) que entre las mujeres (83%).<\/p>\n<p class=\"\">Esta es una de las principales conclusiones de la encuesta sobre el conocimiento que tiene la sociedad espa\u00f1ola del sistema de pensiones que ha realizado la profesora de Sociolog\u00eda de la Universidad Nacional a Distancia (UNED) e investigadora de Funcas Elisa Chuli\u00e1. En concreto, la Encuesta Funcas 2025 sobre Pensiones y Educaci\u00f3n Financiera ha preguntado a 1.200 residentes de entre 18 y 75 a\u00f1os, de los cuales 1.070 son de nacionalidad espa\u00f1ola.<\/p>\n<p class=\"\">La autora destaca que ante este rechazo generalizado a retrasar la edad de legal de jubilaci\u00f3n no sorprende que tambi\u00e9n sea elevado (el 76%) el porcentaje de personas en activo que, sin llegar al horizonte de los 70 a\u00f1os, <a href=\"https:\/\/elpais.com\/economia\/2025-07-11\/quieres-cobrar-el-100-de-la-pension-si-estas-pensando-en-jubilarte-tienes-que-estar-atento-a-todas-estas-variables.html\" target=\"_self\" rel=\"nofollow noopener\" title=\"https:\/\/elpais.com\/economia\/2025-07-11\/quieres-cobrar-el-100-de-la-pension-si-estas-pensando-en-jubilarte-tienes-que-estar-atento-a-todas-estas-variables.html\">tambi\u00e9n rechazan \u201ctrabajar m\u00e1s all\u00e1 de los 67 a\u00f1os\u201d<\/a>. Incluso un 61% de encuestados y un 64% de encuestadas afirman que les \u201cgustar\u00eda jubilarse antes de esa edad\u201d, manifestando la mayor\u00eda de ellos una preferencia por hacerlo entre los 61 y los 65 a\u00f1os. Solo un 15% de los encuestados con estudios universitarios y un 8% de las encuestadas con el mismo nivel formativo mantienen que les gustar\u00eda trabajar m\u00e1s all\u00e1 de los 67 a\u00f1os. <\/p>\n<p class=\"\">Si bien, en general, a la hora de abordar la duraci\u00f3n de las vidas laborales, la autora destaca que de los aproximadamente 8,2 millones de hombres y mujeres babyboomers (los nacidos entre 1958 y 1977) hasta medio mill\u00f3n (391.000 hombres y 99.000 mujeres) podr\u00edan estar plante\u00e1ndose prolongar su carrera laboral por encima de la edad legal de jubilaci\u00f3n. Adem\u00e1s, de los actuales pensionistas, casi tres de cada diez no ven con malos ojos volver a trabajar parcialmente cobrando una parte de la pensi\u00f3n y otra parte del salario proporcional a la jornada que realicen (esto es acogerse a <a href=\"https:\/\/elpais.com\/economia\/2025-09-23\/el-gobierno-se-abre-a-mejorar-la-pension-de-jubilados-forzosos-que-vuelvan-a-trabajar.html\" target=\"_self\" rel=\"nofollow noopener\" title=\"https:\/\/elpais.com\/economia\/2025-09-23\/el-gobierno-se-abre-a-mejorar-la-pension-de-jubilados-forzosos-que-vuelvan-a-trabajar.html\">la jubilaci\u00f3n flexible que el Gobierno va reformar en las pr\u00f3ximas semanas<\/a>) o a trav\u00e9s de la jubilaci\u00f3n activa. Aunque Chuli\u00e1 ha insistido en que esta posibilidad no depende tanto de los jubilados como de la disposici\u00f3n de las empresas a contratar a personas con sus cualificaciones y su disponibilidad. <\/p>\n<p class=\"\">El principal motivo por el cual los pa\u00edses retrasan la edad de jubilaci\u00f3n de sus ciudadanos o incentivan la prolongaci\u00f3n de sus vidas laborales suele ser la mala salud financiera de sus sistemas de pensiones (necesitan que se trabaje m\u00e1s tiempo y se cobre pensi\u00f3n durante menos a\u00f1os). Si bien, aunque esta encuesta no entra a evaluar la viabilidad econ\u00f3mica de las pensiones, de este trabajo s\u00ed se desprende que este motivo no est\u00e1 detr\u00e1s del rechazo de los espa\u00f1oles a trabajar m\u00e1s o menos a\u00f1os, ya que por lo general existe un \u201cprofundo\u201d desconocimiento de c\u00f3mo funcionan las pensiones en Espa\u00f1a, apuntan sus autores.<\/p>\n<p class=\"\">El t\u00edtulo de la presentaci\u00f3n de las conclusiones de esta encuesta para Funcas lo deja claro: Preocupada y un tanto desorientada: la sociedad espa\u00f1ola ante las pensiones. Seg\u00fan Chuli\u00e1, que ha presentado su trabajo para Funcas este martes, \u201cesta encuesta no es para polemizar ni generar debate sino para ser \u00fatiles (a los poderes p\u00fablicos) en el manejo de esta informaci\u00f3n\u201d.<\/p>\n<p>La desinformaci\u00f3n genera m\u00e1s ansiedad<\/p>\n<p class=\"\">De hecho, ha destacado que los resultados del muestreo reflejan, por una parte, el fuerte desconocimiento de c\u00f3mo funciona y se financia el sistema de pensiones de la inmensa mayor\u00eda de la poblaci\u00f3n. A la vez, indican la creciente preocupaci\u00f3n sobre el futuro de estas prestaciones, especialmente entre los j\u00f3venes. Chuli\u00e1 relaciona ambas cuestiones: \u201cEs probable que el desconocimiento genere m\u00e1s ansiedad. Y sabiendo que la mayor\u00eda conoce muy poco c\u00f3mo funciona el sistema es posible que haya mucha gente m\u00e1s preocupada de la cuenta\u201d<\/p>\n<p class=\"\">Para medir la ignorancia de los espa\u00f1oles sobre las pensiones se han realizado dos preguntas a los encuestados, que solo un 20% de la poblaci\u00f3n consultada ha respondido correctamente en ambos casos; y el 51% da una respuesta incorrecta a las dos preguntas. Seg\u00fan esto, ocho de cada diez espa\u00f1oles no sabe como funciona el sistema.<\/p>\n<p class=\"\">La primera de estas preguntas ha sido si conocen c\u00f3mo se pagan fundamentalmente las pensiones de los actuales jubilados. La respuesta correcta habr\u00eda sido contestar: con las cotizaciones sociales que pagan los trabajadores en activo; aunque tambi\u00e9n hubiera sido correcto responder que con cotizaciones e impuestos, ya que una parte de las prestaciones se financia de manera creciente con la imposici\u00f3n genera. Menos de la mitad de los encuestados ha respondido correctamente. <\/p>\n<p class=\"\">En concreto, el 46% ha citado las cotizaciones de los trabajadores en activo, a los que se pueden sumar el 3% que ha optado cotizaciones sociales actuales e impuestos. De esta forma rozan la mitad de la muestra (49%) quienes s\u00ed saben como se pagan las prestaciones de jubilaci\u00f3n. Por el contrario, algo menos de uno de cada cinco (el 17%) piensa err\u00f3neamente que las pensiones se financian con \u201clas cotizaciones que pagaron los pensionistas cuando trabajaban\u201d. Y esta opci\u00f3n es a\u00fan mayor entre los propios jubilados actuales: uno de cada cuatro (el 26%) piensa que su pensi\u00f3n se abona mes tras mes con lo que pagaron ellos cuando trabajaban, en lugar de con lo que pagan los ocupados actuales.<\/p>\n<p class=\"\">Con la segunda pregunta, esta encuesta trataba de determinar si, en t\u00e9rminos generales, los espa\u00f1oles saben c\u00f3mo de generosas son las pensiones y a este respecto el desconocimiento de los ciudadanos es incluso mayor. Dos terceras partes dijeron que <a href=\"https:\/\/elpais.com\/economia\/2025-08-26\/la-pension-media-de-los-autonomos-toca-maximos-y-se-consolida-por-encima-de-los-1000-euros.html\" target=\"_self\" rel=\"nofollow noopener\" title=\"https:\/\/elpais.com\/economia\/2025-08-26\/la-pension-media-de-los-autonomos-toca-maximos-y-se-consolida-por-encima-de-los-1000-euros.html\">la pensi\u00f3n media de jubilaci\u00f3n era m\u00e1s baja o mucho m\u00e1s baja que el salario m\u00ednimo<\/a>, cuando esto no es ni mucho menos as\u00ed.<\/p>\n<p class=\"\">En el momento de realizaci\u00f3n de la encuesta (entre el 1 y el 13 de septiembre pasados) la pensi\u00f3n media de jubilaci\u00f3n superaba ligeramente los 1.500 euros (por 14 pagas), mientras que la pensi\u00f3n media del sistema de pensiones, calculada incluyendo todas las clases de pensi\u00f3n (jubilaci\u00f3n, incapacidad permanente, viudedad, orfandad y en favor de familiares), rebasaba los 1.300 euros. Ambas cifras se hallaban, por tanto, por encima de los 1.200 euros aproximados del SMI.<\/p>\n<p class=\"\">Sin embargo, para el 30% de los encuestados la pensi\u00f3n media de jubilaci\u00f3n es \u201cbastante menor\u201d al salario m\u00ednimo y para otro 36% es \u201calgo menor\u201d, por lo que el 66% est\u00e1n equivocados y \u201calbergan mayoritariamente la creencia de que el sistema de pensiones rinde menos de lo que efectivamente rinde\u201d, se\u00f1ala Chuli\u00e1.<\/p>\n<p class=\"\">Esta soci\u00f3loga ha dicho entender esta confusi\u00f3n debido a que es cierto que casi la mitad de las pensiones contributivas no llega al salario m\u00ednimo y, por eso, mucha gente o recibe pensiones m\u00e1s bajas o conoce a alguien que las cobra\u00bb. Pero, dicho esto, ha a\u00f1adido: \u201cExplicarlo o entenderlo no nos debe de llevar a aceptarlo. Y dif\u00edcilmente la sociedad puede participar de un debate sobre el sistema de pensiones si no se les da la informaci\u00f3n suficiente\u201d. <\/p>\n<p class=\"\">En este punto llega la creciente y extendida preocupaci\u00f3n por la suficiencia de las futuras pensiones que tambi\u00e9n pone de manifiesto las conclusiones de la encuesta. As\u00ed, a casi siete de cada diez espa\u00f1oles (el 67%) le preocupa mucho o bastante, la posibilidad de que su futura pensi\u00f3n no sea suficiente para vivir sin aprietos. En especial, las mujeres mayores de 60 a\u00f1os est\u00e1n m\u00e1s preocupadas por esta cuesti\u00f3n (el 76% mucho o bastante). Si bien es mayor la inquietud, sobre todo entre los hombres de 18 y 30 a\u00f1os y las mujeres de entre 21 y 45 a\u00f1os, sobre la posibilidad de que dentro de diez a\u00f1os las pensiones ser\u00e1n m\u00e1s reducidas: el 80% de estos dos colectivos lo opina as\u00ed. <\/p>\n","protected":false},"excerpt":{"rendered":"Hace unos meses Dinamarca fue el primer pa\u00eds europeo en retrasar la edad de jubilaci\u00f3n a los 70&hellip;\n","protected":false},"author":2,"featured_media":138293,"comment_status":"","ping_status":"","sticky":false,"template":"","format":"standard","meta":{"footnotes":""},"categories":[8],"tags":[17,18,43480,95,5509,25,24,13,14,11,8881,19,20,9,10,15,16,43479,12865,16297,23,12,2752,21,22],"class_list":{"0":"post-138292","1":"post","2":"type-post","3":"status-publish","4":"format-standard","5":"has-post-thumbnail","7":"category-espana","8":"tag-breaking-news","9":"tag-breakingnews","10":"tag-cotizacion-seguridad-social","11":"tag-economia","12":"tag-empleo","13":"tag-es","14":"tag-espana","15":"tag-featured-news","16":"tag-featurednews","17":"tag-headlines","18":"tag-jubilacion","19":"tag-latest-news","20":"tag-latestnews","21":"tag-news","22":"tag-noticias","23":"tag-noticias-destacadas","24":"tag-noticiasdestacadas","25":"tag-pension-jubilacion","26":"tag-pensiones","27":"tag-pensionistas","28":"tag-spain","29":"tag-titulares","30":"tag-trabajo","31":"tag-ultimas-noticias","32":"tag-ultimasnoticias"},"share_on_mastodon":{"url":"","error":""},"_links":{"self":[{"href":"https:\/\/www.europesays.com\/es\/wp-json\/wp\/v2\/posts\/138292","targetHints":{"allow":["GET"]}}],"collection":[{"href":"https:\/\/www.europesays.com\/es\/wp-json\/wp\/v2\/posts"}],"about":[{"href":"https:\/\/www.europesays.com\/es\/wp-json\/wp\/v2\/types\/post"}],"author":[{"embeddable":true,"href":"https:\/\/www.europesays.com\/es\/wp-json\/wp\/v2\/users\/2"}],"replies":[{"embeddable":true,"href":"https:\/\/www.europesays.com\/es\/wp-json\/wp\/v2\/comments?post=138292"}],"version-history":[{"count":0,"href":"https:\/\/www.europesays.com\/es\/wp-json\/wp\/v2\/posts\/138292\/revisions"}],"wp:featuredmedia":[{"embeddable":true,"href":"https:\/\/www.europesays.com\/es\/wp-json\/wp\/v2\/media\/138293"}],"wp:attachment":[{"href":"https:\/\/www.europesays.com\/es\/wp-json\/wp\/v2\/media?parent=138292"}],"wp:term":[{"taxonomy":"category","embeddable":true,"href":"https:\/\/www.europesays.com\/es\/wp-json\/wp\/v2\/categories?post=138292"},{"taxonomy":"post_tag","embeddable":true,"href":"https:\/\/www.europesays.com\/es\/wp-json\/wp\/v2\/tags?post=138292"}],"curies":[{"name":"wp","href":"https:\/\/api.w.org\/{rel}","templated":true}]}}