{"id":138373,"date":"2025-09-25T17:20:30","date_gmt":"2025-09-25T17:20:30","guid":{"rendered":"https:\/\/www.europesays.com\/es\/138373\/"},"modified":"2025-09-25T17:20:30","modified_gmt":"2025-09-25T17:20:30","slug":"condenan-al-expresidente-de-francia-nicolas-sarkozy-a-cinco-anos-de-prision","status":"publish","type":"post","link":"https:\/\/www.europesays.com\/es\/138373\/","title":{"rendered":"Condenan al expresidente de Francia Nicolas Sarkozy a cinco a\u00f1os de prisi\u00f3n"},"content":{"rendered":"<p>      AP<br \/>\n        \u00a0\u2014\u00a0<\/p>\n<p class=\"paragraph inline-placeholder vossi-paragraph\" data-uri=\"es.cms.cnn.com\/_components\/paragraph\/instances\/cmfzbrf6l005a26p4ao0m2aeo@published\" data-editable=\"text\" data-component-name=\"paragraph\" data-article-gutter=\"true\">\n            Un tribunal de Par\u00eds conden\u00f3 al expresidente franc\u00e9s Nicolas Sarkozy a cinco a\u00f1os de prisi\u00f3n y \u2014en una decisi\u00f3n sorpresiva\u2014 dijo que deber\u00e1 ir a prisi\u00f3n incluso si apela, tras declararlo culpable este jueves en el juicio por presunto financiamiento de campa\u00f1a por parte de Libia.\n    <\/p>\n<p class=\"paragraph inline-placeholder vossi-paragraph\" data-uri=\"es.cms.cnn.com\/_components\/paragraph\/instances\/cmfzdc5ad0008356n5i6zrok3@published\" data-editable=\"text\" data-component-name=\"paragraph\" data-article-gutter=\"true\">\n            El tribunal se\u00f1al\u00f3 que la fecha de su encarcelamiento se decidir\u00e1 m\u00e1s adelante, lo que le evita as\u00ed al hombre de 70 a\u00f1os la humillaci\u00f3n de ser escoltado fuera de la sala por agentes de polic\u00eda y llevado directamente a la c\u00e1rcel.\n    <\/p>\n<p class=\"paragraph inline-placeholder vossi-paragraph\" data-uri=\"es.cms.cnn.com\/_components\/paragraph\/instances\/cmfzbtwpe0005356nb8drp5he@published\" data-editable=\"text\" data-component-name=\"paragraph\" data-article-gutter=\"true\">\n            El tribunal hall\u00f3 culpable a Sarkozy de asociaci\u00f3n delictiva en un complot entre 2005 y 2007 para financiar su campa\u00f1a con fondos de Libia a cambio de favores diplom\u00e1ticos. Sin embargo, lo absolvi\u00f3 de otros tres cargos, incluidos corrupci\u00f3n pasiva, financiamiento ilegal de campa\u00f1a y encubrimiento de malversaci\u00f3n de fondos p\u00fablicos.\n    <\/p>\n<p class=\"paragraph inline-placeholder vossi-paragraph\" data-uri=\"es.cms.cnn.com\/_components\/paragraph\/instances\/cmfzd5x8u0000356nnr2l4qut@published\" data-editable=\"text\" data-component-name=\"paragraph\" data-article-gutter=\"true\">\n            El tribunal tambi\u00e9n declar\u00f3 culpables de asociaci\u00f3n criminal a dos de los colaboradores m\u00e1s cercanos de Sarkozy cuando era presidente \u2014los exministros Claude Gu\u00e9ant y Brice Hortefeux\u2014, pero igualmente los absolvi\u00f3 de otros cargos.\n    <\/p>\n<p class=\"paragraph inline-placeholder vossi-paragraph\" data-uri=\"es.cms.cnn.com\/_components\/paragraph\/instances\/cmfzdg879000g356nqqizy005@published\" data-editable=\"text\" data-component-name=\"paragraph\" data-article-gutter=\"true\">\n            En general, el fallo sugiere que el tribunal consider\u00f3 que los hombres conspiraron para buscar financiamiento libio para la campa\u00f1a de Sarkozy en 2007, pero que los jueces no estaban convencidos de que el propio l\u00edder conservador estuviera directamente involucrado en la obtenci\u00f3n de ese financiamiento o de que alg\u00fan dinero libio terminara siendo utilizado en su campa\u00f1a ganadora.\n    <\/p>\n<p class=\"paragraph inline-placeholder vossi-paragraph\" data-uri=\"es.cms.cnn.com\/_components\/paragraph\/instances\/cmfzdjjpw000l356nygmjwo0k@published\" data-editable=\"text\" data-component-name=\"paragraph\" data-article-gutter=\"true\">\n            La jueza principal, en una lectura de horas del extenso veredicto, dijo que Sarkozy permiti\u00f3 que sus colaboradores cercanos contactaran a las autoridades libias \u201cpara obtener o intentar obtener apoyo financiero en Libia con el prop\u00f3sito de asegurar el financiamiento de la campa\u00f1a\u201d. \u00c9l permaneci\u00f3 de pie mientras ella le\u00eda el veredicto.\n    <\/p>\n<p class=\"paragraph inline-placeholder vossi-paragraph\" data-uri=\"es.cms.cnn.com\/_components\/paragraph\/instances\/cmfzdjjpw000m356nztesii8l@published\" data-editable=\"text\" data-component-name=\"paragraph\" data-article-gutter=\"true\">\n            Pero el tribunal tambi\u00e9n dijo que no pod\u00eda determinar con certeza que el dinero libio terminara financiando la campa\u00f1a de Sarkozy. Aun as\u00ed, seg\u00fan la ley francesa, un esquema corrupto puede seguir siendo un delito incluso si el dinero no fue pagado o no puede ser probado, explic\u00f3 el tribunal.\n    <\/p>\n<p class=\"paragraph inline-placeholder vossi-paragraph\" data-uri=\"es.cms.cnn.com\/_components\/paragraph\/instances\/cmfzbtwpf0006356nmwg3rktn@published\" data-editable=\"text\" data-component-name=\"paragraph\" data-article-gutter=\"true\">\n            Sarkozy, acompa\u00f1ado de su esposa, la cantante y modelo Carla Bruni-Sarkozy, estuvo presente en la sala del tribunal, que tambi\u00e9n estaba llena de periodistas y miembros del p\u00fablico. Sarkozy se sent\u00f3 en la primera fila de los asientos de los acusados. Sus tres hijos adultos tambi\u00e9n estaban en la sala.\n    <\/p>\n<p class=\"paragraph inline-placeholder vossi-paragraph\" data-uri=\"es.cms.cnn.com\/_components\/paragraph\/instances\/cmfzbtwpf0007356nqnuks5i1@published\" data-editable=\"text\" data-component-name=\"paragraph\" data-article-gutter=\"true\">\n            Con el veredicto, Sarkozy, de 70 a\u00f1os, se convierte en el primer expresidente de Francia en ser declarado culpable de aceptar fondos extranjeros ilegales para ganar el cargo.\n    <\/p>\n<p class=\"paragraph inline-placeholder vossi-paragraph\" data-uri=\"es.cms.cnn.com\/_components\/paragraph\/instances\/cmfzbtwpf0008356ne6quwa34@published\" data-editable=\"text\" data-component-name=\"paragraph\" data-article-gutter=\"true\">\n            Sarkozy, quien fue elegido en 2007, pero perdi\u00f3 la reelecci\u00f3n en 2012, neg\u00f3 cualquier delito durante un juicio que se extendi\u00f3 por tres meses en el que tambi\u00e9n estuvieron implicados 11 coacusados, incluidos tres exministros.\n    <\/p>\n<p class=\"paragraph inline-placeholder vossi-paragraph\" data-uri=\"es.cms.cnn.com\/_components\/paragraph\/instances\/cmfzbtwpf0009356nx5wlygfr@published\" data-editable=\"text\" data-component-name=\"paragraph\" data-article-gutter=\"true\">\n            A pesar de los m\u00faltiples esc\u00e1ndalos legales que han empa\u00f1ado su legado presidencial, Sarkozy sigue siendo una figura influyente en la pol\u00edtica de la derecha de Francia y en los c\u00edrculos del entretenimiento, gracias a su matrimonio con Bruni-Sarkozy.\n    <\/p>\n<p class=\"paragraph inline-placeholder vossi-paragraph\" data-uri=\"es.cms.cnn.com\/_components\/paragraph\/instances\/cmfzdjice000j356nl25mar1u@published\" data-editable=\"text\" data-component-name=\"paragraph\" data-article-gutter=\"true\">\n            Las acusaciones tienen su origen en 2011, cuando una agencia de noticias libia y el propio Gadhafi dijeron que el Estado libio hab\u00eda canalizado en secreto millones de euros a la campa\u00f1a de Sarkozy de 2007.\n    <\/p>\n<p class=\"paragraph inline-placeholder vossi-paragraph\" data-uri=\"es.cms.cnn.com\/_components\/paragraph\/instances\/cmfzdp1fk000t356nbgv4j2h7@published\" data-editable=\"text\" data-component-name=\"paragraph\" data-article-gutter=\"true\">\n            En 2012, el medio de investigaci\u00f3n franc\u00e9s Mediapart public\u00f3 lo que dijo era un memorando de inteligencia libio que hac\u00eda referencia a un acuerdo de financiamiento de 50 millones de euros. Sarkozy denunci\u00f3 el documento como una falsificaci\u00f3n y demand\u00f3 por difamaci\u00f3n. El tribunal dictamin\u00f3 este jueves que \u201cahora parece m\u00e1s probable que este documento sea una falsificaci\u00f3n\u201d.\n    <\/p>\n<p class=\"paragraph inline-placeholder vossi-paragraph\" data-uri=\"es.cms.cnn.com\/_components\/paragraph\/instances\/cmfzdp1fk000u356n1mao09xs@published\" data-editable=\"text\" data-component-name=\"paragraph\" data-article-gutter=\"true\">\n            Los investigadores tambi\u00e9n examinaron una serie de viajes a Libia realizados por personas cercanas a Sarkozy cuando se desempe\u00f1\u00f3 como ministro del Interior entre 2005 y 2007, incluido su jefe de gabinete.\n    <\/p>\n<p class=\"paragraph inline-placeholder vossi-paragraph\" data-uri=\"es.cms.cnn.com\/_components\/paragraph\/instances\/cmfzdp1fk000v356nz7416btg@published\" data-editable=\"text\" data-component-name=\"paragraph\" data-article-gutter=\"true\">\n            En 2016, el empresario franco-liban\u00e9s Ziad Takieddine dijo a Mediapart que hab\u00eda entregado maletas llenas de dinero en efectivo desde Tr\u00edpoli al Ministerio del Interior franc\u00e9s bajo el mando de Sarkozy. Posteriormente, se retract\u00f3 de su declaraci\u00f3n.\n    <\/p>\n<p class=\"paragraph inline-placeholder vossi-paragraph\" data-uri=\"es.cms.cnn.com\/_components\/paragraph\/instances\/cmfzdp1fk000w356nv58x9ijf@published\" data-editable=\"text\" data-component-name=\"paragraph\" data-article-gutter=\"true\">\n            Ese cambio de versi\u00f3n es ahora el foco de una investigaci\u00f3n separada sobre una posible manipulaci\u00f3n de testigos. Tanto Sarkozy como su esposa recibieron cargos preliminares por su presunta participaci\u00f3n en intentos de presionar a Takieddine. Ese caso a\u00fan no ha llegado a juicio.\n    <\/p>\n<p class=\"paragraph inline-placeholder vossi-paragraph\" data-uri=\"es.cms.cnn.com\/_components\/paragraph\/instances\/cmfzdp1fk000x356nki8u8odf@published\" data-editable=\"text\" data-component-name=\"paragraph\" data-article-gutter=\"true\">\n            Takieddine, quien era uno de los coacusados, muri\u00f3 el martes pasado en Beirut. Ten\u00eda 75 a\u00f1os. Hab\u00eda huido al L\u00edbano en 2020 y no asisti\u00f3 al juicio.\n    <\/p>\n<p class=\"paragraph inline-placeholder vossi-paragraph\" data-uri=\"es.cms.cnn.com\/_components\/paragraph\/instances\/cmfzdp1fk000y356na0kfinca@published\" data-editable=\"text\" data-component-name=\"paragraph\" data-article-gutter=\"true\">\n            Los fiscales alegaron que Sarkozy se hab\u00eda beneficiado a sabiendas de lo que describieron como un \u201cpacto de corrupci\u00f3n\u201d con el gobierno de Gadhafi.\n    <\/p>\n<p class=\"paragraph inline-placeholder vossi-paragraph\" data-uri=\"es.cms.cnn.com\/_components\/paragraph\/instances\/cmfzdp1fk000z356n1i0iwgsp@published\" data-editable=\"text\" data-component-name=\"paragraph\" data-article-gutter=\"true\">\n            El dictador libio de larga data fue derrocado y asesinado en un levantamiento en 2011, lo que puso fin a su gobierno de cuatro d\u00e9cadas en el pa\u00eds norteafricano.\n    <\/p>\n<p class=\"paragraph inline-placeholder vossi-paragraph\" data-uri=\"es.cms.cnn.com\/_components\/paragraph\/instances\/cmfzbtwpf000a356n8fx2ipy5@published\" data-editable=\"text\" data-component-name=\"paragraph\" data-article-gutter=\"true\">\n            El juicio arroj\u00f3 luz sobre las conversaciones secretas de Francia con Libia en la d\u00e9cada del 2000, cuando Gadhafi buscaba restablecer lazos diplom\u00e1ticos con Occidente. Antes de eso, Libia era considerada un Estado paria.\n    <\/p>\n<p class=\"paragraph inline-placeholder vossi-paragraph\" data-uri=\"es.cms.cnn.com\/_components\/paragraph\/instances\/cmfzbtwpf000c356n411pge31@published\" data-editable=\"text\" data-component-name=\"paragraph\" data-article-gutter=\"true\">\n            Sarkozy ha rechazado las acusaciones por considerar que est\u00e1n motivadas pol\u00edticamente y basadas en pruebas falsas. Durante el juicio, denunci\u00f3 un \u201ccomplot\u201d que, seg\u00fan \u00e9l, fue orquestado por \u201cmentirosos y estafadores\u201d, incluido el \u201cclan Gadhafi\u201d.\n    <\/p>\n<p class=\"paragraph inline-placeholder vossi-paragraph\" data-uri=\"es.cms.cnn.com\/_components\/paragraph\/instances\/cmfzbtwpf000d356nz8faxb92@published\" data-editable=\"text\" data-component-name=\"paragraph\" data-article-gutter=\"true\">\n            Sugiri\u00f3 que las acusaciones de financiamiento de campa\u00f1a eran una represalia por su llamado \u2014como presidente de Francia\u2014 a la destituci\u00f3n de Gadhafi.\n    <\/p>\n<p class=\"paragraph inline-placeholder vossi-paragraph\" data-uri=\"es.cms.cnn.com\/_components\/paragraph\/instances\/cmfzbtwpf000e356nhtyoccxe@published\" data-editable=\"text\" data-component-name=\"paragraph\" data-article-gutter=\"true\">\n            Sarkozy fue uno de los primeros l\u00edderes occidentales en impulsar la intervenci\u00f3n militar en Libia en 2011, cuando las protestas prodemocr\u00e1ticas de la Primavera \u00c1rabe sacudieron el mundo \u00e1rabe.\n    <\/p>\n<p class=\"paragraph inline-placeholder vossi-paragraph\" data-uri=\"es.cms.cnn.com\/_components\/paragraph\/instances\/cmfzbtwpf000f356n43rhm55f@published\" data-editable=\"text\" data-component-name=\"paragraph\" data-article-gutter=\"true\">\n            \u201c\u00bfQu\u00e9 credibilidad puede d\u00e1rsele a tales declaraciones marcadas por el sello de la venganza?\u201d, pregunt\u00f3 Sarkozy durante el juicio.\n    <\/p>\n<p class=\"paragraph inline-placeholder vossi-paragraph\" data-uri=\"es.cms.cnn.com\/_components\/paragraph\/instances\/cmfzbtwpf000g356nhhfdhc5y@published\" data-editable=\"text\" data-component-name=\"paragraph\" data-article-gutter=\"true\">\n            En junio, Sarkozy fue despojado de su medalla de la Legi\u00f3n de Honor \u2014el mayor galard\u00f3n de Francia\u2014 tras su condena en otro caso judicial.\n    <\/p>\n<p class=\"paragraph inline-placeholder vossi-paragraph\" data-uri=\"es.cms.cnn.com\/_components\/paragraph\/instances\/cmfzbtwpf000h356n1bkjcc07@published\" data-editable=\"text\" data-component-name=\"paragraph\" data-article-gutter=\"true\">\n            Anteriormente, fue declarado culpable de corrupci\u00f3n y tr\u00e1fico de influencias por intentar sobornar a un magistrado, en 2014, a cambio de informaci\u00f3n sobre un caso legal en el que estaba implicado.\n    <\/p>\n<p class=\"paragraph inline-placeholder vossi-paragraph\" data-uri=\"es.cms.cnn.com\/_components\/paragraph\/instances\/cmfzbtwpf000i356nzn5s6wpk@published\" data-editable=\"text\" data-component-name=\"paragraph\" data-article-gutter=\"true\">\n            Sarkozy fue condenado a llevar un brazalete electr\u00f3nico de vigilancia durante un a\u00f1o. Se le concedi\u00f3 libertad condicional en mayo debido a su edad, lo que le permiti\u00f3 quitarse el brazalete despu\u00e9s de haberlo llevado poco m\u00e1s de tres meses.\n    <\/p>\n<p class=\"paragraph inline-placeholder vossi-paragraph\" data-uri=\"es.cms.cnn.com\/_components\/paragraph\/instances\/cmfzbtwpf000j356nm4nl0khy@published\" data-editable=\"text\" data-component-name=\"paragraph\" data-article-gutter=\"true\">\n            En otro caso del a\u00f1o pasado, Sarkozy fue condenado por financiamiento ilegal de campa\u00f1a en su fallido intento de reelecci\u00f3n en 2012. Se le acus\u00f3 de haber gastado casi el doble del monto legal m\u00e1ximo y fue sentenciado a un a\u00f1o de prisi\u00f3n, de los cuales seis meses quedaron en suspenso.\n    <\/p>\n<p class=\"paragraph inline-placeholder vossi-paragraph\" data-uri=\"es.cms.cnn.com\/_components\/paragraph\/instances\/cmfzbtwpf000k356nb3tpkpp8@published\" data-editable=\"text\" data-component-name=\"paragraph\" data-article-gutter=\"true\">\n            Sarkozy ha negado las acusaciones. Ha apelado ese veredicto ante el Tribunal de Casaci\u00f3n, y esa apelaci\u00f3n est\u00e1 pendiente.\n    <\/p>\n","protected":false},"excerpt":{"rendered":"AP \u00a0\u2014\u00a0 Un tribunal de Par\u00eds conden\u00f3 al expresidente franc\u00e9s Nicolas Sarkozy a cinco a\u00f1os de prisi\u00f3n y&hellip;\n","protected":false},"author":2,"featured_media":138374,"comment_status":"","ping_status":"","sticky":false,"template":"","format":"standard","meta":{"footnotes":""},"categories":[5],"tags":[17,18,793,25,24,13,14,11,19,20,9,19569,10,15,16,23,12,21,22],"class_list":{"0":"post-138373","1":"post","2":"type-post","3":"status-publish","4":"format-standard","5":"has-post-thumbnail","7":"category-titulares","8":"tag-breaking-news","9":"tag-breakingnews","10":"tag-condena","11":"tag-es","12":"tag-espana","13":"tag-featured-news","14":"tag-featurednews","15":"tag-headlines","16":"tag-latest-news","17":"tag-latestnews","18":"tag-news","19":"tag-nicolas-sarkozy","20":"tag-noticias","21":"tag-noticias-destacadas","22":"tag-noticiasdestacadas","23":"tag-spain","24":"tag-titulares","25":"tag-ultimas-noticias","26":"tag-ultimasnoticias"},"share_on_mastodon":{"url":"","error":""},"_links":{"self":[{"href":"https:\/\/www.europesays.com\/es\/wp-json\/wp\/v2\/posts\/138373","targetHints":{"allow":["GET"]}}],"collection":[{"href":"https:\/\/www.europesays.com\/es\/wp-json\/wp\/v2\/posts"}],"about":[{"href":"https:\/\/www.europesays.com\/es\/wp-json\/wp\/v2\/types\/post"}],"author":[{"embeddable":true,"href":"https:\/\/www.europesays.com\/es\/wp-json\/wp\/v2\/users\/2"}],"replies":[{"embeddable":true,"href":"https:\/\/www.europesays.com\/es\/wp-json\/wp\/v2\/comments?post=138373"}],"version-history":[{"count":0,"href":"https:\/\/www.europesays.com\/es\/wp-json\/wp\/v2\/posts\/138373\/revisions"}],"wp:featuredmedia":[{"embeddable":true,"href":"https:\/\/www.europesays.com\/es\/wp-json\/wp\/v2\/media\/138374"}],"wp:attachment":[{"href":"https:\/\/www.europesays.com\/es\/wp-json\/wp\/v2\/media?parent=138373"}],"wp:term":[{"taxonomy":"category","embeddable":true,"href":"https:\/\/www.europesays.com\/es\/wp-json\/wp\/v2\/categories?post=138373"},{"taxonomy":"post_tag","embeddable":true,"href":"https:\/\/www.europesays.com\/es\/wp-json\/wp\/v2\/tags?post=138373"}],"curies":[{"name":"wp","href":"https:\/\/api.w.org\/{rel}","templated":true}]}}