{"id":138379,"date":"2025-09-25T17:23:08","date_gmt":"2025-09-25T17:23:08","guid":{"rendered":"https:\/\/www.europesays.com\/es\/138379\/"},"modified":"2025-09-25T17:23:08","modified_gmt":"2025-09-25T17:23:08","slug":"joel-alvarez-se-estrenara-en-el-peso-welter-de-ufc-frente-a-vicente-luque-en-octubre","status":"publish","type":"post","link":"https:\/\/www.europesays.com\/es\/138379\/","title":{"rendered":"Joel \u00c1lvarez se estrenar\u00e1 en el peso w\u00e9lter de UFC frente a Vicente Luque en octubre"},"content":{"rendered":"<p class=\"c-paragraph\"><b\/>Ya tenemos fecha de regreso para Joel \u00c1lvarez en UFC. Ser\u00e1 el pr\u00f3ximo 11 de octubre en Brasil. Seg\u00fan ha informado <a href=\"https:\/\/www.instagram.com\/p\/DO8yl1KAoJX\/\" rel=\"nofollow noreferrer noopener\" target=\"_blank\">ABC<\/a>,<b> el luchador asturiano se medir\u00e1 a Vicente Luque, toda una leyenda de las MMA<\/b>. Luque deb\u00eda enfrentarse a otro rival, el argentino Santiago Ponzinibbio, pero este se ha visto obligado a retirarse por una lesi\u00f3n.<\/p>\n<p class=\"c-paragraph\">El chileno-brasile\u00f1o pertenece a la categor\u00eda del peso w\u00e9lter, con lo que este combate constituir\u00e1 el debut de \u00c1lvarez en esta divisi\u00f3n. <b>Hasta ahora, el luchador de Gij\u00f3n hab\u00eda competido en el peso ligero<\/b> (en la que ahora Topuria es campe\u00f3n), pero ha tenido problemas para dar el peso en alguna ocasi\u00f3n. Hay que tener en cuenta que Joel \u00c1lvarez mide algo m\u00e1s de 1,90, con lo que bajar hasta los setenta kilos es muy complicado.<\/p>\n<p class=\"c-paragraph\">Vicente Luque es un reputado striker, aunque en los \u00faltimos tiempos ha ganado algunos combates por sumisi\u00f3n. En cualquier caso, <b>su base es el kickboxing y, a partir de ah\u00ed, el brasile\u00f1o se va desplegando en las peleas<\/b>. Se trata, por tanto, de un luchador con un estilo que le viene bien al espa\u00f1ol.<\/p>\n<p class=\"c-paragraph\">Vicente Luque es un veterano que ha estado muy cerca de pelear por el cintur\u00f3n del peso w\u00e9lter de UFC. En su haber hay <b>victorias frente a Belal Muhammad, Tyron Woodley o Mike Perry<\/b>. Gracias a estas victorias ha conseguido ser reconocido en varias ocasiones con el galard\u00f3n de \u201cactuaci\u00f3n de la noche\u201d.<\/p>\n<p class=\"c-paragraph\">Joel \u00c1lvarez viene de tres victorias consecutivas, una frente a <b>Marc Diakiese, otra contra Elves Brenner y otra frente a Drakkar Klose<\/b>. Dos de estas peleas las ha acabado por KO y la otra por sumisi\u00f3n. El asturiano, por tanto, est\u00e1 en una muy buena racha que, de continuar as\u00ed, le podr\u00eda situar como una figura destacada dentro de UFC.<\/p>\n<p><script async src=\"\/\/www.instagram.com\/embed.js\"><\/script><\/p>\n","protected":false},"excerpt":{"rendered":"Ya tenemos fecha de regreso para Joel \u00c1lvarez en UFC. Ser\u00e1 el pr\u00f3ximo 11 de octubre en Brasil.&hellip;\n","protected":false},"author":2,"featured_media":138380,"comment_status":"","ping_status":"","sticky":false,"template":"","format":"standard","meta":{"footnotes":""},"categories":[276],"tags":[4791,168,25,24,743,267,23,167,343],"class_list":{"0":"post-138379","1":"post","2":"type-post","3":"status-publish","4":"format-standard","5":"has-post-thumbnail","7":"category-ufc","8":"tag-boxeo","9":"tag-deportes","10":"tag-es","11":"tag-espana","12":"tag-mma","13":"tag-planseo","14":"tag-spain","15":"tag-sports","16":"tag-ufc"},"share_on_mastodon":{"url":"","error":""},"_links":{"self":[{"href":"https:\/\/www.europesays.com\/es\/wp-json\/wp\/v2\/posts\/138379","targetHints":{"allow":["GET"]}}],"collection":[{"href":"https:\/\/www.europesays.com\/es\/wp-json\/wp\/v2\/posts"}],"about":[{"href":"https:\/\/www.europesays.com\/es\/wp-json\/wp\/v2\/types\/post"}],"author":[{"embeddable":true,"href":"https:\/\/www.europesays.com\/es\/wp-json\/wp\/v2\/users\/2"}],"replies":[{"embeddable":true,"href":"https:\/\/www.europesays.com\/es\/wp-json\/wp\/v2\/comments?post=138379"}],"version-history":[{"count":0,"href":"https:\/\/www.europesays.com\/es\/wp-json\/wp\/v2\/posts\/138379\/revisions"}],"wp:featuredmedia":[{"embeddable":true,"href":"https:\/\/www.europesays.com\/es\/wp-json\/wp\/v2\/media\/138380"}],"wp:attachment":[{"href":"https:\/\/www.europesays.com\/es\/wp-json\/wp\/v2\/media?parent=138379"}],"wp:term":[{"taxonomy":"category","embeddable":true,"href":"https:\/\/www.europesays.com\/es\/wp-json\/wp\/v2\/categories?post=138379"},{"taxonomy":"post_tag","embeddable":true,"href":"https:\/\/www.europesays.com\/es\/wp-json\/wp\/v2\/tags?post=138379"}],"curies":[{"name":"wp","href":"https:\/\/api.w.org\/{rel}","templated":true}]}}