{"id":138391,"date":"2025-09-25T17:30:08","date_gmt":"2025-09-25T17:30:08","guid":{"rendered":"https:\/\/www.europesays.com\/es\/138391\/"},"modified":"2025-09-25T17:30:08","modified_gmt":"2025-09-25T17:30:08","slug":"leiva-se-enfrenta-a-sus-demonios-la-gente-tiene-una-imagen-distorsionada-de-mi-por-supervivencia-me-he-hecho-introvertido-el-cine-en-la-ser","status":"publish","type":"post","link":"https:\/\/www.europesays.com\/es\/138391\/","title":{"rendered":"Leiva se enfrenta a sus demonios: \u00abLa gente tiene una imagen distorsionada de m\u00ed. Por supervivencia me he hecho introvertido\u00bb | El cine en la SER"},"content":{"rendered":"<p class=\"loc\">San Sebasti\u00e1n <\/p>\n<p>En los \u00faltimos tres a\u00f1os se han presentado en el Festival de San Sebasti\u00e1n documentales sobre las obsesiones, los dilemas, los traumas o la propia creaci\u00f3n art\u00edstica de los m\u00fasicos. Estuvo C. Tangana, despu\u00e9s Yerai Cort\u00e9s y este a\u00f1o es Leiva quien trae al certamen una pel\u00edcula en la que hace balance de su carrera, reflexiona sobre sus baches, sus \u00e9xitos y expone su fragilidad ante los problemas vocales que a veces le impiden seguir sobre los escenarios. Ese es el hilo conductor de este trabajo que firman Lucas Nolla, Mario Forni\u00e9s y Sepia y en el que el artista accede a quitarse la coraza. \u201cUno de mis amigos del barrio (Mario) lleva a\u00f1os queriendo registrar mi vida y yo llevo a\u00f1os sin querer. Solo soy el protagonista de un proyecto de unos colegas y esa confianza y ese acceso privilegiado me ha hecho estar tranquilo y me ha hecho confiar. Nunca lo hubiera hecho yo por mi cuenta, ser\u00eda muy vergonzoso darse ese autobombo, \u00bfno?\u201d, dice el cantante en conversaci\u00f3n con la Cadena SER. <\/p>\n<p>Precisamente ese pudor es uno de los elementos que vertebra todo el documental. La dificultad de casi disociar en dos, el Leiva con imagen de rockero y canalla de los escenarios, con el Miguel del barrio que sale a correr, se va a la monta\u00f1a o se baja a jugar con sus colegas al f\u00fatbol. \u201cMe cost\u00f3 mucho el pudor porque soy una persona especialmente blindada con mi vida, porque tengo una parcela muy grande de vida privada y la preservo mucho. Todo lo que fuera contar alg\u00fan aspecto de mi vida personal me ha costado mucho siempre. Ellos ve\u00edan una historia humana que nada tiene que ver con contar mi vida privada, sino con mostrar un lado humano, digamos, fuera de focos y debajo de los escenarios\u201d, admite el cantante, que, adem\u00e1s, ha asumido que es dif\u00edcil controlar tu imagen p\u00fablica, los fragmentos de tu vida y tu carrera con los que la gente proyecta una imagen sobre ti. <\/p>\n<p>\u201cLa gente probablemente tenga una imagen distorsionada de m\u00ed por muchos motivos. El principal, porque te subes a un escenario y te aplauden miles de personas. Te imaginas que la vida se va a parecer a eso, pero no es as\u00ed. Mi vida es una vida de barrio normal, normal dentro de que es un contexto extraordinario. Yo tengo una econom\u00eda saneada que el resto de la gente no tiene. Pero tengo una vida muy normal y y las cosas que me mueven no son VIP. Primero soy persona, luego soy m\u00fasico. Esta pel\u00edcula habla de la suerte, de los amigos y del arraigo del barrio, que es mi realidad. En lo p\u00fablico supongo que para cuidarme o por pura supervivencia me he hecho introvertido, pero yo no soy introvertido. Genuinamente me parezco mucho m\u00e1s al que se ve con los amigotes ah\u00ed hablando, \u00bfno? El otro d\u00eda vi por primera vez con mi hermano el documental, y despu\u00e9s me dijo \u201cHe visto a mi hermano Miguel los 90 minutos de la pel\u00edcula\u201d. Y eso me ha dejado tranquilo\u201d, reflexiona mostrando a\u00fan as\u00ed su lado t\u00edmido y comedido en las entrevistas frente a la entrega de los escenarios. <\/p>\n<p>El documental repasa y hace un balance de toda su carrera. Desde el ni\u00f1o de Alameda de Osuna de familia de clase media (ah\u00ed est\u00e1n las croquetas de la madre), al joven que empez\u00f3 a escuchar las bandas de la zona y a tocar en los clubs de Malasa\u00f1a. De ah\u00ed dar\u00eda el salto junto a Rub\u00e9n Pozo formando \u2018Pereza\u2019 y, a\u00f1os m\u00e1s tarde, vendr\u00eda la separaci\u00f3n y el limbo en el que quedaron ambos con sus carreras en solitario. Todo, sin embargo, volvi\u00f3 a remontar a partir de 2014 y hasta ah\u00ed. Esos vaivenes, tan propios de una industria que se mueve por modas y ahora casi por est\u00edmulos, le llevaron tambi\u00e9n a tocar fondo y a plantearse si es m\u00e1s dif\u00edcil gestionar el \u00e9xito o el fracaso. \u201cMe gustar\u00eda decirte que el \u00e9xito porque es m\u00e1s cool, pero yo creo que es m\u00e1s jodido gestionar el fracaso, sobre todo cuando han probado el \u00e9xito, cuando has gozado de una situaci\u00f3n con muchas facilidades en un momento dado de tu vida. Te acostumbras a no preguntar cu\u00e1ntas entradas se han vendido. Cuando lo dej\u00e9 de tener, mi gesti\u00f3n fue muy mala porque ten\u00eda mucho que ver con el ego. O sea, me di cuenta que yo en mi discurso p\u00fablico dec\u00eda, no, el \u00e9xito no es importante y y yo estoy por la m\u00fasica. Por supuesto que estoy por la m\u00fasica, pero cuando has probado el jam\u00f3n de Jabugo y luego te comes la mortadela, tardas un tiempo en disfrutarla. Yo creo que la gesti\u00f3n del fracaso siempre es m\u00e1s complicada. Eso me arm\u00f3 como ser humano. Yo era un imb\u00e9cil. Ahora me doy cuenta de que en todos esos momentos no ten\u00eda ninguna herramienta. Cuando las cosas se derrumbaron y tuve que volver a construirlo, pues volv\u00ed a darle valor a un mont\u00f3n de cosas que hab\u00edan perdido el valor.\u201d, reconoce. <\/p>\n<p>Ahora, desde otro lado, se enfrenta a una situaci\u00f3n parecida. Est\u00e1 viviendo un momento profesional pero sus cuerdas vocales no le permiten estar al 100% para encadenar conciertos en largas giras. Esa es una de las preocupaciones que sirven de leitmotiv y suspense al trabajo documental, si podr\u00e1 llegar a la pr\u00f3xima actuaci\u00f3n, el qu\u00e9 pasar\u00e1 al pasar por el quir\u00f3fano y si est\u00e1 preparado para dejar de cantar. De ah\u00ed el t\u00edtulo del documental, \u2018Hasta que me quede sin voz\u2019, uno de los versos de una de sus canciones. \u201cEs verdad que yo produzco y compongo y tengo otras facetas dentro de la m\u00fasica, pero la que me da de comer es la voz. Curiosamente, una de las cosas que m\u00e1s me acompleja es mi propia voz, pero he terminado siendo cantante accidentalmente y, mientras pueda y me respete la voz, que no s\u00e9 cu\u00e1nto ser\u00e1, pues aqu\u00ed estar\u00e9\u201d. <\/p>\n<p>La voz es su herramienta de trabajo y su amuleto, cuenta, ha sido la suerte. No cree mucho en este cuento de la meritocracia a lo americano que nos han vendido. \u00c9l no ha parado de trabajar desde los 90 pero considera que hay algo azaroso en la vida del artista m\u00e1s all\u00e1 del talento y el trabajo. \u201cEs muy importante quitar los neones y desmitificar muchas cosas. Incluso todo esto de la meritocracia. En mi vida la suerte ha tenido una injerencia enorme, cosas que han cambiado el rumbo de mi vida. La historia de mi vida est\u00e1 construida m\u00e1s a golpe de suerte y de casualidades que de trabajo, que tambi\u00e9n lo ha habido. Me he roto la espalda en la carretera. Pero me parec\u00eda importante que se explicara bien, porque desde fuera siempre todo tiene un velo y una distorsi\u00f3n que es muy peligrosa, se le da incluso un sex appeal. Joder, que no, que todos somos muy parecidos\u201d, dice. <\/p>\n<p>La c\u00e1mara sigue a Leiva en los grandes conciertos, antes de actuaciones donde se preguntaba qu\u00e9 pasar\u00eda si no vend\u00eda todas las entradas, en las fiestas de despu\u00e9s, en el estudio de composici\u00f3n o en la casa de Sabina, con el que ha mantenido desde hace a\u00f1os una estrecha y bonita colaboraci\u00f3n. Est\u00e1 todo esto pero tambi\u00e9n la intimidad de una hombre fr\u00e1gil, vulnerable, que admite sus errores y sus contradicciones. En el retrato, filmado en ocasiones por \u00e9l mismo con un iPhone durante los viajes o en su casa durante los momentos de descanso, afronta muchos de sus problemas. Desde el acoso que sufri\u00f3 de ni\u00f1o por perder un ojo, la ansiedad, la presi\u00f3n y tambi\u00e9n complicaciones m\u00e9dicas, como el diagnostico de sus problemas g\u00e1stricos y el alto consumo de alcohol. \u201cYo abro una botella de vino cada d\u00eda a las 7, me pongo una copa y hasta que me la acabo\u201d, le dice por tel\u00e9fono a su m\u00e9dica, al igual que, tras cada concierto, lo celebra por todo lo alto siendo el \u00faltimo de la fiesta. \u201cMis l\u00edneas rojas han sido rebajar el \u2018potenci\u00f3metro\u2019 de glorificarme, no quer\u00eda que fuera un documental de promo, me aburren mucho los documentales donde sale alguien que todo el mundo est\u00e1 todo el rato dici\u00e9ndole que es la polla\u201d, responde. <\/p>\n<p>Conectado a la realidad del d\u00eda a d\u00eda pese a los focos y el privilegio de una vida acomodada, Leiva tambi\u00e9n reivindica la b\u00fasqueda del artista, la necesidad de salir a buscar canciones a la calle, al mundo que le rodea. Esa curiosidad, unida a su compromiso como ciudadano (\u201cantes que artista, soy persona\u201d, reitera durante la entrevista), tambi\u00e9n lo llevan a alzar la voz por el genocidio en Gaza. Con la chapa en apoyo al pueblo gazat\u00ed y a la misma hora de la manifestaci\u00f3n convocada en el marco del certamen, el cantante pide no ser ajenos a la barbarie. \u201cEstamos presenciando el horror, el exterminio, el genocidio, Lo que estamos viendo es tan atroz que uno no puede ser inmune a eso. Es aterrador lo que est\u00e1 sucediendo. Y las personas que lo niegan son monstruos. Como ser humano no puedes mirar hacia otro lado\u201d, concluye. <\/p>\n","protected":false},"excerpt":{"rendered":"San Sebasti\u00e1n En los \u00faltimos tres a\u00f1os se han presentado en el Festival de San Sebasti\u00e1n documentales sobre&hellip;\n","protected":false},"author":2,"featured_media":138392,"comment_status":"","ping_status":"","sticky":false,"template":"","format":"standard","meta":{"footnotes":""},"categories":[174],"tags":[255,146,147,25,24,256,23],"class_list":{"0":"post-138391","1":"post","2":"type-post","3":"status-publish","4":"format-standard","5":"has-post-thumbnail","7":"category-famosos","8":"tag-celebrities","9":"tag-entertainment","10":"tag-entretenimiento","11":"tag-es","12":"tag-espana","13":"tag-famosos","14":"tag-spain"},"share_on_mastodon":{"url":"","error":""},"_links":{"self":[{"href":"https:\/\/www.europesays.com\/es\/wp-json\/wp\/v2\/posts\/138391","targetHints":{"allow":["GET"]}}],"collection":[{"href":"https:\/\/www.europesays.com\/es\/wp-json\/wp\/v2\/posts"}],"about":[{"href":"https:\/\/www.europesays.com\/es\/wp-json\/wp\/v2\/types\/post"}],"author":[{"embeddable":true,"href":"https:\/\/www.europesays.com\/es\/wp-json\/wp\/v2\/users\/2"}],"replies":[{"embeddable":true,"href":"https:\/\/www.europesays.com\/es\/wp-json\/wp\/v2\/comments?post=138391"}],"version-history":[{"count":0,"href":"https:\/\/www.europesays.com\/es\/wp-json\/wp\/v2\/posts\/138391\/revisions"}],"wp:featuredmedia":[{"embeddable":true,"href":"https:\/\/www.europesays.com\/es\/wp-json\/wp\/v2\/media\/138392"}],"wp:attachment":[{"href":"https:\/\/www.europesays.com\/es\/wp-json\/wp\/v2\/media?parent=138391"}],"wp:term":[{"taxonomy":"category","embeddable":true,"href":"https:\/\/www.europesays.com\/es\/wp-json\/wp\/v2\/categories?post=138391"},{"taxonomy":"post_tag","embeddable":true,"href":"https:\/\/www.europesays.com\/es\/wp-json\/wp\/v2\/tags?post=138391"}],"curies":[{"name":"wp","href":"https:\/\/api.w.org\/{rel}","templated":true}]}}