{"id":138393,"date":"2025-09-25T17:33:12","date_gmt":"2025-09-25T17:33:12","guid":{"rendered":"https:\/\/www.europesays.com\/es\/138393\/"},"modified":"2025-09-25T17:33:12","modified_gmt":"2025-09-25T17:33:12","slug":"la-postura-de-noemi-galera-con-uno-de-los-concursantes-de-operacion-triunfo-2025%e2%80%b2-si-se-va-se-dara-cuenta","status":"publish","type":"post","link":"https:\/\/www.europesays.com\/es\/138393\/","title":{"rendered":"La postura de Noem\u00ed Galera con uno de los concursantes de \u2018Operaci\u00f3n Triunfo 2025\u2032: \u201cSi se va, se dar\u00e1 cuenta\u201d"},"content":{"rendered":"<p class=\"\">La nueva edici\u00f3n de \u2018Operaci\u00f3n Triunfo\u2019 ha arrancando en Amazon Prime Video con todas las miradas puestas en un concursante: Iv\u00e1n Rojo, de 23 a\u00f1os. Y es que en poco m\u00e1s de una semana de concurso, el vallisoletano <b>ya se ha ganado muchas cr\u00edticas en redes sociales por sus reiterados comentarios <\/b>sobre c\u00f3mo se cree que se percibe su figura en el exterior, consider\u00e1ndose ya una \u201cestrella\u201d.<\/p>\n<p class=\"\">\u201cTengo claro, lo tengo clar\u00edsimo, porque conozco mi ciudad, que Valladolid tiene que estar revuelta, \u00bfsabes?<b> <\/b>Voy a llegar y va a ser superguay. Lo tengo clar\u00edsimo. Hice entrevistas con todos los peri\u00f3dicos porque se volcaron un mont\u00f3n\u00bb, ha expresando desde la Academia de \u2018OT\u2019. Un discurso que<b> lejos de suscitar aplausos o admiraci\u00f3n, est\u00e1 dando lugar a infinidad de memes y burlas<\/b> por su actitud en sus primeros d\u00edas de concurso.<\/p>\n<p class=\"\">Lo cierto es que las palabras de Iv\u00e1n Rojo chocan de lleno con su realidad dentro de la Academia. Nominado en la primera semana de \u2018Operaci\u00f3n Triunfo\u2019,<b> el joven se juega la expulsi\u00f3n el pr\u00f3ximo lunes en la gala 2 <\/b>que conducir\u00e1 Chenoa en directo desde las 22:00 horas. <\/p>\n<p>Noem\u00ed Galera, muy cr\u00edtica con Iv\u00e1n Rojo<\/p>\n<p class=\"\">La actitud de Iv\u00e1n Rojo no est\u00e1 gustando nada entre los seguidores m\u00e1s fieles del formato ni tampoco a Noem\u00ed Galera.<b> <\/b>As\u00ed <b>lo ha dejado claro la directora de la Academia durante \u2018Conexi\u00f3n OT\u2019<\/b>, el programa diario de Miriam Rodr\u00edguez, exconcursante de \u2018Operaci\u00f3n Triunfo\u2019 en el a\u00f1o 2017.<\/p>\n<p class=\"\">\u201cA m\u00ed me sabe mal por Iv\u00e1n, porque ha estado intentando entrar en muchas ediciones&#8230; <b>Y no est\u00e1 aprovechando nada su paso por el programa<\/b>\u201d, expresa Galera, tambi\u00e9n directora casting de Getmusic, la productora responsable del concurso. <\/p>\n<p>Noticias relacionadas<a href=\"https:\/\/as.com\/tikitakas\/famosos\/natalia-rodriguez-de-operacion-triunfo-despide-el-verano-con-un-aplaudido-posado-ultimos-dias-n\/\" class=\"s_m_w\" title=\"La artista andaluza, que confiesa estar sufriendo edadismo, presume en redes sociales de su espectacular forma f\u00edsica.\" data-tb-link=\"\" rel=\"nofollow noopener\" target=\"_blank\"><img decoding=\"async\" src=\"https:\/\/www.europesays.com\/es\/wp-content\/uploads\/2025\/09\/1758821591_870_FVIXM3JZ7RD3NFWQI7RY4CRZWE.png\" alt=\"Natalia Rodr\u00edguez, de \u2018Operaci\u00f3n Triunfo\u2019, despide el verano con un aplaudido posado: \u201c\u00daltimos d\u00edas\u201d\" class=\"\" height=\"1\" width=\"1\"   loading=\"lazy\" data-tb-thumbnail=\"\"\/><\/a><a href=\"https:\/\/as.com\/tikitakas\/television\/operacion-triunfo-celebra-sus-25-anos-con-un-documental-lleno-de-luces-y-sombras-n\/\" class=\"s_m_w\" title=\"Getmusic ya prepara este especial en el que se rendir\u00e1 homenaje al programa que dio la fama a David Bisbal o Aitana, entre otros.\" data-tb-link=\"\" rel=\"nofollow noopener\" target=\"_blank\"><img decoding=\"async\" src=\"https:\/\/www.europesays.com\/es\/wp-content\/uploads\/2025\/09\/1758821592_46_2E3NSMRBBFBBLA7FUGO37D5F3Q.png\" alt=\"\u2018Operaci\u00f3n Triunfo\u2019 celebra sus 25 a\u00f1os con un documental lleno de luces y sombras\" class=\"\" height=\"1\" width=\"1\"   loading=\"lazy\" data-tb-thumbnail=\"\"\/><\/a><\/p>\n<p class=\"\">La catalana hace especial hincapi\u00e9 en el gran error que estar\u00eda cometiendo el concursante: no centrarse en lo que ocurre dentro de la Academia y preocuparse en el exterior. \u201cSi se va el lunes,<b> se dar\u00e1 cuenta de que ha desaprovechado una oportunidad estupenda<\/b>, porque est\u00e1 todo el rato pensando en cosas externas\u201d, a\u00f1ade.<\/p>\n<p class=\"\"><b>\u00a1Tus opiniones importan!<\/b> Comenta en los art\u00edculos y suscr\u00edbete gratis a nuestra <a href=\"https:\/\/asfan.as.com\/newsletters\/\" target=\"_blank\" rel=\"nofollow noopener\" title=\"https:\/\/asfan.as.com\/newsletters\/\">newsletter<\/a> y a las alertas informativas en la <a href=\"https:\/\/as.com\/aplicacion-de-as-n\/\" target=\"_blank\" rel=\"nofollow noopener\" title=\"https:\/\/as.com\/aplicacion-de-as-n\/\">App<\/a> o el canal de <a href=\"https:\/\/www.whatsapp.com\/channel\/0029VaAasdA7j6g745nz9M10\" target=\"_blank\" rel=\"nofollow noopener\" title=\"https:\/\/www.whatsapp.com\/channel\/0029VaAasdA7j6g745nz9M10\">WhatsApp<\/a>. \u00bfBuscas licenciar contenido? Haz clic <a href=\"https:\/\/profesional.elpais.com\/landing-sindicacion?utm_medium=interno&amp;utm_source=crosslinking&amp;utm_campaign=sindicacion_as_pie_articulos\" target=\"_blank\" rel=\"nofollow noopener\" title=\"https:\/\/profesional.elpais.com\/landing-sindicacion?utm_medium=interno&amp;utm_source=crosslinking&amp;utm_campaign=sindicacion_as_pie_articulos\">aqu\u00ed<\/a><\/p>\n","protected":false},"excerpt":{"rendered":"La nueva edici\u00f3n de \u2018Operaci\u00f3n Triunfo\u2019 ha arrancando en Amazon Prime Video con todas las miradas puestas en&hellip;\n","protected":false},"author":2,"featured_media":138394,"comment_status":"","ping_status":"","sticky":false,"template":"","format":"standard","meta":{"footnotes":""},"categories":[171],"tags":[146,147,25,24,23,214],"class_list":{"0":"post-138393","1":"post","2":"type-post","3":"status-publish","4":"format-standard","5":"has-post-thumbnail","7":"category-tv","8":"tag-entertainment","9":"tag-entretenimiento","10":"tag-es","11":"tag-espana","12":"tag-spain","13":"tag-tv"},"share_on_mastodon":{"url":"","error":""},"_links":{"self":[{"href":"https:\/\/www.europesays.com\/es\/wp-json\/wp\/v2\/posts\/138393","targetHints":{"allow":["GET"]}}],"collection":[{"href":"https:\/\/www.europesays.com\/es\/wp-json\/wp\/v2\/posts"}],"about":[{"href":"https:\/\/www.europesays.com\/es\/wp-json\/wp\/v2\/types\/post"}],"author":[{"embeddable":true,"href":"https:\/\/www.europesays.com\/es\/wp-json\/wp\/v2\/users\/2"}],"replies":[{"embeddable":true,"href":"https:\/\/www.europesays.com\/es\/wp-json\/wp\/v2\/comments?post=138393"}],"version-history":[{"count":0,"href":"https:\/\/www.europesays.com\/es\/wp-json\/wp\/v2\/posts\/138393\/revisions"}],"wp:featuredmedia":[{"embeddable":true,"href":"https:\/\/www.europesays.com\/es\/wp-json\/wp\/v2\/media\/138394"}],"wp:attachment":[{"href":"https:\/\/www.europesays.com\/es\/wp-json\/wp\/v2\/media?parent=138393"}],"wp:term":[{"taxonomy":"category","embeddable":true,"href":"https:\/\/www.europesays.com\/es\/wp-json\/wp\/v2\/categories?post=138393"},{"taxonomy":"post_tag","embeddable":true,"href":"https:\/\/www.europesays.com\/es\/wp-json\/wp\/v2\/tags?post=138393"}],"curies":[{"name":"wp","href":"https:\/\/api.w.org\/{rel}","templated":true}]}}