{"id":138395,"date":"2025-09-25T17:34:10","date_gmt":"2025-09-25T17:34:10","guid":{"rendered":"https:\/\/www.europesays.com\/es\/138395\/"},"modified":"2025-09-25T17:34:10","modified_gmt":"2025-09-25T17:34:10","slug":"de-marc-anthony-a-farruko-los-artistas-mas-destacados-que-actuaran-en-los-premios-juventud-2025","status":"publish","type":"post","link":"https:\/\/www.europesays.com\/es\/138395\/","title":{"rendered":"De Marc Anthony a Farruko: los artistas m\u00e1s destacados que actuar\u00e1n en los Premios Juventud 2025"},"content":{"rendered":"<p class=\"\"><b>\u00a1Es noche de Premios Juventud!<\/b> Este jueves, 25 de septiembre, el Figali Convention Center de la Ciudad de Panam\u00e1<b> se vestir\u00e1 de gala<\/b> para celebrar <b>los mejores lanzamientos de la m\u00fasica latina.<\/b> A diferencia de a\u00f1os anteriores, la gala de este a\u00f1o <b>cambi\u00f3 de sede a Panam\u00e1 <\/b>para <a href=\"https:\/\/as.com\/us\/actualidad\/mes-de-la-herencia-hispana-origen-significado-y-por-que-se-celebra-en-estados-unidos-n\/\" target=\"_self\" rel=\"nofollow noopener\" title=\"https:\/\/as.com\/us\/actualidad\/mes-de-la-herencia-hispana-origen-significado-y-por-que-se-celebra-en-estados-unidos-n\/\">conmemorar el Mes de la Herencia Hispana<\/a>, reforzando tambi\u00e9n <b>el compromiso del evento <\/b>m\u00e1s all\u00e1 del <b>territorio estadounidense. <\/b><\/p>\n<p class=\"\">La ceremonia de premiaci\u00f3n ser\u00e1 conducida por la exreina de Nuestra Belleza Latina, <b>Alejandra Espinoza<\/b>, la finalista de Miss Universo, <a href=\"https:\/\/as.com\/us\/tikitakas\/de-jlo-a-nadia-ferreira-las-parejas-de-marc-anthony-a-lo-largo-de-los-anos-n\/\" target=\"_self\" rel=\"nofollow noopener\" title=\"https:\/\/as.com\/us\/tikitakas\/de-jlo-a-nadia-ferreira-las-parejas-de-marc-anthony-a-lo-largo-de-los-anos-n\/\">Nadia Ferreira<\/a>, y la actriz y presentadora, <b>Clarissa Molina.<\/b> La gala dar\u00e1 inicio en punto de <b>las 8:00 p.m. ET \/ 7:00 p.m. CT,<\/b> mientras que la<b> alfombra roja <\/b>se llevar\u00e1 a cabo una hora antes, a las <b>7:00 p.m. ET \/ 6:00 p.m. CT. <\/b>Tanto la entrega de premios como la red carpet pueden seguirse por los canales de <b>Univisi\u00f3n, UNIM\u00c1S y Galavisi\u00f3n. <\/b><\/p>\n<p>Tambi\u00e9n te puede interesar:<\/p>\n<p class=\"\">Este a\u00f1o, la lista de nominados est\u00e1 liderada por<b> Bad Bunny y Danny Ocean, <\/b>quienes cuentan con <b>seis menciones cada uno.<\/b> A estos le siguen <b>Anitta, Be\u00e9le, Car\u00edn Le\u00f3n, Emilia, Myke Towers, Net\u00f3n Vega y Peso Pluma<\/b>, con<b> cinco cada uno<\/b>. Aqu\u00ed, puedes consultar la lista de todos los nominados al Premio Juventud 2025: <a href=\"https:\/\/as.com\/us\/tikitakas\/de-bad-bunny-a-peso-pluma-los-nominados-a-los-premios-juventud-2025-y-en-que-categorias-n\/\" target=\"_self\" rel=\"nofollow noopener\" title=\"https:\/\/as.com\/us\/tikitakas\/de-bad-bunny-a-peso-pluma-los-nominados-a-los-premios-juventud-2025-y-en-que-categorias-n\/\">De Bad Bunny a Peso Pluma: categor\u00edas y nominados<\/a>.<\/p>\n<p>Los artistas m\u00e1s destacados que actuar\u00e1n en los Premios Juventud 2025<\/p>\n<p class=\"\">Adem\u00e1s de los artistas premiados, la gala contar\u00e1 con <b>toda una serie de celebridades,<\/b> que se har\u00e1n presentes <b>para amenizar el evento<\/b>. Entre los artistas confirmados para actuar esta noche se encuentran <b>Alem\u00e1n, Bad Gyal, Camilo, Emilia, Esa\u00fa Ortiz, Farruko, Grupo Firme, Lola \u00cdndigo, Maluma, Marc Anthony, Morat y Xavi,<\/b> entre otros.<\/p>\n<p>Noticias relacionadas<a href=\"https:\/\/as.com\/us\/tikitakas\/emma-watson-rompe-el-silencio-sobre-su-relacion-con-jk-rowling-n\/\" class=\"s_m_w\" title=\"La actriz que interpret\u00f3 a Hermione Granger se ha distanciado de la autora debido a su postura sobre cuestiones transg\u00e9nero.\" data-tb-link=\"\" rel=\"nofollow noopener\" target=\"_blank\"><img decoding=\"async\" src=\"https:\/\/www.europesays.com\/es\/wp-content\/uploads\/2025\/09\/Y25DZ4GRTJLFDGNG2IJQZ3NERI.jpg\" alt=\"Emma Watson rompe el silencio sobre su relaci\u00f3n con J.K. Rowling\" class=\"\" height=\"1\" width=\"1\"   loading=\"lazy\" data-tb-thumbnail=\"\"\/><\/a><a href=\"https:\/\/as.com\/us\/tikitakas\/ya-es-oficial-miss-universo-regresa-a-puerto-rico-n\/\" class=\"s_m_w\" title=\"A escasas semanas de que se lleve a cabo la 74a edici\u00f3n de Miss Universo, el certamen revela la sede para el pr\u00f3ximo a\u00f1o: Puerto Rico. Aqu\u00ed los detalles.\" data-tb-link=\"\" rel=\"nofollow noopener\" target=\"_blank\"><img decoding=\"async\" src=\"https:\/\/www.europesays.com\/es\/wp-content\/uploads\/2025\/09\/DDYGI3VDOJARZGS7JCJSTATVTQ.jpg\" alt=\"Ya es oficial: Miss Universo regresa a Puerto Rico  \" class=\"\" height=\"1\" width=\"1\"   loading=\"lazy\" data-tb-thumbnail=\"\"\/><\/a><\/p>\n<p class=\"\">Tambi\u00e9n se espera ver a celebridades como <b>Ang\u00e9lica Rivera, Adamari L\u00f3pez, Brianda Deyanara, Eduin Caz de Grupo Firme, Emilio Osorio, Juli\u00e1n Gil, Kenia Os, Kunno y Yeri Mua,<\/b> en la alfombra roja, dado que est\u00e1n confirmados como<b> presentadores de premios. <\/b><\/p>\n<p class=\"\"><b>\u00a1Tus opiniones importan!<\/b> Comenta en los art\u00edculos y suscr\u00edbete gratis a nuestra <a href=\"https:\/\/asfan.as.com\/newsletters\/\" target=\"_blank\" rel=\"nofollow noopener\" title=\"https:\/\/asfan.as.com\/newsletters\/\">newsletter<\/a> y a las alertas informativas en la <a href=\"https:\/\/as.com\/aplicacion-de-as-n\/\" target=\"_blank\" rel=\"nofollow noopener\" title=\"https:\/\/as.com\/aplicacion-de-as-n\/\">App<\/a> o el canal de <a href=\"https:\/\/www.whatsapp.com\/channel\/0029VaAasdA7j6g745nz9M10\" target=\"_blank\" rel=\"nofollow noopener\" title=\"https:\/\/www.whatsapp.com\/channel\/0029VaAasdA7j6g745nz9M10\">WhatsApp<\/a>. \u00bfBuscas licenciar contenido? Haz clic <a href=\"https:\/\/profesional.elpais.com\/soluciones-sindicacion?utm_medium=interno&amp;utm_source=crosslinking&amp;utm_campaign=sindicacion_as_pie_articulos\" target=\"_blank\" rel=\"nofollow noopener\" title=\"https:\/\/profesional.elpais.com\/soluciones-sindicacion?utm_medium=interno&amp;utm_source=crosslinking&amp;utm_campaign=sindicacion_as_pie_articulos\">aqu\u00ed<\/a><\/p>\n","protected":false},"excerpt":{"rendered":"\u00a1Es noche de Premios Juventud! Este jueves, 25 de septiembre, el Figali Convention Center de la Ciudad de&hellip;\n","protected":false},"author":2,"featured_media":138396,"comment_status":"","ping_status":"","sticky":false,"template":"","format":"standard","meta":{"footnotes":""},"categories":[170],"tags":[146,147,25,24,184,185,23],"class_list":{"0":"post-138395","1":"post","2":"type-post","3":"status-publish","4":"format-standard","5":"has-post-thumbnail","7":"category-musica","8":"tag-entertainment","9":"tag-entretenimiento","10":"tag-es","11":"tag-espana","12":"tag-music","13":"tag-musica","14":"tag-spain"},"share_on_mastodon":{"url":"","error":""},"_links":{"self":[{"href":"https:\/\/www.europesays.com\/es\/wp-json\/wp\/v2\/posts\/138395","targetHints":{"allow":["GET"]}}],"collection":[{"href":"https:\/\/www.europesays.com\/es\/wp-json\/wp\/v2\/posts"}],"about":[{"href":"https:\/\/www.europesays.com\/es\/wp-json\/wp\/v2\/types\/post"}],"author":[{"embeddable":true,"href":"https:\/\/www.europesays.com\/es\/wp-json\/wp\/v2\/users\/2"}],"replies":[{"embeddable":true,"href":"https:\/\/www.europesays.com\/es\/wp-json\/wp\/v2\/comments?post=138395"}],"version-history":[{"count":0,"href":"https:\/\/www.europesays.com\/es\/wp-json\/wp\/v2\/posts\/138395\/revisions"}],"wp:featuredmedia":[{"embeddable":true,"href":"https:\/\/www.europesays.com\/es\/wp-json\/wp\/v2\/media\/138396"}],"wp:attachment":[{"href":"https:\/\/www.europesays.com\/es\/wp-json\/wp\/v2\/media?parent=138395"}],"wp:term":[{"taxonomy":"category","embeddable":true,"href":"https:\/\/www.europesays.com\/es\/wp-json\/wp\/v2\/categories?post=138395"},{"taxonomy":"post_tag","embeddable":true,"href":"https:\/\/www.europesays.com\/es\/wp-json\/wp\/v2\/tags?post=138395"}],"curies":[{"name":"wp","href":"https:\/\/api.w.org\/{rel}","templated":true}]}}