{"id":138419,"date":"2025-09-25T17:46:09","date_gmt":"2025-09-25T17:46:09","guid":{"rendered":"https:\/\/www.europesays.com\/es\/138419\/"},"modified":"2025-09-25T17:46:09","modified_gmt":"2025-09-25T17:46:09","slug":"ufc-320-dia-hora-cartelera-como-y-donde-ver-el-evento-con-magomed-ankalaev-vs-alex-pereira","status":"publish","type":"post","link":"https:\/\/www.europesays.com\/es\/138419\/","title":{"rendered":"UFC 320: D\u00eda, hora, cartelera, c\u00f3mo y d\u00f3nde ver el evento con Magomed Ankalaev vs. Alex Pereira"},"content":{"rendered":"<p><strong>UFC 320<\/strong> presenta una revancha como su pelea estelar: <strong>Magomed Ankalaev<\/strong> y <strong>Alex Pereira,\u00a0<\/strong>de nuevo cara a cara en la disputa del campeonato de peso semipesado.<\/p>\n<p>El estadio T-Mobile de Las Vegas acoge esta velada en la que esa no ser\u00e1 la \u00fanica pelea por un t\u00edtulo, ya que tambi\u00e9n estar\u00e1 <strong>Merab Dvalishvili <\/strong>defendiendo el campeonato de peso mosca por tercera vez en el 2025, en su caso ante <strong>Cory Sandhagen<\/strong>.<\/p>\n<p>EN VIVO: <a target=\"_blank\" href=\"https:\/\/disneyplus.bn5x.net\/c\/2436205\/2423514\/9358?subId1=disneybundle&amp;subId2=site-us-es-92ab341469373e7f5616456a\" rel=\"nofollow noopener\">Mira UFC 320 en Sudam\u00e9rica por Disney+<\/a><\/p>\n<p>Ankalaev venci\u00f3 a Pereira por decisi\u00f3n un\u00e1nime en UFC 313 en marzo, en este mismo estadio. El hombre de Daguest\u00e1n fue superior durante la mayor parte del combate en otro de sus cl\u00e1sicos triunfos por decisi\u00f3n de los \u00faltimos a\u00f1os: desde su segunda pelea en UFC ha acumulado 15 triunfos (adem\u00e1s de un empate y una pelea sin decisi\u00f3n) y aunque la mayor\u00eda fueron por nocaut, desde 2021 suma cinco victorias por decisi\u00f3n y solo dos por la v\u00eda r\u00e1pida.<\/p>\n<p>Pereira estaba desfilando en la divisi\u00f3n de peso semipesado, con nocauts ante Jiri Prochazka, Khalil Rountree Jr. y Kamahal Hill en cuatro peleas por el t\u00edtulo, pero Ankalaev le puso un freno y se mostr\u00f3 mejor que \u00e9l. \u00bfPodr\u00e1 cambiar las cosas el brasile\u00f1o en esta revancha?<\/p>\n<p>Prochazka vs. Rountree, Josh Emmett vs. Youssef Zalal y\u00a0Abusupiyan Magomedov\u00a0vs. Joe Pyfer completar\u00e1n la parte de la cartelera principal ese s\u00e1bado.<\/p>\n<p>EN VIVO: <a target=\"_blank\" href=\"https:\/\/primevideo-row.pxf.io\/c\/2436205\/2104961\/20020?subId1=foxsports&amp;subId2=site-us-es-92ab341469373e7f5616456a\" rel=\"nofollow noopener\">Sigue UFC 320 por FOX Sports Premium en M\u00e9xico<\/a>Cu\u00e1ndo es UFC 320, Ankalaev vs. Pereira<\/p>\n<p>UFC 320 se har\u00e1 este s\u00e1bado 4 de octubre, con el habitual horario de inicio de las 19:00 del Este de Estados Unidos para las peleas preliminares mientras que la cartelera principal comenzar\u00e1 a las 22:00 de all\u00ed. El combate de Ankalaev frente a Pereira empezar\u00e1 aproximadamente poco despu\u00e9s de la medianoche del Este de Estados Unidos.<\/p>\n<ul>\n<li><strong>D\u00eda:<\/strong>\u00a0S\u00e1bado 4 de octubre<\/li>\n<li><strong>Preliminares:<\/strong> 16:00 CDMX | 18:00 ET USA | 19:00 AR | 0:00 ESP (domingo)<\/li>\n<li><strong>Cartelera principal:<\/strong>\u00a020:00 CDMX | 22:00 ET USA | 23:00 AR | 4:00 ESP<\/li>\n<li><strong>Pelea de Ankalaev vs. Pereira\u00a0(horario aproximado):<\/strong> 22:20\u00a0CDMX | 0:20\u00a0ET USA (domingo) | 1:20\u00a0AR\u00a0| 6:20\u00a0ESP<\/li>\n<\/ul>\n<p>M\u00e1s | <a target=\"\" href=\"https:\/\/www.sportingnews.com\/us-es\/ufc\/news\/calendario-ufc-peleas-2025-fechas\/5de4d2be74e8afae13b0b6c3\" rel=\"nofollow noopener\">Calendario completo de UFC en el 2025<\/a>D\u00f3nde y c\u00f3mo ver UFC 320, Ankalaev vs. Pereira: TV y streaming online<\/p>\n<ul>\n<li><strong>Canales de TV:<\/strong>\n<ul>\n<li><strong>M\u00e9xico:\u00a0<\/strong>Fox Sports (preliminares)<\/li>\n<li><strong>Espa\u00f1a: <\/strong>&#8211;<\/li>\n<li><strong>Argentina:<\/strong>\u00a0Fox Sports 2 (preliminares)<\/li>\n<li><strong>Estados Unidos: <\/strong>ESPN Deportes (preliminares)<\/li>\n<\/ul>\n<\/li>\n<li><strong>Streaming online:<\/strong><\/li>\n<\/ul>\n<p>M\u00e1s | <a target=\"\" href=\"https:\/\/www.sportingnews.com\/us-es\/watch\/news\/mejores-vpn-deportes-vivo-directo\/e214480f1b65d7b4333a92a0\" rel=\"nofollow noopener\">Las mejores VPN para ver deporte en vivo y en directo<\/a>Todas las peleas de\u00a0UFC 320, Ankalaev vs. Pereira<\/p>\n<p><strong>Principal<\/strong><\/p>\n<ul>\n<li>Magomed Ankalaev\u00a0(c) vs. Alex Pereira, por el t\u00edtulo de peso semipesado<\/li>\n<li>Merab Dvalishvili (c)\u00a0vs. Cody Sandhagen,\u00a0por el t\u00edtulo de peso semipesado<\/li>\n<li>Jiri Prochazka vs. Khalil Rountree Jr.; peso semipesado<\/li>\n<li>Josh Emmett vs. Youssef Zalal;\u00a0peso pluma<\/li>\n<li>Abusupiyan Magomedov\u00a0vs. Joe Pyfer;\u00a0peso mediano<\/li>\n<\/ul>\n<p><strong>Preliminares<\/strong><\/p>\n<ul>\n<li>Ateba Abega Gautier vs. Osman D\u00edaz; peso mediano<\/li>\n<li>Edmen Shahbazyan vs. Andr\u00e9 Muniz; peso mediano<\/li>\n<li>Chris Guti\u00e9rrez vs. Farid Basharat; peso gallo<\/li>\n<li>Daniel Santos vs. Yoo Joo-sang; peso pluma<\/li>\n<li>Macy Chiasson vs. Yana Santos; peso gallo<\/li>\n<li>Patchy Mix vs. Jakub Wiklacz; peso gallo<\/li>\n<li>Veronica Hardy vs. Brogan Walker; peso mosca<\/li>\n<li>Punahele Soriano vs. Nikolay Veretennikov; peso w\u00e9lter<\/li>\n<li>Ramiz Brahimaj vs. Austin Vanderford; peso w\u00e9lter<\/li>\n<\/ul>\n","protected":false},"excerpt":{"rendered":"UFC 320 presenta una revancha como su pelea estelar: Magomed Ankalaev y Alex Pereira,\u00a0de nuevo cara a cara&hellip;\n","protected":false},"author":2,"featured_media":138420,"comment_status":"","ping_status":"","sticky":false,"template":"","format":"standard","meta":{"footnotes":""},"categories":[276],"tags":[168,25,24,23,167,343],"class_list":{"0":"post-138419","1":"post","2":"type-post","3":"status-publish","4":"format-standard","5":"has-post-thumbnail","7":"category-ufc","8":"tag-deportes","9":"tag-es","10":"tag-espana","11":"tag-spain","12":"tag-sports","13":"tag-ufc"},"share_on_mastodon":{"url":"","error":""},"_links":{"self":[{"href":"https:\/\/www.europesays.com\/es\/wp-json\/wp\/v2\/posts\/138419","targetHints":{"allow":["GET"]}}],"collection":[{"href":"https:\/\/www.europesays.com\/es\/wp-json\/wp\/v2\/posts"}],"about":[{"href":"https:\/\/www.europesays.com\/es\/wp-json\/wp\/v2\/types\/post"}],"author":[{"embeddable":true,"href":"https:\/\/www.europesays.com\/es\/wp-json\/wp\/v2\/users\/2"}],"replies":[{"embeddable":true,"href":"https:\/\/www.europesays.com\/es\/wp-json\/wp\/v2\/comments?post=138419"}],"version-history":[{"count":0,"href":"https:\/\/www.europesays.com\/es\/wp-json\/wp\/v2\/posts\/138419\/revisions"}],"wp:featuredmedia":[{"embeddable":true,"href":"https:\/\/www.europesays.com\/es\/wp-json\/wp\/v2\/media\/138420"}],"wp:attachment":[{"href":"https:\/\/www.europesays.com\/es\/wp-json\/wp\/v2\/media?parent=138419"}],"wp:term":[{"taxonomy":"category","embeddable":true,"href":"https:\/\/www.europesays.com\/es\/wp-json\/wp\/v2\/categories?post=138419"},{"taxonomy":"post_tag","embeddable":true,"href":"https:\/\/www.europesays.com\/es\/wp-json\/wp\/v2\/tags?post=138419"}],"curies":[{"name":"wp","href":"https:\/\/api.w.org\/{rel}","templated":true}]}}