{"id":138421,"date":"2025-09-25T17:48:13","date_gmt":"2025-09-25T17:48:13","guid":{"rendered":"https:\/\/www.europesays.com\/es\/138421\/"},"modified":"2025-09-25T17:48:13","modified_gmt":"2025-09-25T17:48:13","slug":"la-hermana-de-rafa-nadal-ya-respira-tranquila-tras-sufrir-acoso-durante-cuatro-meses","status":"publish","type":"post","link":"https:\/\/www.europesays.com\/es\/138421\/","title":{"rendered":"La hermana de Rafa Nadal ya respira tranquila tras sufrir acoso durante cuatro meses"},"content":{"rendered":"<p class=\"ft-text\">El legado de Rafa Nadal en el tenis no se podr\u00eda entender sin el apoyo incondicional que recibi\u00f3 desde peque\u00f1o.<strong> Una de las personas que siempre ha estado a su lado es Maribel Nadal<\/strong>, su hermana peque\u00f1a.<\/p>\n<p class=\"ft-text\">La hermana del tenista siempre ha querido mantenerse alejada del foco medi\u00e1tico, pero en los \u00faltimos meses ha visto c\u00f3mo su vida se ve\u00eda amenazada por un acosador. Una situaci\u00f3n que la ha incomodado profundamente,<strong> aunque ahora respira tranquila, ya que la Polic\u00eda ha tomado medidas<\/strong>.<\/p>\n<p class=\"ft-text\"><strong>Todo empez\u00f3 cuando un hombre alem\u00e1n se hizo pasar por tenista para estar m\u00e1s cerca de ella<\/strong>, debido a que ella trabaja como directora comercial de la &#8216;Rafa Nadal Academy&#8217;.<\/p>\n<p class=\"ft-text\">No tard\u00f3 mucho en conseguir su contacto, ya que obtuvo su n\u00famero de tel\u00e9fono bajo el pretexto de ofrecerle sus servicios como tenista. A partir de ese momento, <strong>este individuo movi\u00f3 ficha y no dej\u00f3 de mandarle mensajes y hacerle llamadas<\/strong>.<\/p>\n<p class=\"ft-text\">El miedo se apoder\u00f3 de Maribel, seg\u00fan informaron fuentes cercanas a &#8216;Espejo P\u00fablico&#8217;. Tras judicializarse los hechos, <strong>el hombre ha sido condenado a cuatro meses de c\u00e1rcel<\/strong>.<\/p>\n<p class=\"ft-text\">Una pena de prisi\u00f3n que ha quedado suspendida durante dos a\u00f1os si no vuelve a delinquir en ese plazo. Aparte,<strong> no se puede acercar a menos de 200 metros de distancia <\/strong>de la hermana del tenista espa\u00f1ol.<\/p>\n<p class=\"ft-text\"><strong>La familia Nadal quiere olvidar este incidente, especialmente Maribel, pues quiere volver a centrarse en su d\u00eda a d\u00eda tras muchos meses inc\u00f3modos<\/strong>, durante los cuales \u00e9l se presentaba cada d\u00eda en las instalaciones para tener un contacto m\u00e1s cercano con ella.<\/p>\n<p class=\"ft-text\">Sin embargo, la periodista Carmen Ro apunt\u00f3 en &#8216;Espejo P\u00fablico&#8217; que este incidente no le ha pasado por ser la hermana de Nadal: \u00ab<strong>Esto le ocurre por ser mujer como a muchas otras<\/strong>. Este no es el caso de alguien famoso, sino de una mujer a otra mujer an\u00f3nima\u00bb.<\/p>\n","protected":false},"excerpt":{"rendered":"El legado de Rafa Nadal en el tenis no se podr\u00eda entender sin el apoyo incondicional que recibi\u00f3&hellip;\n","protected":false},"author":2,"featured_media":138422,"comment_status":"","ping_status":"","sticky":false,"template":"","format":"standard","meta":{"footnotes":""},"categories":[274],"tags":[168,25,24,2313,11317,3489,12830,38847,23,167,327,326,15869],"class_list":{"0":"post-138421","1":"post","2":"type-post","3":"status-publish","4":"format-standard","5":"has-post-thumbnail","7":"category-tenis","8":"tag-deportes","9":"tag-es","10":"tag-espana","11":"tag-fuera-de-juego","12":"tag-hermana","13":"tag-nadal","14":"tag-rafa","15":"tag-respira","16":"tag-spain","17":"tag-sports","18":"tag-tenis","19":"tag-tennis","20":"tag-tranquila"},"share_on_mastodon":{"url":"","error":""},"_links":{"self":[{"href":"https:\/\/www.europesays.com\/es\/wp-json\/wp\/v2\/posts\/138421","targetHints":{"allow":["GET"]}}],"collection":[{"href":"https:\/\/www.europesays.com\/es\/wp-json\/wp\/v2\/posts"}],"about":[{"href":"https:\/\/www.europesays.com\/es\/wp-json\/wp\/v2\/types\/post"}],"author":[{"embeddable":true,"href":"https:\/\/www.europesays.com\/es\/wp-json\/wp\/v2\/users\/2"}],"replies":[{"embeddable":true,"href":"https:\/\/www.europesays.com\/es\/wp-json\/wp\/v2\/comments?post=138421"}],"version-history":[{"count":0,"href":"https:\/\/www.europesays.com\/es\/wp-json\/wp\/v2\/posts\/138421\/revisions"}],"wp:featuredmedia":[{"embeddable":true,"href":"https:\/\/www.europesays.com\/es\/wp-json\/wp\/v2\/media\/138422"}],"wp:attachment":[{"href":"https:\/\/www.europesays.com\/es\/wp-json\/wp\/v2\/media?parent=138421"}],"wp:term":[{"taxonomy":"category","embeddable":true,"href":"https:\/\/www.europesays.com\/es\/wp-json\/wp\/v2\/categories?post=138421"},{"taxonomy":"post_tag","embeddable":true,"href":"https:\/\/www.europesays.com\/es\/wp-json\/wp\/v2\/tags?post=138421"}],"curies":[{"name":"wp","href":"https:\/\/api.w.org\/{rel}","templated":true}]}}