{"id":138423,"date":"2025-09-25T17:49:10","date_gmt":"2025-09-25T17:49:10","guid":{"rendered":"https:\/\/www.europesays.com\/es\/138423\/"},"modified":"2025-09-25T17:49:10","modified_gmt":"2025-09-25T17:49:10","slug":"alberto-contador-a-veces-el-camino-se-tuerce-pero-pueden-surgir-oportunidades-ciclismo","status":"publish","type":"post","link":"https:\/\/www.europesays.com\/es\/138423\/","title":{"rendered":"Alberto Contador: &quot;A veces el camino se tuerce, pero pueden surgir oportunidades&quot; &#8211; Ciclismo"},"content":{"rendered":"<ol>\n<li><a href=\"https:\/\/news.google.com\/rss\/articles\/CBMiakFVX3lxTFAwV2dPbmtvamtUSlJMZTNfRVhuMFB2aS12YTlKZGVXQ21Hamc5RE1tNGZmUTV2aXZ0X0lGRTR6dHBnT0lDLTlPT0wyMmg4bFhOU2R6QnRacUZoODkwOV9WdnZSX3JRZWpBZnc?oc=5\" target=\"_blank\" rel=\"nofollow noopener\">Alberto Contador: \u00abA veces el camino se tuerce, pero pueden surgir oportunidades\u00bb<\/a>&nbsp;&nbsp;Ciclismo<\/li>\n<li><a href=\"https:\/\/news.google.com\/rss\/articles\/CBMiqgFBVV95cUxPTVBjaUJUc0Q1eDV1U2tFZFprazVfckpjbWt4dkFPNUpNOTA1cVhjbnJ2ak5Dek9jendyNy1sZFhXaXhVMmlZcWFwOUl6N3pib2xtSmlBUGRUU3VWZFp1ZXBhOV9uQ3RiUDB2X2tKa0RmdkVIMll2LTRhVExHOHZxM3dNdWlCWUZXcEhNYURvQVFFWFdBdkZqck1fVERTZk1LR1NaRHRXN1pJUdIBvgFBVV95cUxObzdZM0NkYmRFMGdOU28wTzhEX25FOENlNVdWXzQtbFFnVE5uUmF2a19BWWFBNktRNHgyRy1sQVdycTdqOFdTOU1QMGtYUENfX0VfUkhldkdHXzA3M2VPejN2SUZKbnlXYmR1NU1TX1dlcFRTcUFYSDE3c0xkdW80WnNaTkdaV2twY2R5TWF4RmNQekVmN0FWWWd5UU9tOGQzTzNpN1dxbExtZlV6eXN4Nzd2eDNTR2JLLUZ4cGJR?oc=5\" target=\"_blank\" rel=\"nofollow noopener\">Alberto Contador abre la novena edici\u00f3n del FID<\/a>&nbsp;&nbsp;Cadena SER<\/li>\n<li><a href=\"https:\/\/news.google.com\/rss\/articles\/CBMilAJBVV95cUxQTUJwMmhncE02MzF6MFhhZG5uam9ZMWhZRnpCWmxOdHVDX0QxcWRxdFdFZzdPT2w1cHNVQVBsYnBBR2kybC1IbWJZOVdWU0hqZjNrYUlPZ2xVdmdCMzlKMUZvXzhwekdRUG5hMlJibHNaQWI5WU4wV2h4MFN1Zi1ia1Jlc2JXRmhCeVlnbE9uUFdoRnRwTlY5UVRKUk9SZ3phM1lHMTFDVjRmNmxwQV9RSGhZcE1BLUd4Rkp2bk9HbWRqSkVqeTR5QXYwOUxHLWpaUUJsczFldjlwd3hVLXFnWWNFaDRyMElRMTdJUlc5WVpZZktZam9RdnlIVHFYdjFZMG83X1A0aENCRExpd1R5NFdBX0fSAZoCQVVfeXFMT19ReHNfMmhGTkhXbzYyTXFxVTV0enBFSVB4VnM3UjdwelFWWXBPOHNCOHF5Wlk1a3pUYm4tTkZWck04SThUMHB4RkNSQXctRDljT0ZHUmZ0c3R1Wkg3ZFgxMUtCTlF5dVZybEl6VzZiYXphaDFQMWpHQ1ZLMnZOdVJ3R18xc2pXbkhrNEpETnNCNUJjZkNQYW1POFoyN1J5a1JabGNkdkVmVGlkUmRCVHNqX1FocDZfdC1XX0ZqN05WY1dBQldtY0tnbE51d3pnZUdIS2x0SjZ5SEdWcGd3dFFsUFYyZjlORDBDcjdEeDlpV1lBV3lqdGcyazhjRi1LdzRlSG5fV2ozeVotamFXdElQOXkxbmlzS0Z3?oc=5\" target=\"_blank\" rel=\"nofollow noopener\">El especial encuentro que llevar\u00e1 a Iker Casillas a Le\u00f3n: firmar\u00e1 aut\u00f3grafos y conocer\u00e1 a alumnos de la ciudad<\/a>&nbsp;&nbsp;El Espa\u00f1ol<\/li>\n<li><a href=\"https:\/\/news.google.com\/rss\/articles\/CBMipgFBVV95cUxPY2JLUUFud0NxdkpYTTFUYVVzSnpKUVhNejVhSVVZWDJ1SnFtM2ExTFM2RFZXOE9MYWczbFZxaHFPZ0VVcHRrOUJrQU9BRmxXMnhwYUtPLTBtdGYtaHljUUJBd09aT1hZbktmRnFENTlTdHRJcjVfRVlHZTFNQjhYdXBqY21ZUXAxanR2b0pLMm1pS3JzTUtMeFg5R3FEM01jRDJva0pR?oc=5\" target=\"_blank\" rel=\"nofollow noopener\">\u00abEl sue\u00f1o del FID es Rafa Nadal. Y haremos todo lo posible para que est\u00e9 en la d\u00e9cima edici\u00f3n\u00bb<\/a>&nbsp;&nbsp;Leonoticias<\/li>\n<li><a href=\"https:\/\/news.google.com\/rss\/articles\/CBMiwwFBVV95cUxObTBLUFd5NFV3TGNQUDVjN0F2SEFJUkdQM2dIMlk4Q3VRcnZDRnMyUzZLbExQM3JUN2M5THVmcWwtR3dzSUpYSmctaEJ0NTZjWThTMmYxOUJzZDJ2andoenhJeTEzMkVPNUoyZ05hOVM4N1A3Y1ZGdV9FX2RXY1hzRUowazNNNkRRMTBZYjc1d3BscUxnRGR6SjFDbHdxRXBSN3NENFAyT1ZLTzNDcUVuQ2c5dnQxMUhOUXozLXEzc1FUZnc?oc=5\" target=\"_blank\" rel=\"nofollow noopener\">Contador: \u00abSoy optimista sobre el futuro del ciclismo espa\u00f1ol\u00bb<\/a>&nbsp;&nbsp;Europa Press<\/li>\n<\/ol>\n","protected":false},"excerpt":{"rendered":"Alberto Contador: \u00abA veces el camino se tuerce, pero pueden surgir oportunidades\u00bb&nbsp;&nbsp;Ciclismo Alberto Contador abre la novena edici\u00f3n&hellip;\n","protected":false},"author":2,"featured_media":127076,"comment_status":"","ping_status":"","sticky":false,"template":"","format":"standard","meta":{"footnotes":""},"categories":[273],"tags":[9125,4860,313,8183,312,168,7963,9943,16580,158,25,24,11080,12369,8918,2032,826,8643,23,167,18389,43492,19678],"class_list":{"0":"post-138423","1":"post","2":"type-post","3":"status-publish","4":"format-standard","5":"has-post-thumbnail","7":"category-ciclismo","8":"tag-alberto","9":"tag-carrera","10":"tag-ciclismo","11":"tag-contador","12":"tag-cycling","13":"tag-deportes","14":"tag-deportiva","15":"tag-diferentes","16":"tag-dopaje","17":"tag-el","18":"tag-es","19":"tag-espana","20":"tag-exciclista","21":"tag-ictus","22":"tag-largo","23":"tag-profesional","24":"tag-sancionado","25":"tag-ser","26":"tag-spain","27":"tag-sports","28":"tag-sufrir","29":"tag-vicisitudes","30":"tag-vivio"},"share_on_mastodon":{"url":"","error":""},"_links":{"self":[{"href":"https:\/\/www.europesays.com\/es\/wp-json\/wp\/v2\/posts\/138423","targetHints":{"allow":["GET"]}}],"collection":[{"href":"https:\/\/www.europesays.com\/es\/wp-json\/wp\/v2\/posts"}],"about":[{"href":"https:\/\/www.europesays.com\/es\/wp-json\/wp\/v2\/types\/post"}],"author":[{"embeddable":true,"href":"https:\/\/www.europesays.com\/es\/wp-json\/wp\/v2\/users\/2"}],"replies":[{"embeddable":true,"href":"https:\/\/www.europesays.com\/es\/wp-json\/wp\/v2\/comments?post=138423"}],"version-history":[{"count":0,"href":"https:\/\/www.europesays.com\/es\/wp-json\/wp\/v2\/posts\/138423\/revisions"}],"wp:featuredmedia":[{"embeddable":true,"href":"https:\/\/www.europesays.com\/es\/wp-json\/wp\/v2\/media\/127076"}],"wp:attachment":[{"href":"https:\/\/www.europesays.com\/es\/wp-json\/wp\/v2\/media?parent=138423"}],"wp:term":[{"taxonomy":"category","embeddable":true,"href":"https:\/\/www.europesays.com\/es\/wp-json\/wp\/v2\/categories?post=138423"},{"taxonomy":"post_tag","embeddable":true,"href":"https:\/\/www.europesays.com\/es\/wp-json\/wp\/v2\/tags?post=138423"}],"curies":[{"name":"wp","href":"https:\/\/api.w.org\/{rel}","templated":true}]}}