{"id":138453,"date":"2025-09-25T18:06:24","date_gmt":"2025-09-25T18:06:24","guid":{"rendered":"https:\/\/www.europesays.com\/es\/138453\/"},"modified":"2025-09-25T18:06:24","modified_gmt":"2025-09-25T18:06:24","slug":"hamas-no-tendra-ningun-rol-en-el-gobierno","status":"publish","type":"post","link":"https:\/\/www.europesays.com\/es\/138453\/","title":{"rendered":"Ham\u00e1s no tendr\u00e1 ning\u00fan rol en el gobierno"},"content":{"rendered":"<p class=\"paragraph\" id=\"paragraph_1\">El presidente de la Autoridad Nacional Palestina (ANP), <strong>Mahmud Ab\u00e1s<\/strong>, reiter\u00f3 este jueves, durante su intervenci\u00f3n en la Asamblea General de la ONU, su<a href=\"https:\/\/www.elespanol.com\/deportes\/futbol\/20250925\/uefa-decidira-proxima-semana-suspende-israel-equipos-mayoria-miembros-favor\/1003743940446_0.html?utm_cmp_rs=linksinline\" rel=\"nofollow noopener\" target=\"_blank\"> rechazo al atentado <\/a>de Ham\u00e1s del 7 de octubre de 2023, expres\u00f3 la necesidad del desarme del grupo terrorista y asegur\u00f3 que sus miembros no tendr\u00e1n <a href=\"https:\/\/www.elespanol.com\/espana\/20250925\/buque-armada-sanchez-envia-apoyo-flotilla-gaza-equipado-material-guerra-israeli\/1003743940757_0.html?utm_cmp_rs=linksinline\" rel=\"nofollow noopener\" target=\"_blank\">ning\u00fan papel en el futuro gobierno<\/a>.<\/p>\n<p>\u00abA pesar de todo lo que ha sufrido nuestro pueblo, <strong>rechazamos los actos de Ham\u00e1s<\/strong> del 7 de octubre de 2023, cuando tomaron por blanco a los israel\u00edes\u00bb, asever\u00f3 el presidente de la ANP, que particip\u00f3 en la asamblea mediante una videollamada.<\/p>\n<p class=\"paragraph\" id=\"paragraph_2\">En este sentido, agreg\u00f3 que est\u00e1n \u00abdispuestos a <strong>asumir la plena responsabilidad de la gobernanza<\/strong> de Gaza y a garantizar su seguridad\u00bb.<\/p>\n<p><img loading=\"lazy\" decoding=\"async\" alt=\"V\u00edctor Mario Bados Nieto, general de Brigada del Ej\u00e9rcito de Tierra, durante su intervenci\u00f3n bajo el t\u00edtulo 'Situaci\u00f3n geoestrat\u00e9gica mundial'; en la tercera jornada del IV Observatorio ODS '2030, 5 a\u00f1os para la meta'.\" height=\"180\" src=\"https:\/\/www.europesays.com\/es\/wp-content\/uploads\/2025\/09\/1003743938989_258962817_320x180.jpg\" width=\"320\" data-lazy-status=\"processed\" data-lazy-info=\"remove loading item 1\"\/><\/p>\n<p class=\"paragraph\" id=\"paragraph_3\">\u00ab<strong>Ham\u00e1s no tendr\u00e1 un papel<\/strong> que desempe\u00f1ar como parte de la gobernanza\u00bb, continu\u00f3<\/p>\n<p class=\"paragraph\" id=\"paragraph_4\">El l\u00edder palestino asegur\u00f3 que \u00abIsrael comete cr\u00edmenes de <strong>lesa humanidad<\/strong> en Gaza\u00bb y consider\u00f3 que el Gobierno de Benjamin Netanyahu ha \u201cimpuesto un asedio sofocante a todo un pueblo\u201d.<\/p>\n<p class=\"paragraph\" id=\"paragraph_5\">\u00abHan asediado a un pueblo y destruido m\u00e1s del 80 % de los hogares, escuelas, iglesias, mezquitas e infraestructuras\u00bb, indic\u00f3 Ab\u00e1s sobre Gaza, para quien la ofensiva israel\u00ed en la Franja palestina \u00abse recordar\u00e1 como uno de los cap\u00edtulos m\u00e1s tr\u00e1gicos del siglo XXI\u00bb.<\/p>\n<p class=\"paragraph\" id=\"paragraph_6\">Por otra parte, denunci\u00f3 que Israel contin\u00faa expandiendo ilegalmente sus asentamientos en <strong>Cisjordania<\/strong> y afirm\u00f3 que <strong>Palestina<\/strong> rechaza y deplora rotundamente los planes para un \u00ab<strong>Gran Israel<\/strong>\u00ab.<\/p>\n<p>\u00abNo hay paz sin justicia\u00bb<\/p>\n<p class=\"paragraph\" id=\"paragraph_7\">Ab\u00e1s asegur\u00f3 que \u201cno se puede lograr la paz si no se logra la justicia\u201d, antes de subrayar que \u201cno puede haber justicia si no se libera a Palestina\u201d.<\/p>\n<p class=\"paragraph\" id=\"paragraph_8\">En este sentido, consider\u00f3 que ha llegado el momento de que <strong>la comunidad internacional<\/strong> \u201chaga lo correcto\u201d por el pueblo palestino.<\/p>\n<p class=\"paragraph\" id=\"paragraph_9\">\u201cPor mucho que dure el sufrimiento, no quebrantar\u00e1 nuestra voluntad de vivir y sobrevivir (&#8230;) <strong>El amanecer de la libertad<\/strong> surgir\u00e1 y la bandera de Palestina ondear\u00e1 en nuestros cielos\u201d, asever\u00f3.<\/p>\n<p class=\"paragraph\" id=\"paragraph_10\">Ab\u00e1s tambi\u00e9n pidi\u00f3 no confundir la solidaridad con la causa palestina con el antisemitismo, reclam\u00f3 el \u00ab<strong>fin inmediato de la guerra<\/strong>\u00bb en Gaza y la entrada de ayuda humanitaria a trav\u00e9s de organizaciones de la ONU.<\/p>\n<p class=\"paragraph\" id=\"paragraph_11\">\u00abRechazamos que se equipare nuestra lucha con el antisemitismo, que es <strong>contrario a nuestros valores<\/strong> y principios\u00bb, a\u00f1adi\u00f3, e inst\u00f3 a que se ponga \u00abpunto y final al terrorismo de a\u00f1os de los colonos (israel\u00edes en Cisjordania)\u00bb y a la \u00abconfiscaci\u00f3n de tierras y propiedades de los palestinos\u00bb.<\/p>\n<p class=\"paragraph\" id=\"paragraph_12\">Asimismo, reclam\u00f3 el cese de lo que catalog\u00f3 como \u201c<strong>terrorismo de los colonos<\/strong>\u201d y del \u201crobo de tierras y propiedades palestinas bajo el lema de la anexi\u00f3n\u201d.<\/p>\n<p class=\"paragraph\" id=\"paragraph_13\">\u00abLos habitantes de la Franja de Gaza deben permanecer en sus tierras y esta debe ser reconstruida, lo mismo que Cisjordania\u00bb, a\u00f1adi\u00f3.<\/p>\n<p>Dispuesto a trabajar con Trump<\/p>\n<p class=\"paragraph\" id=\"paragraph_14\">Durante su intervenci\u00f3n, Ab\u00e1s tambi\u00e9n dijo que est\u00e1 listo para trabajar con el presidente estadounidense, <strong>Donald Trump<\/strong>, Arabia Saudita, Francia y las Naciones Unidas para implementar un plan de paz para Gaza.<\/p>\n<p class=\"paragraph\" id=\"paragraph_15\">Este pasado domingo, <strong>Reino Unido, Portugal, Canad\u00e1 y Australia <\/strong>reconocieron el Estado de Palestina. Un d\u00eda despu\u00e9s lo hizo Francia, con lo que el n\u00famero de pa\u00edses que han adoptado esta medida es actualmente de 157.<\/p>\n<p class=\"paragraph\" id=\"paragraph_16\">Entre ellos no se encuentran Estados Unidos, Alemania, Italia o Jap\u00f3n.<\/p>\n<p class=\"paragraph\" data-mrf-recirculation=\"links-parrafos\" id=\"paragraph_17\">Precisamente, los l\u00edderes de Reino Unido, Canad\u00e1 y Australia ratificaron sus denuncias y condenas contra el grupo terrorista <strong>Ham\u00e1s <\/strong>y reclamaron que no tenga ning\u00fan papel en el futuro gobierno.<\/p>\n<p class=\"paragraph\" data-mrf-recirculation=\"links-parrafos\" id=\"paragraph_18\">Antes de mirar al futuro sin Ham\u00e1s en el Gobierno, Ab\u00e1s record\u00f3 que la ANP ha \u00abhecho todos los esfuerzos\u00bb necesarios \u00abpara construir las instituciones de un Estado palestino moderno que conviva en paz y seguridad con Israel\u201d.<\/p>\n<p class=\"paragraph\" data-mrf-recirculation=\"links-parrafos\" id=\"paragraph_19\">Al respecto, apostill\u00f3 que Israel no se ha adherido a los acuerdos y ha \u201ctrabajado para socavarlos\u201d.<\/p>\n<p class=\"paragraph\" id=\"paragraph_20\">\u201cCabe se\u00f1alar que ya reconocimos el derecho de Israel a existir en 1988 y 1993 y todav\u00eda reconocemos este derecho\u201d, concluy\u00f3.<\/p>\n","protected":false},"excerpt":{"rendered":"El presidente de la Autoridad Nacional Palestina (ANP), Mahmud Ab\u00e1s, reiter\u00f3 este jueves, durante su intervenci\u00f3n en la&hellip;\n","protected":false},"author":2,"featured_media":138454,"comment_status":"","ping_status":"","sticky":false,"template":"","format":"standard","meta":{"footnotes":""},"categories":[5],"tags":[17,18,25,24,13,14,11,19,20,3013,9,10,15,16,732,23,12,21,22],"class_list":{"0":"post-138453","1":"post","2":"type-post","3":"status-publish","4":"format-standard","5":"has-post-thumbnail","7":"category-titulares","8":"tag-breaking-news","9":"tag-breakingnews","10":"tag-es","11":"tag-espana","12":"tag-featured-news","13":"tag-featurednews","14":"tag-headlines","15":"tag-latest-news","16":"tag-latestnews","17":"tag-mundo","18":"tag-news","19":"tag-noticias","20":"tag-noticias-destacadas","21":"tag-noticiasdestacadas","22":"tag-onu","23":"tag-spain","24":"tag-titulares","25":"tag-ultimas-noticias","26":"tag-ultimasnoticias"},"share_on_mastodon":{"url":"","error":""},"_links":{"self":[{"href":"https:\/\/www.europesays.com\/es\/wp-json\/wp\/v2\/posts\/138453","targetHints":{"allow":["GET"]}}],"collection":[{"href":"https:\/\/www.europesays.com\/es\/wp-json\/wp\/v2\/posts"}],"about":[{"href":"https:\/\/www.europesays.com\/es\/wp-json\/wp\/v2\/types\/post"}],"author":[{"embeddable":true,"href":"https:\/\/www.europesays.com\/es\/wp-json\/wp\/v2\/users\/2"}],"replies":[{"embeddable":true,"href":"https:\/\/www.europesays.com\/es\/wp-json\/wp\/v2\/comments?post=138453"}],"version-history":[{"count":0,"href":"https:\/\/www.europesays.com\/es\/wp-json\/wp\/v2\/posts\/138453\/revisions"}],"wp:featuredmedia":[{"embeddable":true,"href":"https:\/\/www.europesays.com\/es\/wp-json\/wp\/v2\/media\/138454"}],"wp:attachment":[{"href":"https:\/\/www.europesays.com\/es\/wp-json\/wp\/v2\/media?parent=138453"}],"wp:term":[{"taxonomy":"category","embeddable":true,"href":"https:\/\/www.europesays.com\/es\/wp-json\/wp\/v2\/categories?post=138453"},{"taxonomy":"post_tag","embeddable":true,"href":"https:\/\/www.europesays.com\/es\/wp-json\/wp\/v2\/tags?post=138453"}],"curies":[{"name":"wp","href":"https:\/\/api.w.org\/{rel}","templated":true}]}}