{"id":138457,"date":"2025-09-25T18:09:08","date_gmt":"2025-09-25T18:09:08","guid":{"rendered":"https:\/\/www.europesays.com\/es\/138457\/"},"modified":"2025-09-25T18:09:08","modified_gmt":"2025-09-25T18:09:08","slug":"la-millonada-que-pide-conor-mcgregor-a-la-ufc-para-pelear-en-la-casa-blanca","status":"publish","type":"post","link":"https:\/\/www.europesays.com\/es\/138457\/","title":{"rendered":"La millonada que pide Conor McGregor a la UFC para pelear en la Casa Blanca"},"content":{"rendered":"<p>La <strong><a href=\"https:\/\/juanfutbol.com\/tema\/ufc\" rel=\"nofollow noopener\" target=\"_blank\">UFC<\/a><\/strong> est\u00e1 preparando un evento totalmente in\u00e9dito en la Casa Blanca y Dana White trabaja para contar con una cartelera que haga historia en la compa\u00f1\u00eda. Uno de los nombres que m\u00e1s suena para la gran velada es el de <strong><a href=\"https:\/\/juanfutbol.com\/tema\/conor-mcgregor\" rel=\"nofollow noopener\" target=\"_blank\">Conor McGregor<\/a><\/strong>, quien har\u00eda su regreso tras 4 a\u00f1os de su retiro. El irland\u00e9s ha hablado abiertamente sobre esta posibilidad y ha dejado claro cu\u00e1nto dinero quiere para participar. <\/p>\n<p>Conor McGregor es, sin duda, uno de los luchadores m\u00e1s medi\u00e1ticos de la historia de la UFC y quien m\u00e1s dinero ha generado dentro de la compa\u00f1\u00eda. Es por esto que Dana White piensa en \u2018The Notorious\u2019 para esta ocasi\u00f3n especial.<\/p>\n<p>                        Ver Tambi\u00e9n                    <\/p>\n<p>                    <img decoding=\"async\" src=\"data:image\/svg+xml,%3Csvg%20xmlns=\" http:=\"\" alt=\"\" class=\"img-fluid\" style=\"width: 100px; height: 100px; object-fit: cover;\" data-lazy-src=\"https:\/\/www.europesays.com\/es\/wp-content\/uploads\/2025\/09\/CIRCULO-NOTAS-1-14-150x150.jpg\"\/><\/p>\n<p>Con motivo del 250 aniversario de la Independencia de Estados Unidos, la UFC planea un mega evento en la Casa Blanca el4 de julio de 2026 con el aval del presidente, Donald Trump. Desde el anuncio del mismo, se espera que el combate estelar sea entre Conor McGregor y Michael Chandler. <\/p>\n<p>Conor McGregor puso condiciones para su regreso<\/p>\n<p>McGregor ha estado promocionando su vuelta al oct\u00e1gono por medio de sus redes sociales, anticipando su participaci\u00f3n en la casa presidencial en 2026. \u201c\u00a1El campe\u00f3n regresa!\u00a0A poco m\u00e1s de ocho meses de la Casa Blanca de la UFC. Tengo ganas de ver c\u00f3mo mi cuerpo se pone en forma. Mi selecci\u00f3n de golpes se est\u00e1 perfeccionando.\u00a0Mi obra maestra por pintar\u201d anunci\u00f3 el irland\u00e9s en X.<\/p>\n<p><strong>En otro posteo, el luchador de 37 a\u00f1os fue claro con lo que pide para participar. \u201c100 millones de d\u00f3lares por pelear en la Casa Blanca, junto con 100 visas doradas estadounidenses para m\u00ed, mi familia y mis amigos.\u00a0Estoy deseando volver a entretener al mundo de las peleas una vez m\u00e1s. \u00a1Un placer que jam\u00e1s doy por sentado!\u201c<\/strong>.<\/p>\n<p><img fetchpriority=\"high\" decoding=\"async\" width=\"485\" height=\"221\" src=\"data:image\/svg+xml,%3Csvg%20xmlns=\" http:=\"\" alt=\"\" class=\"wp-image-179605\" data-lazy- data-lazy- data-lazy-src=\"https:\/\/www.europesays.com\/es\/wp-content\/uploads\/2025\/09\/Captura-de-pantalla-2025-09-25-142905.png\"\/><\/p>\n<p>\u201cVoy a golpear m\u00e1s duro y con m\u00e1s veneno que nunca.\u00a0En mis entrenamientos recientes he estado pegando con una potencia brutal, y me emociona la idea de demostrarlo en vivo otra vez.\u00a0\u00a1Mis pu\u00f1os cortan el aire como misiles! Por eso, y por c\u00f3mo lo hago, tengo todos los r\u00e9cords econ\u00f3micos que existen en este deporte. \u00a1Nos vemos pronto, chicos!\u201d agreg\u00f3. <\/p>\n<p>As\u00ed ser\u00e1 el s\u00faper evento de la UFC en la Casa Blanca<\/p>\n<p>En una entrevista con Fox Sports, Dana White dio detalles de  lo que planea para este evento especial de la UFC. \u201cVa a haber alrededor de\u00a05.000 personas.\u00a0El oct\u00e1gono ya de por s\u00ed pesa casi\u00a07 toneladas.\u00a0Mi visi\u00f3n para el escenario es tener un\u00a0arco gigante\u00a0porque lo que quiero es que la Casa Blanca se vea por detr\u00e1s. Si la c\u00e1mara cambia de lado, se ver\u00e1 tambi\u00e9n el\u00a0Monumento a Washington\u201c.<\/p>\n","protected":false},"excerpt":{"rendered":"La UFC est\u00e1 preparando un evento totalmente in\u00e9dito en la Casa Blanca y Dana White trabaja para contar&hellip;\n","protected":false},"author":2,"featured_media":138458,"comment_status":"","ping_status":"","sticky":false,"template":"","format":"standard","meta":{"footnotes":""},"categories":[276],"tags":[2909,168,25,24,23,167,343],"class_list":{"0":"post-138457","1":"post","2":"type-post","3":"status-publish","4":"format-standard","5":"has-post-thumbnail","7":"category-ufc","8":"tag-conor-mcgregor","9":"tag-deportes","10":"tag-es","11":"tag-espana","12":"tag-spain","13":"tag-sports","14":"tag-ufc"},"share_on_mastodon":{"url":"","error":""},"_links":{"self":[{"href":"https:\/\/www.europesays.com\/es\/wp-json\/wp\/v2\/posts\/138457","targetHints":{"allow":["GET"]}}],"collection":[{"href":"https:\/\/www.europesays.com\/es\/wp-json\/wp\/v2\/posts"}],"about":[{"href":"https:\/\/www.europesays.com\/es\/wp-json\/wp\/v2\/types\/post"}],"author":[{"embeddable":true,"href":"https:\/\/www.europesays.com\/es\/wp-json\/wp\/v2\/users\/2"}],"replies":[{"embeddable":true,"href":"https:\/\/www.europesays.com\/es\/wp-json\/wp\/v2\/comments?post=138457"}],"version-history":[{"count":0,"href":"https:\/\/www.europesays.com\/es\/wp-json\/wp\/v2\/posts\/138457\/revisions"}],"wp:featuredmedia":[{"embeddable":true,"href":"https:\/\/www.europesays.com\/es\/wp-json\/wp\/v2\/media\/138458"}],"wp:attachment":[{"href":"https:\/\/www.europesays.com\/es\/wp-json\/wp\/v2\/media?parent=138457"}],"wp:term":[{"taxonomy":"category","embeddable":true,"href":"https:\/\/www.europesays.com\/es\/wp-json\/wp\/v2\/categories?post=138457"},{"taxonomy":"post_tag","embeddable":true,"href":"https:\/\/www.europesays.com\/es\/wp-json\/wp\/v2\/tags?post=138457"}],"curies":[{"name":"wp","href":"https:\/\/api.w.org\/{rel}","templated":true}]}}