{"id":138465,"date":"2025-09-25T18:14:09","date_gmt":"2025-09-25T18:14:09","guid":{"rendered":"https:\/\/www.europesays.com\/es\/138465\/"},"modified":"2025-09-25T18:14:09","modified_gmt":"2025-09-25T18:14:09","slug":"otro-lesionado-mas-en-el-valencia-basket-y-ya-van-cuatro-antes-de-la-supercopa","status":"publish","type":"post","link":"https:\/\/www.europesays.com\/es\/138465\/","title":{"rendered":"Otro lesionado m\u00e1s en el Valencia Basket (y ya van cuatro), antes de la Supercopa"},"content":{"rendered":"<p class=\"ft-text ft-helper-align-justify\"><strong>El Valencia Basket afronta este fin de semana la <\/strong><a class=\"ft-link ft-link--decoration\" href=\"https:\/\/www.superdeporte.es\/tags\/supercopa-endesa\/\" rel=\"nofollow noopener\" target=\"_blank\"><strong>Supercopa Endesa<\/strong><\/a><strong> con una plantilla mermada. <\/strong>A la lista de bajas se ha unido este jueves una m\u00e1s: la del p\u00edvot Yankuba Sima. <a class=\"ft-link ft-link--decoration\" href=\"https:\/\/www.superdeporte.es\/valencia-basket\/2025\/09\/24\/yankuba-sima-valencia-basket-presentacion-121924222.html\" rel=\"nofollow noopener\" target=\"_blank\">El jugador taronja, que fue presentado el pasado mi\u00e9rcoles,<\/a> no ha podido ejercitarse con el resto de sus compa\u00f1eros debido a molestias musculares en una pierna. Una circunstancia que ha motivado que Sima sea sometido a pruebas m\u00e9dicas de urgencia. Por la tarde se cumpl\u00edan los peores pron\u00f3sticos y el club, en un comunicado, anunciaba la baja de Sima para de semifinales de la Supercopa que se celebra este s\u00e1bado ante el <a class=\"ft-link ft-link--decoration\" href=\"https:\/\/www.superdeporte.es\/tags\/unicaja-de-malaga\/\" rel=\"nofollow noopener\" target=\"_blank\">Unicaja M\u00e1laga<\/a>. El parte m\u00e9dico emitido por el Valencia Basket afirma lo siguiente: \u00bb El p\u00edvot Yankuba Sima causar\u00e1 baja para la Supercopa Endesa, en la que Valencia Basket se mide en semifinales al Unicaja el s\u00e1bado 27 de septiembre a las 18:00 horas, debido a una lesi\u00f3n muscular en la pierna izquierda que sufri\u00f3 en el \u00faltimo partido de preparaci\u00f3n en Pontevedra\u00bb.<\/p>\n<p>Acumulaci\u00f3n de lesionados<\/p>\n<p class=\"ft-text\"><strong>La lesi\u00f3n de Yankuba Sima supone un problema a\u00f1adido para <\/strong><a class=\"ft-link ft-link--decoration\" href=\"https:\/\/www.superdeporte.es\/tags\/pedro-martinez\/\" rel=\"nofollow noopener\" target=\"_blank\">Pedro Mart\u00ednez <\/a>ya que en pretemporada se han acumulado las lesiones. Adem\u00e1s de la baja de Sima, destacan las ausencias tambi\u00e9n por lesi\u00f3n para la Supercopa de tres jugadores claves en el juego exterior: <a class=\"ft-link ft-link--decoration\" href=\"https:\/\/www.superdeporte.es\/valencia-basket\/2025\/09\/18\/tres-bajas-supercopa-inicio-de-la-euroliga-121700099.html\" rel=\"nofollow noopener\" target=\"_blank\">Brancou Badio, Jean Montero y Xabi L\u00f3pez-Arostegui.<\/a> Badio sigue recuper\u00e1ndose tambi\u00e9n de problemas musculares, mientras Jean Montero pas\u00f3 por el quir\u00f3fano a causa de un problema en una mano al igual que L\u00f3pez-Arostegui que sufri\u00f3 una fractura en una mano. Otra ausencia es la del interior <strong>Ethan Happ<\/strong>, que no se ha recuperado a\u00fan de la lesi\u00f3n en el pie derecho que le tuvo sin jugar casi toda la pasada campa\u00f1a y de la que fue operado hace unos meses en Estados Unidos.<\/p>\n<p class=\"ft-text\">La expedici\u00f3n del Valencia Basket viajar\u00e1 este viernes por la noche a M\u00e1laga, escenario este fin de semana de la Supercopa.<\/p>\n","protected":false},"excerpt":{"rendered":"El Valencia Basket afronta este fin de semana la Supercopa Endesa con una plantilla mermada. A la lista&hellip;\n","protected":false},"author":2,"featured_media":138466,"comment_status":"","ping_status":"","sticky":false,"template":"","format":"standard","meta":{"footnotes":""},"categories":[269],"tags":[299,1918,298,954,168,25,24,14498,12326,23,167,4611,6840,2246,235,2916,6005],"class_list":{"0":"post-138465","1":"post","2":"type-post","3":"status-publish","4":"format-standard","5":"has-post-thumbnail","7":"category-baloncesto","8":"tag-baloncesto","9":"tag-basket","10":"tag-basketball","11":"tag-cuatro","12":"tag-deportes","13":"tag-es","14":"tag-espana","15":"tag-lesionado","16":"tag-pedro-martinez","17":"tag-spain","18":"tag-sports","19":"tag-supercopa","20":"tag-supercopa-endesa","21":"tag-unicaja","22":"tag-valencia","23":"tag-valencia-basket","24":"tag-yankuba-sima"},"share_on_mastodon":{"url":"","error":""},"_links":{"self":[{"href":"https:\/\/www.europesays.com\/es\/wp-json\/wp\/v2\/posts\/138465","targetHints":{"allow":["GET"]}}],"collection":[{"href":"https:\/\/www.europesays.com\/es\/wp-json\/wp\/v2\/posts"}],"about":[{"href":"https:\/\/www.europesays.com\/es\/wp-json\/wp\/v2\/types\/post"}],"author":[{"embeddable":true,"href":"https:\/\/www.europesays.com\/es\/wp-json\/wp\/v2\/users\/2"}],"replies":[{"embeddable":true,"href":"https:\/\/www.europesays.com\/es\/wp-json\/wp\/v2\/comments?post=138465"}],"version-history":[{"count":0,"href":"https:\/\/www.europesays.com\/es\/wp-json\/wp\/v2\/posts\/138465\/revisions"}],"wp:featuredmedia":[{"embeddable":true,"href":"https:\/\/www.europesays.com\/es\/wp-json\/wp\/v2\/media\/138466"}],"wp:attachment":[{"href":"https:\/\/www.europesays.com\/es\/wp-json\/wp\/v2\/media?parent=138465"}],"wp:term":[{"taxonomy":"category","embeddable":true,"href":"https:\/\/www.europesays.com\/es\/wp-json\/wp\/v2\/categories?post=138465"},{"taxonomy":"post_tag","embeddable":true,"href":"https:\/\/www.europesays.com\/es\/wp-json\/wp\/v2\/tags?post=138465"}],"curies":[{"name":"wp","href":"https:\/\/api.w.org\/{rel}","templated":true}]}}