{"id":138473,"date":"2025-09-25T18:19:14","date_gmt":"2025-09-25T18:19:14","guid":{"rendered":"https:\/\/www.europesays.com\/es\/138473\/"},"modified":"2025-09-25T18:19:14","modified_gmt":"2025-09-25T18:19:14","slug":"eurovision-adelanta-a-noviembre-la-votacion-sobre-la-participacion-de-israel-en-el-festival","status":"publish","type":"post","link":"https:\/\/www.europesays.com\/es\/138473\/","title":{"rendered":"Eurovisi\u00f3n adelanta a noviembre la votaci\u00f3n sobre la participaci\u00f3n de Israel en el festival"},"content":{"rendered":"<p>25\/09\/2025<br \/>\n<br \/><strong><br \/>\nActualizado a las 19:59h.<br \/>\n<\/strong><\/p>\n<p class=\"voc-p\" style=\"\"><a href=\"https:\/\/www.abc.es\/noticias\/eurovision\/\" title=\"www.abc.es\" data-voc-vtm-id=\"in-text-traffic\" data-mrf-link=\"www.abc.es\" rel=\"nofollow noopener\" target=\"_blank\">Eurovisi\u00f3n<\/a><strong> ha adelantado a noviembre <\/strong>la reuni\u00f3n donde la Uni\u00f3n Europea de Radiodifusi\u00f3n (UER) y todos sus miembros decidir\u00e1n sobre la participaci\u00f3n de Israel en el festival de la canci\u00f3n de 2026, que tendr\u00e1 lugar en Viena (Austria), tal y como ha confirmado RTVE.<\/p>\n<p class=\"voc-p\" style=\"\">La UER ha tomado esta decisi\u00f3n en vista de la <strong>\u00abdiversidad de opiniones sin precedentes\u00bb<\/strong> entre los pa\u00edses miembros al respecto, seg\u00fan reza el comunicado emitido por la Uni\u00f3n. Ante esta situaci\u00f3n, la Junta ha considerado que la cuesti\u00f3n merece ser debatida democr\u00e1ticamente en un foro donde todos los estados tengan voz.<\/p>\n<p class=\"voc-p\" style=\"\">\u00abConsecuentemente, la Junta ha decidido organizar una sesi\u00f3n extraordinaria de la Asamblea General, que <strong>se celebrar\u00e1 en l\u00ednea a principios de noviembre<\/strong>, para que los miembros voten sobre la cuesti\u00f3n de la participaci\u00f3n en el Festival de Eurovisi\u00f3n 2026\u00bb, contin\u00faa el documento.<\/p>\n<p class=\"voc-p\" style=\"\">Espa\u00f1a <strong>ya decidi\u00f3 la semana pasada que no participar\u00eda <\/strong>en Eurovisi\u00f3n si lo hac\u00eda Israel en una votaci\u00f3n realizada el pasado 16 de septiembre en el Consejo de Administraci\u00f3n de Radiotelevisi\u00f3n Espa\u00f1ola despu\u00e9s de que el presidente de la corporaci\u00f3n, Jos\u00e9 Pablo L\u00f3pez, trasladara esta posibilidad a los consejeros.<\/p>\n<blockquote class=\"twitter-tweet\">\n<p lang=\"en\" dir=\"ltr\">\ud83d\udce1 Krone has published the letter sent on behalf of EBU President Ms. Delphine Ernotte-Cunci, confirming the meeting for early November.<\/p>\n<p>\u00abThe Board agreed that this question merited a broader democratic basis for a decision, whereby all Members should be given a voice.\u00bb <a href=\"https:\/\/t.co\/VREVQIsYwU\" rel=\"nofollow\">https:\/\/t.co\/VREVQIsYwU<\/a> <a href=\"https:\/\/t.co\/qAsnBYhUjA\" rel=\"nofollow\">pic.twitter.com\/qAsnBYhUjA<\/a><\/p>\n<p>\u2014 ESC Discord (@ESCdiscord) <a href=\"https:\/\/twitter.com\/ESCdiscord\/status\/1971254312451047598?ref_src=twsrc%5Etfw\" rel=\"nofollow noopener\" target=\"_blank\">September 25, 2025<\/a><\/p><\/blockquote>\n<p class=\"voc-p\" style=\"\">Espa\u00f1a se convirti\u00f3, as\u00ed, en<strong> el quinto pa\u00eds en confirmar su retirada<\/strong> de Eurovisi\u00f3n si Israel participaba tras Pa\u00edses Bajos, Eslovenia, Islandia e Irlanda. Mientras tanto, el director de la radio p\u00fablica israel\u00ed, Kan, ha rechazado ausentarse de la edici\u00f3n de 2026 del festival, seg\u00fan inform\u00f3 &#8216;The Times of Israel&#8217;. <\/p>\n<p class=\"voc-p\" style=\"\">\u00ab<strong>No hay raz\u00f3n <\/strong>para que Israel no siga siendo una parte importante de este evento cultural, que no puede volverse pol\u00edtico\u00bb, defendi\u00f3 el consejero delegado de Kan, Golan Yochpaz, en un evento de presentaci\u00f3n del nuevo contenido de la cadena para este oto\u00f1o.<\/p>\n<p>Reportar un error<\/p>\n<p><script async src=\"https:\/\/platform.twitter.com\/widgets.js\" charset=\"utf-8\"><\/script><\/p>\n","protected":false},"excerpt":{"rendered":"25\/09\/2025 Actualizado a las 19:59h. Eurovisi\u00f3n ha adelantado a noviembre la reuni\u00f3n donde la Uni\u00f3n Europea de Radiodifusi\u00f3n&hellip;\n","protected":false},"author":2,"featured_media":138474,"comment_status":"","ping_status":"","sticky":false,"template":"","format":"standard","meta":{"footnotes":""},"categories":[171],"tags":[294,146,147,25,24,24121,3931,74,43498,2599,57,23,214,20964],"class_list":{"0":"post-138473","1":"post","2":"type-post","3":"status-publish","4":"format-standard","5":"has-post-thumbnail","7":"category-tv","8":"tag-adelanta","9":"tag-entertainment","10":"tag-entretenimiento","11":"tag-es","12":"tag-espana","13":"tag-eurovision","14":"tag-festival","15":"tag-israel","16":"tag-noviemrbe","17":"tag-participacion","18":"tag-sobre","19":"tag-spain","20":"tag-tv","21":"tag-votacion"},"share_on_mastodon":{"url":"","error":""},"_links":{"self":[{"href":"https:\/\/www.europesays.com\/es\/wp-json\/wp\/v2\/posts\/138473","targetHints":{"allow":["GET"]}}],"collection":[{"href":"https:\/\/www.europesays.com\/es\/wp-json\/wp\/v2\/posts"}],"about":[{"href":"https:\/\/www.europesays.com\/es\/wp-json\/wp\/v2\/types\/post"}],"author":[{"embeddable":true,"href":"https:\/\/www.europesays.com\/es\/wp-json\/wp\/v2\/users\/2"}],"replies":[{"embeddable":true,"href":"https:\/\/www.europesays.com\/es\/wp-json\/wp\/v2\/comments?post=138473"}],"version-history":[{"count":0,"href":"https:\/\/www.europesays.com\/es\/wp-json\/wp\/v2\/posts\/138473\/revisions"}],"wp:featuredmedia":[{"embeddable":true,"href":"https:\/\/www.europesays.com\/es\/wp-json\/wp\/v2\/media\/138474"}],"wp:attachment":[{"href":"https:\/\/www.europesays.com\/es\/wp-json\/wp\/v2\/media?parent=138473"}],"wp:term":[{"taxonomy":"category","embeddable":true,"href":"https:\/\/www.europesays.com\/es\/wp-json\/wp\/v2\/categories?post=138473"},{"taxonomy":"post_tag","embeddable":true,"href":"https:\/\/www.europesays.com\/es\/wp-json\/wp\/v2\/tags?post=138473"}],"curies":[{"name":"wp","href":"https:\/\/api.w.org\/{rel}","templated":true}]}}