{"id":138479,"date":"2025-09-25T18:22:13","date_gmt":"2025-09-25T18:22:13","guid":{"rendered":"https:\/\/www.europesays.com\/es\/138479\/"},"modified":"2025-09-25T18:22:13","modified_gmt":"2025-09-25T18:22:13","slug":"juan-ayuso-liderara-el-lidl-los-proximos-cinco-anos-ciclismo-deportes","status":"publish","type":"post","link":"https:\/\/www.europesays.com\/es\/138479\/","title":{"rendered":"Juan Ayuso liderar\u00e1 el Lidl los pr\u00f3ximos cinco a\u00f1os | Ciclismo | Deportes"},"content":{"rendered":"<p class=\"\"><a href=\"https:\/\/elpais.com\/deportes\/ciclismo\/2024-09-29\/contra-pogacar-en-el-mundial-espana-alinea-a-ayuso-y-siete-figuras-mas.html\" target=\"_self\" rel=\"nofollow noopener\" title=\"https:\/\/elpais.com\/deportes\/ciclismo\/2024-09-29\/contra-pogacar-en-el-mundial-espana-alinea-a-ayuso-y-siete-figuras-mas.html\">Todo el espacio y toda la luz para Juan Ayuso en la selecci\u00f3n espa\u00f1ola,<\/a> que en Kigali (Ruanda), el coraz\u00f3n de la \u00c1frica de los gorilas, el comercio b\u00e9lico de diamantes y colt\u00e1n y los grandes lagos, disputar\u00e1 el Mundial, y no se conforma con la plata, anuncia. <a href=\"https:\/\/elpais.com\/deportes\/ciclismo\/2025-09-01\/juan-ayuso-y-el-equipo-uae-separan-sus-caminos-antes-de-tiempo-y-de-mutuo-acuerdo.html\" target=\"_self\" rel=\"nofollow noopener\" title=\"https:\/\/elpais.com\/deportes\/ciclismo\/2025-09-01\/juan-ayuso-y-el-equipo-uae-separan-sus-caminos-antes-de-tiempo-y-de-mutuo-acuerdo.html\">Todo el poder para \u00e9l, a los 23 a\u00f1os a\u00fan,<\/a> y tanto recorrido ya con lo mejor del ciclismo mundial, tambi\u00e9n en el Lidl-Trek, uno de los mejores equipos del World Tour <a href=\"https:\/\/elpais.com\/deportes\/ciclismo\/2025-05-14\/obra-maestra-de-pedersen-y-vacek-en-la-quinta-etapa-del-giro-de-italia.html\" target=\"_self\" rel=\"nofollow noopener\" title=\"https:\/\/elpais.com\/deportes\/ciclismo\/2025-05-14\/obra-maestra-de-pedersen-y-vacek-en-la-quinta-etapa-del-giro-de-italia.html\">(el del gran Mads Pedersen<\/a> y el escalador Giulio Ciccone), que anuncia que alrededor de sus anchas espaldas edificar\u00e1 su futuro en las pruebas por etapas y crecer\u00e1 su ambici\u00f3n de convertirse en el mejor equipo del mundo, un objetivo que solo se consigue ganando el Tour de Francia. Y esta perspectiva no le asusta en absoluto a Ayuso, que ha roto su contrato hasta el 28 con UAE, donde deb\u00eda compartir espacio vital y ox\u00edgeno con Isaac del Toro, Joao Almeida y otros aspirantes a suceder a King Pogacar. Le encanta. La buscaba.<\/p>\n<p class=\"\">\u201cEl proyecto a largo plazo que est\u00e1n llevando a cabo es algo \u00fanico y especial. Siento que es un lugar en el que puedo dar el siguiente paso en mi desarrollo, rodeado de ciclistas y personal que comparten los mismos objetivos\u201d, declara Ayuso en la nota de prensa que envi\u00f3 el equipo para anunciar oficialmente una contrataci\u00f3n que se cerr\u00f3 en el mes de agosto, entre el Tour y la Vuelta, cuando Giovanni Lombardi, el agente del ciclista, consigui\u00f3 que Mauro Gianetti, m\u00e1nager del UAE, firmara su carta de libertad. \u201cQuiero seguir mejorando en las carreras m\u00e1s importantes; el equipo tiene la ambici\u00f3n de convertirse en el mejor del mundo, as\u00ed que estoy deseando contribuir a ese \u00e9xito\u201d.<\/p>\n<p class=\"\">La importancia que le concede el Lidl construido por Luca Guercilena se puede medir con un solo dato m\u00e1s all\u00e1 del salario, unos tres millones de euros anuales: despu\u00e9s de Pedersen, m\u00e1ximo representante de la marca, bandera del Lidl con contrato vitalicio, el del ciclista espa\u00f1ol es el contrato m\u00e1s largo que ha cerrado la firma de supermercados y su socio Trek, fabricante de bicicletas norteamericano. El de Giulio Ciccone concluye en 2027, el del sprinter Jonathan Milan y el potente checo Mathias Vacek, en 2029. El de Ayuso, el 31 de diciembre de 2030, justamente el mismo d\u00eda que el de Tadej Pogacar con el UAE. Ning\u00fan otro ciclista espa\u00f1ol ha conseguido tal tratamiento.<\/p>\n<p class=\"\">\u201cJuan es uno de los j\u00f3venes talentos m\u00e1s brillantes del ciclismo. Todav\u00eda tiene margen de crecimiento, y nos comprometemos a darle todo el apoyo que necesite para alcanzar su m\u00e1ximo potencial\u201d, dice, en la misma nota, Guercilena. \u201cLa incorporaci\u00f3n de Juan es un paso importante en nuestra visi\u00f3n a largo plazo\u201d.<\/p>\n<p class=\"\"><a href=\"https:\/\/elpais.com\/deportes\/ciclismo\/2025-09-19\/la-intolerable-injerencia-de-la-uci-mentiras-e-incoherencias-frente-al-espejo-de-la-historia.html\" target=\"_self\" rel=\"nofollow noopener\" title=\"https:\/\/elpais.com\/deportes\/ciclismo\/2025-09-19\/la-intolerable-injerencia-de-la-uci-mentiras-e-incoherencias-frente-al-espejo-de-la-historia.html\">La Uni\u00f3n Ciclista Internacional (UCI)<\/a> acaba de dar carpetazo la Copa de las Naciones sub-23, su veterano proyecto para proyectar la cantera, para potenciar la Copa de las Naciones j\u00fanior. Se adapta as\u00ed a los nuevos aires de los tiempos que soplan desde el a\u00f1o de la pandemia: el salto del profesionalismo a los 18 o 19 a\u00f1os, ciclistas juveniles que se saltan el escal\u00f3n amateur o sub-23. Juan Ayuso es, precisamente, uno de los principales protagonistas de la prematuridad. Nacido en septiembre de 2002, lleg\u00f3 al WorldTour en mayo del 22, a los 19 a\u00f1os, pocas semanas despu\u00e9s de ganar el Giro baby. Y lleg\u00f3 ya como figura. A esa edad corri\u00f3 su primera Vuelta, que acab\u00f3 tercero. Y antes de cumplir los 23 ya ha ganado etapas en Vuelta y Giro, y dos pruebas por etapas del calendario WorldTour, la Itzulia y la Tirreno-Adri\u00e1tico. <\/p>\n","protected":false},"excerpt":{"rendered":"Todo el espacio y toda la luz para Juan Ayuso en la selecci\u00f3n espa\u00f1ola, que en Kigali (Ruanda),&hellip;\n","protected":false},"author":2,"featured_media":138480,"comment_status":"","ping_status":"","sticky":false,"template":"","format":"standard","meta":{"footnotes":""},"categories":[93],"tags":[2839,313,2838,1540,168,25,24,4657,8883,11482,23,167,2322,27570],"class_list":{"0":"post-138479","1":"post","2":"type-post","3":"status-publish","4":"format-standard","5":"has-post-thumbnail","7":"category-deportes","8":"tag-carreras-ciclistas","9":"tag-ciclismo","10":"tag-ciclistas","11":"tag-competiciones","12":"tag-deportes","13":"tag-es","14":"tag-espana","15":"tag-juan-ayuso","16":"tag-lidl","17":"tag-lidl-trek","18":"tag-spain","19":"tag-sports","20":"tag-tour-francia","21":"tag-uae-team-emirates"},"share_on_mastodon":{"url":"","error":""},"_links":{"self":[{"href":"https:\/\/www.europesays.com\/es\/wp-json\/wp\/v2\/posts\/138479","targetHints":{"allow":["GET"]}}],"collection":[{"href":"https:\/\/www.europesays.com\/es\/wp-json\/wp\/v2\/posts"}],"about":[{"href":"https:\/\/www.europesays.com\/es\/wp-json\/wp\/v2\/types\/post"}],"author":[{"embeddable":true,"href":"https:\/\/www.europesays.com\/es\/wp-json\/wp\/v2\/users\/2"}],"replies":[{"embeddable":true,"href":"https:\/\/www.europesays.com\/es\/wp-json\/wp\/v2\/comments?post=138479"}],"version-history":[{"count":0,"href":"https:\/\/www.europesays.com\/es\/wp-json\/wp\/v2\/posts\/138479\/revisions"}],"wp:featuredmedia":[{"embeddable":true,"href":"https:\/\/www.europesays.com\/es\/wp-json\/wp\/v2\/media\/138480"}],"wp:attachment":[{"href":"https:\/\/www.europesays.com\/es\/wp-json\/wp\/v2\/media?parent=138479"}],"wp:term":[{"taxonomy":"category","embeddable":true,"href":"https:\/\/www.europesays.com\/es\/wp-json\/wp\/v2\/categories?post=138479"},{"taxonomy":"post_tag","embeddable":true,"href":"https:\/\/www.europesays.com\/es\/wp-json\/wp\/v2\/tags?post=138479"}],"curies":[{"name":"wp","href":"https:\/\/api.w.org\/{rel}","templated":true}]}}