{"id":138506,"date":"2025-09-25T18:37:11","date_gmt":"2025-09-25T18:37:11","guid":{"rendered":"https:\/\/www.europesays.com\/es\/138506\/"},"modified":"2025-09-25T18:37:11","modified_gmt":"2025-09-25T18:37:11","slug":"el-presidente-del-lointek-gernika-rechaza-jugar-contra-el-equipo-israeli-en-la-eurocup-saskibaloia","status":"publish","type":"post","link":"https:\/\/www.europesays.com\/es\/138506\/","title":{"rendered":"El presidente del Lointek Gernika rechaza jugar contra el equipo israel\u00ed en la Eurocup | Saskibaloia"},"content":{"rendered":"<p>        <img decoding=\"async\" alt=\"El presidente del Gernika, Gerardo Candina, en el centro, durante una compaeecencia la semana pasada.\" height=\"800\" loading=\"lazy\"  src=\"https:\/\/www.europesays.com\/es\/wp-content\/uploads\/2025\/09\/Gernika-Candina.jpg\"  width=\"1200\"\/>El presidente del Gernika, Gerardo Candina, en el centro, durante una compaeecencia la semana pasada. (Oskar MATXIN | FOKU)<\/p>\n<p><a href=\"https:\/\/www.naiz.eus\/eu\/info\/noticia\/20250924\/sin-sorpresas-ni-sobresaltos-lointek-gernika-estara-en-la-fase-de-grupos-de-la-eurocup\" rel=\"nofollow noopener\" target=\"_blank\">Lointek Gernika Bizkaia logr\u00f3 el mi\u00e9rcoles por la noche clasificarse para la fase de grupos de la Eurocup Women<\/a>, donde ha quedado encuadrado en el Grupo C, junto con el PEC de Hungr\u00eda y el Uni\u00f3n Deportiva de Portugal, adem\u00e1s del israel\u00ed Elitzur Ramla, con partidos de ida y vuelta.<\/p>\n<p>Al d\u00eda siguiente de cumplir uno de los objetivos del club esta temporada,\u00a0 el presidente del Lointek Gernika Bizkaia, Gerardo Candina, ha anunciado que el equipo no disputar\u00e1 los partidos de la fase de grupos de la EuroCup femenina frente al equipo israel\u00ed. As\u00ed lo ha asegurado el propio Candina a la Cadena Ser, aunque ha se\u00f1alado que se trata de una decisi\u00f3n personal que en los pr\u00f3ximos d\u00edas valorar\u00e1 la junta directiva.<\/p>\n<p>\u00abLa idea es no jugar el partido porque estamos absolutamente en contra del brutal genocidio en la franja de Gaza. Creo que todo el mundo tiene que darse cuenta de esto y, en este caso, que la FIBA act\u00fae como tenga que actuar\u00bb, ha se\u00f1alado el presidente en relaci\u00f3n con las posibles consecuencias de la FIBA por la decisi\u00f3n del equipo vizca\u00edno.<\/p>\n<p>En un principio, el Lointek Gernika, seg\u00fan el calendario, deber\u00eda viajar a Israel en octubre y el equipo israel\u00ed a Gernika en noviembre, aunque varias medios hab\u00edan informado de que el Elitzur Ramla hab\u00eda pedido jugar fuera de casas sus partidos.<\/p>\n<p>De todas formas, habr\u00e1 que esperar a la decisi\u00f3n oficial del equipo gernikarra y, tras ella, a la FIBA. Ya en 2013 optaron por anular los partidos con equipos israel\u00edes por motivos de seguridad.<\/p>\n<p>No obstante, en la Euroliga masculina \u2013que no depende de la FIBA\u2013 todo apunta a que los encuentros con equipos israel\u00edes, el Maccabi y el Hapoel, no se suspender\u00e1n por el momento a pesar de que <a href=\"https:\/\/www.naiz.eus\/eu\/info\/noticia\/20250910\/el-diputado-general-de-araba-ramiro-gonzalez-pide-a-la-euroliga-que-expulse-a-maccabi-y-hapoel\" rel=\"nofollow noopener\" target=\"_blank\">el diputado general de Araba, Ramiro Gonz\u00e1lez, pidiese hace pocos d\u00edas que se les expulse<\/a>.<\/p>\n<p>El partido de Gasteiz contra el Saski Baskonia se celebrar\u00e1 en abril. El Hapoel estar\u00e1 en octubre en Valencia y despu\u00e9s visitar\u00e1 casi seguidas Barcelona, Madrid y Gasteiz. F\u00e9lix Fern\u00e1ndez, mano derecha del presidente del Saski Baskonia, Josean Querejeta, ha manifestado que la decisi\u00f3n es de la Euroliga y que, por el momento, nada ha cambiado. \u00abObviamente, hay una situaci\u00f3n humanitaria y de guerra que traspasa ciertos \u00e1mbitos. No somos ajenos a las im\u00e1genes, a la violencia\u00bb, ha puntualizado.<\/p>\n","protected":false},"excerpt":{"rendered":"El presidente del Gernika, Gerardo Candina, en el centro, durante una compaeecencia la semana pasada. (Oskar MATXIN |&hellip;\n","protected":false},"author":2,"featured_media":138507,"comment_status":"","ping_status":"","sticky":false,"template":"","format":"standard","meta":{"footnotes":""},"categories":[269],"tags":[299,298,19913,168,622,25,24,832,3705,703,7532,9276,1461,1350,23,167],"class_list":{"0":"post-138506","1":"post","2":"type-post","3":"status-publish","4":"format-standard","5":"has-post-thumbnail","7":"category-baloncesto","8":"tag-baloncesto","9":"tag-basketball","10":"tag-contra","11":"tag-deportes","12":"tag-equipo","13":"tag-es","14":"tag-espana","15":"tag-eurocup","16":"tag-gernika","17":"tag-israeli","18":"tag-jugar","19":"tag-lointek","20":"tag-presidente","21":"tag-rechaza","22":"tag-spain","23":"tag-sports"},"share_on_mastodon":{"url":"","error":""},"_links":{"self":[{"href":"https:\/\/www.europesays.com\/es\/wp-json\/wp\/v2\/posts\/138506","targetHints":{"allow":["GET"]}}],"collection":[{"href":"https:\/\/www.europesays.com\/es\/wp-json\/wp\/v2\/posts"}],"about":[{"href":"https:\/\/www.europesays.com\/es\/wp-json\/wp\/v2\/types\/post"}],"author":[{"embeddable":true,"href":"https:\/\/www.europesays.com\/es\/wp-json\/wp\/v2\/users\/2"}],"replies":[{"embeddable":true,"href":"https:\/\/www.europesays.com\/es\/wp-json\/wp\/v2\/comments?post=138506"}],"version-history":[{"count":0,"href":"https:\/\/www.europesays.com\/es\/wp-json\/wp\/v2\/posts\/138506\/revisions"}],"wp:featuredmedia":[{"embeddable":true,"href":"https:\/\/www.europesays.com\/es\/wp-json\/wp\/v2\/media\/138507"}],"wp:attachment":[{"href":"https:\/\/www.europesays.com\/es\/wp-json\/wp\/v2\/media?parent=138506"}],"wp:term":[{"taxonomy":"category","embeddable":true,"href":"https:\/\/www.europesays.com\/es\/wp-json\/wp\/v2\/categories?post=138506"},{"taxonomy":"post_tag","embeddable":true,"href":"https:\/\/www.europesays.com\/es\/wp-json\/wp\/v2\/tags?post=138506"}],"curies":[{"name":"wp","href":"https:\/\/api.w.org\/{rel}","templated":true}]}}