{"id":138547,"date":"2025-09-25T19:02:09","date_gmt":"2025-09-25T19:02:09","guid":{"rendered":"https:\/\/www.europesays.com\/es\/138547\/"},"modified":"2025-09-25T19:02:09","modified_gmt":"2025-09-25T19:02:09","slug":"el-gesto-de-adela-gonzalez-con-una-companera-que-perdio-a-su-marido-y-su-casa-en-el-incendio-de-vallecas","status":"publish","type":"post","link":"https:\/\/www.europesays.com\/es\/138547\/","title":{"rendered":"El gesto de Adela Gonz\u00e1lez con una compa\u00f1era que perdi\u00f3 a su marido y su casa en el incendio de Vallecas"},"content":{"rendered":"<p class=\"v-mdl-ath__p v-mdl-ath__p--6\">\nJueves, 25 de septiembre 2025, 17:47<\/p>\n<p class=\"v-p\">La presentadora vasca Adela Gonz\u00e1lez ha protagonizado un cari\u00f1oso gesto con Mar\u00eda Eugenia, su compa\u00f1era de comedores en las instalaciones de Prado del Rey de RTVE. La conductora de Ma\u00f1aneros, el espacio que codirige junto a Javier Ruiz, ha compartido en sus redes sociales una iniciativa solidaria para ayudar econ\u00f3micamente a esta mujer, que ha perdido a su marido y su casa de alquiler en el incendio de Vallecas que se produjo el pasado s\u00e1bado 13 de septiembre. <\/p>\n<p class=\"v-p\"><a href=\"https:\/\/www.gofundme.com\/f\/ayuda-urgente-para-maria-eugenia-companera-de-comedores-rtve?attribution_id=sl:4b540cbd-d934-4e7b-84ec-b2a9d16991ed&amp;lang=es_ES&amp;ts=1758810380&amp;utm_campaign=fp_sharesheet&amp;utm_medium=customer&amp;utm_source=instagram_story\" target=\"_blank\" data-voc-vtm-id=\"in-text-traffic\" title=\"La iniciativa fue lanzada por otro de sus compa\u00f1eros, el dise\u00f1ador gr\u00e1fico Fernando Su\u00e1rez\" data-mrf-link=\"www.gofundme.com\" rel=\"nofollow noopener\">La iniciativa fue lanzada por otro de sus compa\u00f1eros, el dise\u00f1ador gr\u00e1fico Fernando Su\u00e1rez<\/a>. \u00abEstoy organizando esta campa\u00f1a solidaria para ayudar a nuestra compa\u00f1era de comedores, Mar\u00eda Eugenia. Trabaja en el comedor de Prado del Rey, donde cada d\u00eda atiende con dedicaci\u00f3n a los trabajadores de RTVE. La semana pasada sufri\u00f3 una tragedia devastadora: una explosi\u00f3n de gas destruy\u00f3 por completo la vivienda en la que viv\u00eda legalmente alquilada y acab\u00f3 con la vida de su marido\u00bb, relata este profesional del ente p\u00fablico.<\/p>\n<p><img decoding=\"async\" loading=\"lazy\" src=\"https:\/\/www.europesays.com\/es\/wp-content\/uploads\/2025\/09\/maria-eugenia-k5wC--650x975@El Correo.jpeg\" class=\"v-a-img\" width=\"650\" height=\"975\" alt=\"\" data-voc-vtm-id=\"in-text-traffic\"\/><\/p>\n<p class=\"v-p\">Su\u00e1rez explica que \u00abMar\u00eda Eugenia se ha quedado sin nada. Una compa\u00f1era del comedor la ha acogido en su casa temporalmente, y entre todos intentamos ayudarla en lo que podemos\u00bb. La campa\u00f1a tiene como objetivo aportar un granito de arena econ\u00f3mico para \u00abapoyarla en este momento tan duro y ayudarla a reconstruir su vida\u00bb, bien sea desde los trabajadores de RTVE o cualquier otra persona que quiera sumarse. \u00abCualquier aportaci\u00f3n, por peque\u00f1a que sea, marcar\u00e1 la diferencia\u00bb, pide el promotor de la iniciativa.<\/p>\n<p>Comenta<\/p>\n<p>Reporta un error<\/p>\n","protected":false},"excerpt":{"rendered":"Jueves, 25 de septiembre 2025, 17:47 La presentadora vasca Adela Gonz\u00e1lez ha protagonizado un cari\u00f1oso gesto con Mar\u00eda&hellip;\n","protected":false},"author":2,"featured_media":138548,"comment_status":"","ping_status":"","sticky":false,"template":"","format":"standard","meta":{"footnotes":""},"categories":[174],"tags":[43515,385,255,11583,146,147,25,24,256,14136,5976,48,22167,20866,23,23414],"class_list":{"0":"post-138547","1":"post","2":"type-post","3":"status-publish","4":"format-standard","5":"has-post-thumbnail","7":"category-famosos","8":"tag-adela","9":"tag-casa","10":"tag-celebrities","11":"tag-companera","12":"tag-entertainment","13":"tag-entretenimiento","14":"tag-es","15":"tag-espana","16":"tag-famosos","17":"tag-gesto","18":"tag-gonzalez","19":"tag-incendio","20":"tag-marido","21":"tag-perdio","22":"tag-spain","23":"tag-vallecas"},"share_on_mastodon":{"url":"","error":""},"_links":{"self":[{"href":"https:\/\/www.europesays.com\/es\/wp-json\/wp\/v2\/posts\/138547","targetHints":{"allow":["GET"]}}],"collection":[{"href":"https:\/\/www.europesays.com\/es\/wp-json\/wp\/v2\/posts"}],"about":[{"href":"https:\/\/www.europesays.com\/es\/wp-json\/wp\/v2\/types\/post"}],"author":[{"embeddable":true,"href":"https:\/\/www.europesays.com\/es\/wp-json\/wp\/v2\/users\/2"}],"replies":[{"embeddable":true,"href":"https:\/\/www.europesays.com\/es\/wp-json\/wp\/v2\/comments?post=138547"}],"version-history":[{"count":0,"href":"https:\/\/www.europesays.com\/es\/wp-json\/wp\/v2\/posts\/138547\/revisions"}],"wp:featuredmedia":[{"embeddable":true,"href":"https:\/\/www.europesays.com\/es\/wp-json\/wp\/v2\/media\/138548"}],"wp:attachment":[{"href":"https:\/\/www.europesays.com\/es\/wp-json\/wp\/v2\/media?parent=138547"}],"wp:term":[{"taxonomy":"category","embeddable":true,"href":"https:\/\/www.europesays.com\/es\/wp-json\/wp\/v2\/categories?post=138547"},{"taxonomy":"post_tag","embeddable":true,"href":"https:\/\/www.europesays.com\/es\/wp-json\/wp\/v2\/tags?post=138547"}],"curies":[{"name":"wp","href":"https:\/\/api.w.org\/{rel}","templated":true}]}}