{"id":138551,"date":"2025-09-25T19:04:07","date_gmt":"2025-09-25T19:04:07","guid":{"rendered":"https:\/\/www.europesays.com\/es\/138551\/"},"modified":"2025-09-25T19:04:07","modified_gmt":"2025-09-25T19:04:07","slug":"los-prestamos-de-libros-en-la-biblioteca-crecen-y-los-clubs-de-lectura-se-llenan-de-matriculaciones","status":"publish","type":"post","link":"https:\/\/www.europesays.com\/es\/138551\/","title":{"rendered":"Los pr\u00e9stamos de libros en la biblioteca crecen y los clubs de lectura se llenan de matriculaciones"},"content":{"rendered":"<p> La biblioteca municipal Juan San Mart\u00edn ha cerrado los ocho primeros meses de 2025 con un balance muy positivo puesto que se realizaron 26. &#8230; 015 pr\u00e9stamos, frente a los 24.120 contabilizados en el mismo periodo del a\u00f1o anterior. En cifras absolutas, son 1.895 libros m\u00e1s prestados, lo que supone un crecimiento del 7,86% en relaci\u00f3n a 2024. El aumento no ha sido lineal, pero s\u00ed constante en la mayor\u00eda de los meses. Enero arranc\u00f3 con un crecimiento moderado (+4,54%), mientras que febrero (+16,43%) y marzo (+14,32%) marcaron un fuerte impulso, confirmando el inter\u00e9s de la ciudadan\u00eda en los primeros compases del a\u00f1o. <\/p>\n<p class=\"v-p\">Sin embargo, abril fue la \u00fanica excepci\u00f3n, con un descenso del \u20137,37%, aunque r\u00e1pidamente se recuper\u00f3 en mayo (+3,43%) y junio (+13,90%).<\/p>\n<p class=\"v-p\">El verano ha consolidado la tendencia: en julio el n\u00famero de pr\u00e9stamos creci\u00f3 un 16,13%, y en agosto, -pese a ser un mes tradicionalmente m\u00e1s d\u00e9bil por las vacaciones-se registr\u00f3 un incremento a\u00fan mayor, del 18,55% respecto al a\u00f1o anterior.<\/p>\n<p>\nEl incremento de pr\u00e9stamos cercano al 8% supone un aval para la programaci\u00f3n de la compra de librosEn el club de lectura, en castellano, de adultos algunas personas se han quedado fuera, \u00abmuy a pesar nuestro\u00bb\n<\/p>\n<p>\u00abRelevancia\u00bb<\/p>\n<p class=\"v-p\">Para la directora de la biblioteca, Eva Alberdi, estos datos son la prueba de que el servicio no solo mantiene su \u00abrelevancia\u00bb, sino que logra atraer nuevos perfiles de usuarios. \u00abCada vez m\u00e1s gente entiende que la biblioteca es mucho m\u00e1s que un lugar de estudio. Es un espacio cultural vivo, con clubes de lectura, actividades infantiles y propuestas en euskera y castellano que enriquecen a toda la comunidad\u00bb, subraya.<\/p>\n<p class=\"v-p\">El comportamiento de los datos confirma tambi\u00e9n algunas tendencias detectadas en a\u00f1os anteriores: la adolescencia supone un par\u00e9ntesis en la lectura, con j\u00f3venes m\u00e1s interesados en la conexi\u00f3n wifi y en el espacio de estudio, pero en la madurez se recupera el h\u00e1bito lector, lo que contribuye al aumento global de los pr\u00e9stamos. <\/p>\n<p class=\"v-p\">Por estos motivos, el balance de 2025 sit\u00faa a la biblioteca Juan San Mart\u00edn en una posici\u00f3n destacada dentro de los servicios culturales de la ciudad. <\/p>\n<p class=\"v-p\">El incremento cercano al 8% supone un aval para la programaci\u00f3n y los esfuerzos de dinamizaci\u00f3n del equipo, que ha logrado no solo sostener la actividad en tiempos de competencia digital, sino incluso incrementar la demanda de libros f\u00edsicos. Por otro lado, la biblioteca municipal mantiene una amplia red de programas que abarcan desde la infancia hasta adultos, con iniciativas que combinan la lectura, la creatividad y la socializaci\u00f3n. Alberdi recuerda que la oferta comienza ya \u00abdesde el primer a\u00f1o de vida, cuando los padres leen poemas y juegos de palabras a sus hijos\u00bb. Ese contacto temprano con la literatura marca, seg\u00fan la directora, el inicio de un camino que permite despu\u00e9s disfrutar de la lectura aut\u00f3noma. Actualmente, la biblioteca cuenta con seis grupos infantiles hasta los siete a\u00f1os, todos ellos completos. A esta red se suman los programas escolares como Mintzoan kux-kux o Galtzagorri, que facilitan la circulaci\u00f3n de libros en euskera entre familias, colegios y la propia biblioteca.<\/p>\n<p>Fomento de la lectura<\/p>\n<p class=\"v-p\">Para los ni\u00f1os a partir de ocho a\u00f1os y hasta la ESO se desarrolla la iniciativa &#8216;Alas de papel&#8217;, dinamizada por Peru Magdalena, en la que cada mes se trabaja un libro y los participantes realizan actividades creativas vinculadas a la lectura. Todo el material generado se recopila al final del curso en un folleto, lo que permite a los ni\u00f1os ver el fruto de su esfuerzo y reforzar la motivaci\u00f3n. En el caso de los adultos, la demanda es tan alta que el club de literatura en castellano se ha quedado sin plazas. \u00abMuy a nuestro pesar, muchas personas se han quedado fuera. Treinta integrantes es el n\u00famero m\u00e1ximo para asegurar que todos puedan participar en los debates y que haya ejemplares de los libros disponibles para cada uno\u00bb, lamenta Alberdi. El club en euskera todav\u00eda mantiene cuatro plazas libres, mientras que los grupos en franc\u00e9s e ingl\u00e9s contin\u00faan abiertos, aunque la biblioteca reconoce que no es f\u00e1cil encontrar dinamizadores para dar continuidad a estas propuestas.<\/p>\n<p class=\"v-p\">La directora insiste en que el objetivo es ofrecer grupos de tama\u00f1o id\u00f3neo para que los debates funcionen y se genere un verdadero intercambio. \u00abA partir de quinto de Primaria a\u00fan quedan vacantes, y creemos que es enriquecedor contar con un n\u00famero ajustado de participantes que permita abrir conversaciones de calidad\u00bb, subraya. Adem\u00e1s de los clubes de lectura, la biblioteca municipal explora nuevas v\u00edas de aprendizaje y socializaci\u00f3n. Entre ellas se incluye un programa de conversaci\u00f3n en idiomas extranjeros y una amplia agenda cultural que incorpora presentaciones de libros y representaciones teatrales. Finalmente, con motivo del D\u00eda de las Bibliotecas, el centro acoger\u00e1 Gabriel Arestiren Ikuskizuna, un homenaje teatral al poeta vasco en el 50 aniversario de su fallecimiento que hacen reafirmar a la biblioteca como referencia cultural en la ciudad.<\/p>\n","protected":false},"excerpt":{"rendered":"La biblioteca municipal Juan San Mart\u00edn ha cerrado los ocho primeros meses de 2025 con un balance muy&hellip;\n","protected":false},"author":2,"featured_media":138552,"comment_status":"","ping_status":"","sticky":false,"template":"","format":"standard","meta":{"footnotes":""},"categories":[172],"tags":[8930,224,28525,17142,146,147,25,24,1807,225,12033,11641,10581,23],"class_list":{"0":"post-138551","1":"post","2":"type-post","3":"status-publish","4":"format-standard","5":"has-post-thumbnail","7":"category-libros","8":"tag-biblioteca","9":"tag-books","10":"tag-clubs","11":"tag-crecen","12":"tag-entertainment","13":"tag-entretenimiento","14":"tag-es","15":"tag-espana","16":"tag-lectura","17":"tag-libros","18":"tag-llenan","19":"tag-matriculaciones","20":"tag-prestamos","21":"tag-spain"},"share_on_mastodon":{"url":"","error":""},"_links":{"self":[{"href":"https:\/\/www.europesays.com\/es\/wp-json\/wp\/v2\/posts\/138551","targetHints":{"allow":["GET"]}}],"collection":[{"href":"https:\/\/www.europesays.com\/es\/wp-json\/wp\/v2\/posts"}],"about":[{"href":"https:\/\/www.europesays.com\/es\/wp-json\/wp\/v2\/types\/post"}],"author":[{"embeddable":true,"href":"https:\/\/www.europesays.com\/es\/wp-json\/wp\/v2\/users\/2"}],"replies":[{"embeddable":true,"href":"https:\/\/www.europesays.com\/es\/wp-json\/wp\/v2\/comments?post=138551"}],"version-history":[{"count":0,"href":"https:\/\/www.europesays.com\/es\/wp-json\/wp\/v2\/posts\/138551\/revisions"}],"wp:featuredmedia":[{"embeddable":true,"href":"https:\/\/www.europesays.com\/es\/wp-json\/wp\/v2\/media\/138552"}],"wp:attachment":[{"href":"https:\/\/www.europesays.com\/es\/wp-json\/wp\/v2\/media?parent=138551"}],"wp:term":[{"taxonomy":"category","embeddable":true,"href":"https:\/\/www.europesays.com\/es\/wp-json\/wp\/v2\/categories?post=138551"},{"taxonomy":"post_tag","embeddable":true,"href":"https:\/\/www.europesays.com\/es\/wp-json\/wp\/v2\/tags?post=138551"}],"curies":[{"name":"wp","href":"https:\/\/api.w.org\/{rel}","templated":true}]}}