{"id":138561,"date":"2025-09-25T19:09:10","date_gmt":"2025-09-25T19:09:10","guid":{"rendered":"https:\/\/www.europesays.com\/es\/138561\/"},"modified":"2025-09-25T19:09:10","modified_gmt":"2025-09-25T19:09:10","slug":"ectrims-2025-planificacion-familiar-y-embarazo-en-pacientes-con-esclerosis-multiple","status":"publish","type":"post","link":"https:\/\/www.europesays.com\/es\/138561\/","title":{"rendered":"ECTRIMS 2025 planificaci\u00f3n familiar y embarazo en pacientes con esclerosis m\u00faltiple"},"content":{"rendered":"<p>ECTRIMS, el congreso europeo sobre esclerosis m\u00faltiple, tiene lugar del 24 al 26 de septiembre en el Centro de Convenciones Internacional de Barcelona. La multinacional Merck est\u00e1 presente a trav\u00e9s de diversas conferencias como la centrada en la planificaci\u00f3n familiar y embarazo en pacientes con EM, dirigida por Riley Bove, University of California, San Francisco, &#8230;            &#13;\n        <\/p>\n<p> &#13;<\/p>\n<p class=\"MsoNormal\">ECTRIMS, el congreso europeo sobre esclerosis m\u00faltiple, tiene&#13;<br \/>\nlugar del 24 al 26 de septiembre en el Centro de Convenciones Internacional de&#13;<br \/>\nBarcelona. La <strong>multinacional Merck <\/strong>est\u00e1 presente a trav\u00e9s de diversas&#13;<br \/>\nconferencias como la centrada en la <strong>planificaci\u00f3n familiar y embarazo en&#13;<br \/>\npacientes con EM, dirigida por Riley Bove,<\/strong> University of California, San&#13;<br \/>\nFrancisco, US.<\/p>\n<p class=\"MsoNormal\">Entre las conclusiones, hay que resaltar que la EM es m\u00e1s&#13;<br \/>\ncom\u00fan en mujeres que en hombres y se suele diagnosticar entre los 20 y 40 a\u00f1os,&#13;<br \/>\nuna etapa que, adem\u00e1s de ser crucial en lo profesional y personal, coincide con&#13;<br \/>\nla edad f\u00e9rtil. \u00abAproximadamente, el 50% de los embarazos de mujeres en edad&#13;<br \/>\nf\u00e9rtil con esclerosis m\u00faltiple no son planificados\u00bb, especifica la experta.<\/p>\n<p class=\"MsoNormal\">En la conferencia, se ha dado a conocer que la toma de&#13;<br \/>\ndecisiones compartida es fundamental para abordar el manejo de la EM en mujeres&#13;<br \/>\nen edad f\u00e9rtil. \u00abEl proceso debe facilitarse entre pacientes, parejas y&#13;<br \/>\nm\u00e9dicos. Las decisiones deben involucrar al equipo multidisciplinar del&#13;<br \/>\npaciente\u00bb, ha resaltado. Adem\u00e1s, debe realizarse una orientaci\u00f3n experta sobre el&#13;<br \/>\nuso de anticonceptivos en personas con EM.<\/p>\n<p> &#13;<\/p>\n<p class=\"MsoNormal\"><img decoding=\"async\" src=\"https:\/\/www.europesays.com\/es\/wp-content\/uploads\/2025\/09\/immedicohospitalario_ectrims_2025_planificacion__52937_25173815.png\" class=\"w-100\"\/><\/p>\n<p class=\"MsoNormal\">Para Riley Bove, <strong>la planificaci\u00f3n del embarazo para mujeres&#13;<br \/>\ncon EM depende de la gravedad de su enfermedad<\/strong> y del TME actual, \u00abhay que considerar&#13;<br \/>\nla actividad de la enfermedad materna y seguridad fetal, el riesgo de rebote de&#13;<br \/>\nla actividad de la enfermedad con la retirada del tratamiento, el riesgo de&#13;<br \/>\nreca\u00edda en el posparto y los planes de lactancia materna\u00bb.<\/p>\n<p class=\"MsoNormal\">Tambi\u00e9n se ha observado que la esclerosis m\u00faltiple influye&#13;<br \/>\ndirectamente en la decisi\u00f3n de formar una familia en un 56% de los pacientes.&#13;<br \/>\nEste impacto se refleja tanto en la elecci\u00f3n del momento para tener hijos como&#13;<br \/>\nen la decisi\u00f3n de no tenerlos. Las principales razones detr\u00e1s de ello son <strong>el&#13;<br \/>\nmiedo a la progresi\u00f3n de la enfermedad <\/strong>y la preocupaci\u00f3n por posibles efectos&#13;<br \/>\ndel tratamiento en el beb\u00e9. <\/p>\n<p class=\"MsoNormal\">Algunos de los temas m\u00e1s relevantes que se han dado a conocer&#13;<br \/>\nen esta conferencia son el riesgo beneficio de las diferentes opciones&#13;<br \/>\nterap\u00e9uticas y destacan opciones las Terapias de Reconstituci\u00f3n Inmune (TRI). \u00abEl&#13;<br \/>\ntiempo deseado\/previsi\u00f3n que se desea embarazo, la gama de opciones&#13;<br \/>\nanticonceptivos e instrucciones de uso, la gravedad de la enfermedad y control&#13;<br \/>\nde la actividad y la planificaci\u00f3n del per\u00edodo de lactancia\u00bb, seg\u00fan la doctora.<\/p>\n<p class=\"MsoNormal\"><img decoding=\"async\" src=\"https:\/\/www.europesays.com\/es\/wp-content\/uploads\/2025\/09\/immedicohospitalario_ectrims_2025_planificacion__52937_25173836.png\" class=\"w-100\"\/><\/p>\n<p class=\"MsoNormal\">Tambi\u00e9n se se\u00f1ala que el<strong> tratamiento con comprimidos de cladribina&#13;<br \/>\n<\/strong>no se asoci\u00f3 con la reactivaci\u00f3n de la enfermedad tras el parto ni con&#13;<br \/>\ncomplicaciones en el embarazo. \u00abY todos los reci\u00e9n nacidos estaban sanos al nacer,&#13;<br \/>\nexcepto en un caso de malformaci\u00f3n cardiaca\u00bb, seg\u00fan el estudio expuesto por&#13;<br \/>\nBove. Es m\u00e1s,<strong> cladribina comprimidos ha demostrado un perfil de seguridad a&#13;<br \/>\nlargo plazo posterior a la aprobaci\u00f3n<\/strong>, consistente con el programa de&#13;<br \/>\ndesarrollo cl\u00ednico.<\/p>\n<p class=\"MsoNormal\">Seg\u00fan<strong> Isabel S\u00e1nchez-Magro, directora M\u00e9dico de Merck en&#13;<br \/>\nEspa\u00f1a<\/strong>, en declaraciones a IM M\u00e9dico Hospitalario, hoy sabemos que el embarazo&#13;<br \/>\nno se ve afectado por la enfermedad, pero la enfermedad s\u00ed se ve influenciada&#13;<br \/>\npor el embarazo: \u00abse ha observado que, debido a los cambios hormonales, se&#13;<br \/>\nproduce, entre otros efectos, una disminuci\u00f3n en los procesos inflamatorios&#13;<br \/>\ncaracter\u00edsticos de la EM, de manera que el embarazo genera un efecto&#13;<br \/>\nneuroprotector\u00bb.<\/p>\n<p class=\"MsoNormal\">En general, aunque durante el embarazo algunos s\u00edntomas se&#13;<br \/>\npueden intensificar como la fatiga, no suelen aparecer brotes, de hecho, son&#13;<br \/>\nmenos frecuentes y si se producen suelen ser leves o muy leves. \u00abEs importante&#13;<br \/>\ndestacar que, estos brotes no tienen repercusi\u00f3n sobre la salud del beb\u00e9, al&#13;<br \/>\nigual que la EM tampoco afecta a la salud del beb\u00e9, puesto que no es una&#13;<br \/>\nenfermedad hereditaria\u00bb, ratifica la doctora.<\/p>\n<p class=\"MsoNormal\">En Merck saben que la planificaci\u00f3n del embarazo es un tema&#13;<br \/>\nque preocupa especialmente a las pacientes y, por eso, \u00abelaboramos una gu\u00eda&#13;<br \/>\nllamada \u00abViaje a la maternidad y paternidad con EM\u00bb que recoge toda la&#13;<br \/>\ninformaci\u00f3n que se necesita cuando se quiere formar una familia y se desconocen&#13;<br \/>\nlos pasos a seguir\u00bb. <\/p>\n<p class=\"MsoNormal\"><img decoding=\"async\" src=\"https:\/\/www.europesays.com\/es\/wp-content\/uploads\/2025\/09\/immedicohospitalario_ectrims_2025_planificacion__52937_25173902.png\" class=\"w-100\"\/><\/p>\n<p class=\"MsoNormal\">Isabel S\u00e1nchez-Magro explica que la gu\u00eda cuenta con la&#13;<br \/>\ncolaboraci\u00f3n de un equipo multidisciplinar formado por profesionales del<strong> \u00e1mbito&#13;<br \/>\nde la neurolog\u00eda, ginecolog\u00eda, fisioterapia y psicolog\u00eda<\/strong>. \u00abAdem\u00e1s, tenemos una&#13;<br \/>\ncomunidad digital, llamada conlaem.es, que ofrece art\u00edculos actualizados y&#13;<br \/>\nelaborados por especialistas en EM que abordan diferentes temas y dimensiones&#13;<br \/>\nrelevantes para los pacientes y su entorno\u00bb.<\/p>\n<p class=\"MsoNormal\"><strong>Merck y la EM<\/strong><\/p>\n<p class=\"MsoNormal\">En Merck llevan investigando la esclerosis m\u00faltiple desde&#13;<br \/>\nhace m\u00e1s de 30 a\u00f1os. Esta experiencia les ha permitido ofrecer soluciones que&#13;<br \/>\nayudan a normalizar la vida con EM.<\/p>\n<p class=\"MsoNormal\">La directora M\u00e9dico de Merck en Espa\u00f1a especifica que han&#13;<br \/>\nsido capaces de <strong>desarrollar terapias que aportan sencillez al paciente en el&#13;<br \/>\ntranscurso de su enfermedad <\/strong>que permiten, en algunos casos, incluso no tener&#13;<br \/>\nque tratarse de manera continuada, no tener que desplazarse frecuentemente al&#13;<br \/>\nhospital\u2026 <\/p>\n<p class=\"MsoNormal\">\u00abAl mismo tiempo, m\u00e1s all\u00e1 de nuestra fuerte apuesta por la&#13;<br \/>\ninnovaci\u00f3n, ponemos el foco en normalizar socialmente esta enfermedad a trav\u00e9s&#13;<br \/>\nde campa\u00f1as de concienciaci\u00f3n, y colaboraciones con asociaciones de pacientes y&#13;<br \/>\notras entidades para mejorar la calidad de vida de pacientes y cuidadores,&#13;<br \/>\npuesto que sabemos que, en algunos casos, la EM conlleva una importante carga&#13;<br \/>\nf\u00edsica, psicol\u00f3gica y social\u00bb.<\/p>\n<p class=\"MsoNormal\">\u00a0\u00a0 <\/p>\n<p><\/p>\n","protected":false},"excerpt":{"rendered":"ECTRIMS, el congreso europeo sobre esclerosis m\u00faltiple, tiene lugar del 24 al 26 de septiembre en el Centro&hellip;\n","protected":false},"author":2,"featured_media":138562,"comment_status":"","ping_status":"","sticky":false,"template":"","format":"standard","meta":{"footnotes":""},"categories":[92],"tags":[771,210,22551,12554,40033,11866,43517,43516,929,2996,25,1814,24,874,5824,17002,165,7170,1817,1134,166,23,7449],"class_list":{"0":"post-138561","1":"post","2":"type-post","3":"status-publish","4":"format-standard","5":"has-post-thumbnail","7":"category-salud","8":"tag-acoge","9":"tag-barcelona","10":"tag-celebrando","11":"tag-clave","12":"tag-conferencias","13":"tag-congreso","14":"tag-diagnosticos","15":"tag-ectrims","16":"tag-embarazo","17":"tag-enfermedad","18":"tag-es","19":"tag-esclerosis","20":"tag-espana","21":"tag-esta","22":"tag-europeo","23":"tag-familiar","24":"tag-health","25":"tag-multiple","26":"tag-pacientes","27":"tag-planificacion","28":"tag-salud","29":"tag-spain","30":"tag-tratamientos"},"share_on_mastodon":{"url":"","error":""},"_links":{"self":[{"href":"https:\/\/www.europesays.com\/es\/wp-json\/wp\/v2\/posts\/138561","targetHints":{"allow":["GET"]}}],"collection":[{"href":"https:\/\/www.europesays.com\/es\/wp-json\/wp\/v2\/posts"}],"about":[{"href":"https:\/\/www.europesays.com\/es\/wp-json\/wp\/v2\/types\/post"}],"author":[{"embeddable":true,"href":"https:\/\/www.europesays.com\/es\/wp-json\/wp\/v2\/users\/2"}],"replies":[{"embeddable":true,"href":"https:\/\/www.europesays.com\/es\/wp-json\/wp\/v2\/comments?post=138561"}],"version-history":[{"count":0,"href":"https:\/\/www.europesays.com\/es\/wp-json\/wp\/v2\/posts\/138561\/revisions"}],"wp:featuredmedia":[{"embeddable":true,"href":"https:\/\/www.europesays.com\/es\/wp-json\/wp\/v2\/media\/138562"}],"wp:attachment":[{"href":"https:\/\/www.europesays.com\/es\/wp-json\/wp\/v2\/media?parent=138561"}],"wp:term":[{"taxonomy":"category","embeddable":true,"href":"https:\/\/www.europesays.com\/es\/wp-json\/wp\/v2\/categories?post=138561"},{"taxonomy":"post_tag","embeddable":true,"href":"https:\/\/www.europesays.com\/es\/wp-json\/wp\/v2\/tags?post=138561"}],"curies":[{"name":"wp","href":"https:\/\/api.w.org\/{rel}","templated":true}]}}