{"id":138578,"date":"2025-09-25T19:18:07","date_gmt":"2025-09-25T19:18:07","guid":{"rendered":"https:\/\/www.europesays.com\/es\/138578\/"},"modified":"2025-09-25T19:18:07","modified_gmt":"2025-09-25T19:18:07","slug":"5-a-seguir-en-ufc-perth","status":"publish","type":"post","link":"https:\/\/www.europesays.com\/es\/138578\/","title":{"rendered":"5 A Seguir En UFC Perth"},"content":{"rendered":"<p>&#8216;The Machine&#8217; est\u00e1 acostumbrado a viajar miles de kil\u00f3metros para pelear en el oct\u00e1gono, el a\u00f1o pasado acumul\u00f3 millas atravesando el mundo a Singapur y Abu Dhabi, y este 2025 no es la excepci\u00f3n pues su siguiente duelo ser\u00e1 en Perth, Australia.<\/p>\n<p>\u00a0<\/p>\n<p>Bedoya est\u00e1 en un momento crucial de su paso por el oct\u00e1gono, pues una victoria es necesaria para el peruano, quien tendr\u00e1 una dur\u00edsima prueba ante el veterano <strong>Jamie Mullarkey<\/strong> que estar\u00e1 participando en su pelea 12 dentro de la empresa.<\/p>\n<p>\u00a0<\/p>\n","protected":false},"excerpt":{"rendered":"&#8216;The Machine&#8217; est\u00e1 acostumbrado a viajar miles de kil\u00f3metros para pelear en el oct\u00e1gono, el a\u00f1o pasado acumul\u00f3&hellip;\n","protected":false},"author":2,"featured_media":138579,"comment_status":"","ping_status":"","sticky":false,"template":"","format":"standard","meta":{"footnotes":""},"categories":[276],"tags":[168,25,24,23,167,343],"class_list":{"0":"post-138578","1":"post","2":"type-post","3":"status-publish","4":"format-standard","5":"has-post-thumbnail","7":"category-ufc","8":"tag-deportes","9":"tag-es","10":"tag-espana","11":"tag-spain","12":"tag-sports","13":"tag-ufc"},"share_on_mastodon":{"url":"","error":""},"_links":{"self":[{"href":"https:\/\/www.europesays.com\/es\/wp-json\/wp\/v2\/posts\/138578","targetHints":{"allow":["GET"]}}],"collection":[{"href":"https:\/\/www.europesays.com\/es\/wp-json\/wp\/v2\/posts"}],"about":[{"href":"https:\/\/www.europesays.com\/es\/wp-json\/wp\/v2\/types\/post"}],"author":[{"embeddable":true,"href":"https:\/\/www.europesays.com\/es\/wp-json\/wp\/v2\/users\/2"}],"replies":[{"embeddable":true,"href":"https:\/\/www.europesays.com\/es\/wp-json\/wp\/v2\/comments?post=138578"}],"version-history":[{"count":0,"href":"https:\/\/www.europesays.com\/es\/wp-json\/wp\/v2\/posts\/138578\/revisions"}],"wp:featuredmedia":[{"embeddable":true,"href":"https:\/\/www.europesays.com\/es\/wp-json\/wp\/v2\/media\/138579"}],"wp:attachment":[{"href":"https:\/\/www.europesays.com\/es\/wp-json\/wp\/v2\/media?parent=138578"}],"wp:term":[{"taxonomy":"category","embeddable":true,"href":"https:\/\/www.europesays.com\/es\/wp-json\/wp\/v2\/categories?post=138578"},{"taxonomy":"post_tag","embeddable":true,"href":"https:\/\/www.europesays.com\/es\/wp-json\/wp\/v2\/tags?post=138578"}],"curies":[{"name":"wp","href":"https:\/\/api.w.org\/{rel}","templated":true}]}}