{"id":138594,"date":"2025-09-25T19:28:09","date_gmt":"2025-09-25T19:28:09","guid":{"rendered":"https:\/\/www.europesays.com\/es\/138594\/"},"modified":"2025-09-25T19:28:09","modified_gmt":"2025-09-25T19:28:09","slug":"serie-television-la-confesion-de-cristina-castano-por-un-querido-actor-de-la-que-se-avecina-estamos-devastados","status":"publish","type":"post","link":"https:\/\/www.europesays.com\/es\/138594\/","title":{"rendered":"SERIE TELEVISI\u00d3N | La confesi\u00f3n de Cristina Casta\u00f1o por un querido actor de &#8216;La que se avecina&#8217;: \u00abEstamos devastados\u00bb"},"content":{"rendered":"<p class=\"ft-text\">Una noticia ha sacudido a los fans de &#8216;La que se avecina&#8217;. La actriz Cristina Casta\u00f1o, recordada por su papel de Judith Becker, ha lanzado un emotivo y urgente llamamiento en sus <a class=\"ft-link ft-link--decoration\" href=\"https:\/\/www.elperiodicomediterraneo.com\/tags\/redes-sociales\/\" target=\"_blank\" rel=\"nofollow noopener\">redes sociales<\/a> para salvar la vida de su amigo y compa\u00f1ero Jimmy Shaw, conocido por interpretar al entra\u00f1able Matthew en la misma serie. Shaw, <strong>diagnosticado con c\u00e1ncer de p\u00e1ncreas hace tres <\/strong><a class=\"ft-link ft-link--decoration\" href=\"https:\/\/www.elperiodicomediterraneo.com\/tags\/anos\/\" target=\"_blank\" rel=\"nofollow noopener\"><strong>a\u00f1os<\/strong><\/a>, ha sufrido una devastadora reca\u00edda y necesita una operaci\u00f3n cr\u00edtica que podr\u00eda ser su \u00fanica esperanza.<\/p>\n<p class=\"ft-text\">La situaci\u00f3n es de m\u00e1xima urgencia. Despu\u00e9s de que el c\u00e1ncer remitiera en un primer momento, su reaparici\u00f3n dej\u00f3 a su entorno \u00abdevastado\u00bb. Tras meses de b\u00fasqueda y<strong> una cirug\u00eda fallida en <\/strong><a class=\"ft-link ft-link--decoration\" href=\"https:\/\/www.elperiodicomediterraneo.com\/tags\/barcelona\/\" target=\"_blank\" rel=\"nofollow noopener\"><strong>Barcelona<\/strong><\/a>, la esperanza lleg\u00f3 desde Lisboa. Un cirujano portugu\u00e9s, uno de los pocos especialistas en el mundo capaces de abordar un caso tan complejo, ha aceptado operarle.<\/p>\n<p class=\"ft-text\">El principal obst\u00e1culo es econ\u00f3mico. <strong>La operaci\u00f3n y todos los gastos asociados superan los 100.000 <\/strong><a class=\"ft-link ft-link--decoration\" href=\"https:\/\/www.elperiodicomediterraneo.com\/tags\/euros\/\" target=\"_blank\" rel=\"nofollow noopener\"><strong>euros<\/strong><\/a>, una cantidad que no cubre ni su seguro privado ni la <a class=\"ft-link ft-link--decoration\" href=\"https:\/\/www.elperiodicomediterraneo.com\/tags\/seguridad-social\/\" target=\"_blank\" rel=\"nofollow noopener\">Seguridad Social<\/a>. Por ello, Casta\u00f1o ha movilizado a sus seguidores para recaudar los fondos necesarios. \u00abDesde mi perfil aprovecho para que quien quiera y pueda, aporte su grano de arena para que nuestro querido Jimmy, que tantas risas nos ha regalado, pueda enfrentar esta operaci\u00f3n y volver a sonre\u00edr\u00bb, escribi\u00f3 la actriz en una emotiva publicaci\u00f3n.<\/p>\n<p class=\"ft-text\">La campa\u00f1a de crowdfunding explica los detalles del duro proceso que ha vivido Shaw. Tras una primera cirug\u00eda en Barcelona que no pudo completarse por la complejidad del tumor, la familia no se rindi\u00f3 y busc\u00f3 alternativas fuera de <a class=\"ft-link ft-link--decoration\" href=\"https:\/\/www.elperiodicomediterraneo.com\/tags\/espana\/\" target=\"_blank\" rel=\"nofollow noopener\">Espa\u00f1a<\/a>. Este extraordinario m\u00e9dico en Lisboa representa<strong> \u00abla mejor y \u00fanica oportunidad de Jimmy de sobrevivir a largo plazo\u00bb<\/strong>, seg\u00fan su entorno. Cualquier donaci\u00f3n, por peque\u00f1a que sea, es crucial para que \u00abtoda esta pesadilla llegue a su fin\u00bb.<\/p>\n<p class=\"ft-text\">Cristina Casta\u00f1o, que recientemente ha sido madre, conoci\u00f3 a Jimmy en el plat\u00f3 de &#8216;La que se avecina&#8217;, donde forjaron una gran amistad. La actriz<strong> recuerda con cari\u00f1o un \u00abataque de risa\u00bb rodando la famosa escena del \u00abpur\u00e9 de verduro\u00bb<\/strong>, un momento que contrasta con la dif\u00edcil situaci\u00f3n actual.<\/p>\n","protected":false},"excerpt":{"rendered":"Una noticia ha sacudido a los fans de &#8216;La que se avecina&#8217;. La actriz Cristina Casta\u00f1o, recordada por&hellip;\n","protected":false},"author":2,"featured_media":138595,"comment_status":"","ping_status":"","sticky":false,"template":"","format":"standard","meta":{"footnotes":""},"categories":[171],"tags":[1339,6456,210,1066,8991,9931,24235,7538,4482,146,147,25,24,20984,19564,43411,492,23,214],"class_list":{"0":"post-138594","1":"post","2":"type-post","3":"status-publish","4":"format-standard","5":"has-post-thumbnail","7":"category-tv","8":"tag-actor","9":"tag-actriz","10":"tag-barcelona","11":"tag-cancer","12":"tag-castano","13":"tag-cirugia","14":"tag-confesion","15":"tag-cristina","16":"tag-dv","17":"tag-entertainment","18":"tag-entretenimiento","19":"tag-es","20":"tag-espana","21":"tag-jimmy","22":"tag-pancreas","23":"tag-shaw","24":"tag-sociedad","25":"tag-spain","26":"tag-tv"},"share_on_mastodon":{"url":"","error":""},"_links":{"self":[{"href":"https:\/\/www.europesays.com\/es\/wp-json\/wp\/v2\/posts\/138594","targetHints":{"allow":["GET"]}}],"collection":[{"href":"https:\/\/www.europesays.com\/es\/wp-json\/wp\/v2\/posts"}],"about":[{"href":"https:\/\/www.europesays.com\/es\/wp-json\/wp\/v2\/types\/post"}],"author":[{"embeddable":true,"href":"https:\/\/www.europesays.com\/es\/wp-json\/wp\/v2\/users\/2"}],"replies":[{"embeddable":true,"href":"https:\/\/www.europesays.com\/es\/wp-json\/wp\/v2\/comments?post=138594"}],"version-history":[{"count":0,"href":"https:\/\/www.europesays.com\/es\/wp-json\/wp\/v2\/posts\/138594\/revisions"}],"wp:featuredmedia":[{"embeddable":true,"href":"https:\/\/www.europesays.com\/es\/wp-json\/wp\/v2\/media\/138595"}],"wp:attachment":[{"href":"https:\/\/www.europesays.com\/es\/wp-json\/wp\/v2\/media?parent=138594"}],"wp:term":[{"taxonomy":"category","embeddable":true,"href":"https:\/\/www.europesays.com\/es\/wp-json\/wp\/v2\/categories?post=138594"},{"taxonomy":"post_tag","embeddable":true,"href":"https:\/\/www.europesays.com\/es\/wp-json\/wp\/v2\/tags?post=138594"}],"curies":[{"name":"wp","href":"https:\/\/api.w.org\/{rel}","templated":true}]}}