{"id":138603,"date":"2025-09-25T19:33:13","date_gmt":"2025-09-25T19:33:13","guid":{"rendered":"https:\/\/www.europesays.com\/es\/138603\/"},"modified":"2025-09-25T19:33:13","modified_gmt":"2025-09-25T19:33:13","slug":"david-cantero-esta-es-su-nueva-imagen-tras-pasar-por-quirofano","status":"publish","type":"post","link":"https:\/\/www.europesays.com\/es\/138603\/","title":{"rendered":"David Cantero, esta es su nueva imagen tras pasar por quir\u00f3fano"},"content":{"rendered":"<p id=\"e9D6FVKEVn\" data-wc=\"79\">No hay duda de que el 2025 ha sido un a\u00f1o lleno de cambios para David Cantero. El periodista dijo adi\u00f3s a Mediaset despu\u00e9s de 15 a\u00f1os de trayectoria en la cadena, siendo la imagen de sus informativos. Ahora el escritor est\u00e1 al frente del magac\u00edn vespertino de RNE, lo que ha supuesto su debut en la radio, tras m\u00e1s de 40 a\u00f1os de carrera en televisi\u00f3n. Una nueva etapa que, adem\u00e1s, ha acompa\u00f1ado de un cambio de imagen.<\/p>\n<p> <img src=\"https:\/\/www.europesays.com\/es\/wp-content\/uploads\/2025\/09\/0ade992b211c-foto-4.jpg\"   width=\"1024\" height=\"539\" loading=\"lazy\" decoding=\"async\" alt=\"Media Image\" fetchpriority=\"auto\" class=\"image ho-image\"\/>\u00a9 david_cantero_informativos<\/p>\n<p id=\"eCbKDGEb1Z\" data-wc=\"47\">\u00abEn este a\u00f1o 2025 han cambiado muchas cosas en mi vida, muchas, y una de las m\u00e1s importantes ha sido poder <strong>dejar de usar gafas<\/strong>, las necesitaba desde hace much\u00edsimos a\u00f1os\u00bb, ha comenzado explicando Cantero sobre los motivos que le han llevado a pasar por el quir\u00f3fano.<\/p>\n<p> <img src=\"https:\/\/www.europesays.com\/es\/wp-content\/uploads\/2025\/09\/753092e2104c-foto-2.jpg\"   width=\"1024\" height=\"539\" loading=\"lazy\" decoding=\"async\" alt=\"Media Image\" fetchpriority=\"auto\" class=\"image ho-image\"\/>\u00a9 david_cantero_informativos<\/p>\n<p id=\"ei-uy2LGNE\" data-wc=\"54\">\u00ab<strong>Decid\u00ed operarme de presbicia\u00a0<\/strong>y ha sido algo fant\u00e1stico, algo que me ha cambiado la vista y la vida. Ya no necesito gafas para nada y mi visi\u00f3n ha mejorado de forma extraordinaria, he rejuvenecido\u00bb, ha comentado feliz despu\u00e9s de haber dado este importante paso que ha mejorado su salud visual y su imagen.\u00a0<\/p>\n<p> <img src=\"https:\/\/www.europesays.com\/es\/wp-content\/uploads\/2025\/09\/aad8f2b770b1-foto-3.jpg\"   width=\"1024\" height=\"539\" loading=\"lazy\" decoding=\"async\" alt=\"Media Image\" fetchpriority=\"auto\" class=\"image ho-image\"\/>\u00a9 david_cantero_informativos<\/p>\n<p id=\"eJeg85B23sh\" data-wc=\"66\">\u00abUna operaci\u00f3n con la tecnolog\u00eda m\u00e1s puntera, a la vez sencilla, sin molestias destacables y con un resultado impresionante\u00bb, ha continuado explicando el locutor en sus redes sociales sobre la magn\u00edfica experiencia que le ha supuesto operarse para eliminar la presbicia, tambi\u00e9n denominada vista cansada, un defecto ocular asociado a la edad que aparece generalmente entre los 40-45 a\u00f1os y ocasiona dificultad para ver de cerca.\u00a0<\/p>\n<p> <img src=\"https:\/\/www.europesays.com\/es\/wp-content\/uploads\/2025\/09\/005136c3741d-552616473185270110390274864923076319673692325n.jpg\"   width=\"796\" height=\"1024\" loading=\"lazy\" decoding=\"async\" alt=\"Media Image\" fetchpriority=\"auto\" class=\"image ho-image\"\/>\u00a9 david_cantero_informativos<\/p>\n<p id=\"exU0g6o6DHk\" data-wc=\"55\">\u00abLa experiencia en el quir\u00f3fano es adem\u00e1s fascinante. Gracias al doctor Pedro Ta\u00f1\u00e1 y la cl\u00ednica Oftalvist, que me han tratado con tant\u00edsimo cari\u00f1o y eficacia, he recuperado esa maravillosa sensaci\u00f3n de no depender para nada de las gafas. \u00a1Content\u00edsimo y muy agradecido!\u00bb, ha concluido el comunicador, visiblemente satisfecho con la decisi\u00f3n que ha tomado.<\/p>\n<p>Un problema que afecta a 17 millones de espa\u00f1oles\u00a0<\/p>\n<p id=\"eUxzAM35vNl\" data-wc=\"101\">La Organizaci\u00f3n Mundial de la Salud (OMS) se\u00f1ala que la presbicia es una de las afecciones visuales m\u00e1s comunes asociadas al envejecimiento. Un problema visual que sufren, aproximadamente, 17 millones de espa\u00f1oles, siendo el 81% de la poblaci\u00f3n mayor de 45 a\u00f1os, y el 98% mayor de 65 a\u00f1os, seg\u00fan datos de la Cl\u00ednica Baviera. La operaci\u00f3n con lente intraocular multifocal es la t\u00e9cnica m\u00e1s extendida para corregir la presbicia; una intervenci\u00f3n realizada la mayor\u00eda de las veces en personas mayores de 45-50 a\u00f1os. Esta t\u00e9cnica no solo corrige la vista cansada, sino que tambi\u00e9n previene la futura aparici\u00f3n de cataratas.\u00a0<\/p>\n","protected":false},"excerpt":{"rendered":"No hay duda de que el 2025 ha sido un a\u00f1o lleno de cambios para David Cantero. El&hellip;\n","protected":false},"author":2,"featured_media":138604,"comment_status":"","ping_status":"","sticky":false,"template":"","format":"standard","meta":{"footnotes":""},"categories":[91],"tags":[517,43518,253,146,147,25,24,23],"class_list":{"0":"post-138603","1":"post","2":"type-post","3":"status-publish","4":"format-standard","5":"has-post-thumbnail","7":"category-entretenimiento","8":"tag-actualidad","9":"tag-david-cantero","10":"tag-discover","11":"tag-entertainment","12":"tag-entretenimiento","13":"tag-es","14":"tag-espana","15":"tag-spain"},"share_on_mastodon":{"url":"","error":""},"_links":{"self":[{"href":"https:\/\/www.europesays.com\/es\/wp-json\/wp\/v2\/posts\/138603","targetHints":{"allow":["GET"]}}],"collection":[{"href":"https:\/\/www.europesays.com\/es\/wp-json\/wp\/v2\/posts"}],"about":[{"href":"https:\/\/www.europesays.com\/es\/wp-json\/wp\/v2\/types\/post"}],"author":[{"embeddable":true,"href":"https:\/\/www.europesays.com\/es\/wp-json\/wp\/v2\/users\/2"}],"replies":[{"embeddable":true,"href":"https:\/\/www.europesays.com\/es\/wp-json\/wp\/v2\/comments?post=138603"}],"version-history":[{"count":0,"href":"https:\/\/www.europesays.com\/es\/wp-json\/wp\/v2\/posts\/138603\/revisions"}],"wp:featuredmedia":[{"embeddable":true,"href":"https:\/\/www.europesays.com\/es\/wp-json\/wp\/v2\/media\/138604"}],"wp:attachment":[{"href":"https:\/\/www.europesays.com\/es\/wp-json\/wp\/v2\/media?parent=138603"}],"wp:term":[{"taxonomy":"category","embeddable":true,"href":"https:\/\/www.europesays.com\/es\/wp-json\/wp\/v2\/categories?post=138603"},{"taxonomy":"post_tag","embeddable":true,"href":"https:\/\/www.europesays.com\/es\/wp-json\/wp\/v2\/tags?post=138603"}],"curies":[{"name":"wp","href":"https:\/\/api.w.org\/{rel}","templated":true}]}}