{"id":138611,"date":"2025-09-25T19:37:14","date_gmt":"2025-09-25T19:37:14","guid":{"rendered":"https:\/\/www.europesays.com\/es\/138611\/"},"modified":"2025-09-25T19:37:14","modified_gmt":"2025-09-25T19:37:14","slug":"investigan-a-los-monitores-de-un-campamento-denunciados-por-menores-por-desnudarse-y-ducharse-con-ellos-el-mundo","status":"publish","type":"post","link":"https:\/\/www.europesays.com\/es\/138611\/","title":{"rendered":"Investigan a los monitores de un campamento denunciados por menores por desnudarse y ducharse con ellos &#8211; El Mundo"},"content":{"rendered":"<ol>\n<li><a href=\"https:\/\/news.google.com\/rss\/articles\/CBMif0FVX3lxTFA0ZHhtcmFMRV9hZWxCSGFrc09Nbmt1bDREMzZOX0tEWmdRSHFQcV91R0pnRXFpb3M0WER1ZnRmOGNpOFdNdVItN205LVlheHBJR0tRMm11RnhyUVUxRVFlbnh3MWVzUzlYcE1ZaWNPX2NXNmpJX0NIR1pUM0dwYVHSAX9BVV95cUxQc1lsRDUyaHA0dFljc1FUQXo2RmoxbGRpMVlKZXFHVWhkd0Z0RWUzelRxQ3lGMlFVeEstSXd3Q3E2Z2x3TS1pNHFfemxiM1ZMeWJvalh3Z200TXQ0eWlVX0ZtdDl2enB0dUMySGVOTmcxd3F3S0NpS29VbWdKLS00?oc=5\" target=\"_blank\" rel=\"nofollow noopener\">Investigan a los monitores de un campamento denunciados por menores por desnudarse y ducharse con ellos<\/a>&nbsp;&nbsp;El Mundo<\/li>\n<li><a href=\"https:\/\/news.google.com\/rss\/articles\/CBMivwFBVV95cUxOMjRoLUV3SlkyT3VNalZTVFpOMkJoT0hmcS1fYjB3S0ZKVklOOUh2UHVNcHNBYUk1bVZLTmE1clRJZGozX3UyMmt2TlR5MHpKdFJudjJvbzlGQzdXMy0tTEpnUGpfUDgzdEk4eDlFXzhHYklib1NmSjA0X0twR1lzM1dTcC1BRVQ5cWFYT2lqR2hpVmJVVl9EQmdlNWxsOFM0TUxBTU1OS3E3LWg0QWIyRGZnT0RaVHYyQW1MRUsxa9IBxAFBVV95cUxPYm1qX2V3a19YalRNWWxsaGlhVXVZTUdwSU9XZThBQjB1RktqR2hTRndSQjZwR1pEYUF1TlBtVmdzNHIwa3BOQ0pPdmtDZDFqbEU5ajJuQl9VUGNWZUpzV2s1S1kxWW9KTVlWNnZqRlJZZHdTeF9McF9hb1dmSXNDdGRuN1pMXzE0SGRfellwTWxpbnFFUWdTZjRwYV85MG1EcTh0Vm1oYUVieTRXamJfRlB1NG9YQ2xIU1JPTTNTRExuQUs5?oc=5\" target=\"_blank\" rel=\"nofollow noopener\">La Ertzaintza investiga si unos monitores se ba\u00f1aron desnudos con menores en un campamento<\/a>&nbsp;&nbsp;El Confidencial<\/li>\n<li><a href=\"https:\/\/news.google.com\/rss\/articles\/CBMitAFBVV95cUxOZ0hrcGV2eFI3dWlPX0RqZVpxMU8yOXJvZEFOWGJoMk1ySDQyZzVUQzhXVS1jS3c5MFVtTWFhcUp0Qjcwc0dOZXVvaF8zcGFiMEY1Z3laQzZpRVphRE84NUpIeTB0WjRKT2hDaHVqX21WaUpVWUVVcFYxSGxtaXJWX2VqTVBYdVBHTWI3VlE5LVRiZ1hnY2I5ZVJlcUtQV3ZFWjY3cGx4TEVKUmJPN3B4R3RNSXo?oc=5\" target=\"_blank\" rel=\"nofollow noopener\">El Gobierno vasco reconoce que el pol\u00e9mico campamento de Bernedo \u00abno figuraba en ning\u00fan registro p\u00fablico<\/a>&nbsp;&nbsp;El Correo<\/li>\n<li><a href=\"https:\/\/news.google.com\/rss\/articles\/CBMi5wFBVV95cUxOOU9WSkNOVi1PZEZ3enBkTi1MdWV3WWpsQVJhZmNxSVpxUzM0cl9ydTJvUFFyZjJvSlRLSzJ0U0FneU40SGl2Mm9jU3hweGxnR0huQzJBNkVQc0RUVjRkd2dDUUxBbU9kUFM2X3ZIOVFiX0djMzZlcDNfdmVDVXdXNlY0TkdQOWFvY0VPb0R5Vjg4ak5vLTdSbDJ2TGFKVGdhSHM5QjdUdDJWY2plTVdMeUdNTzZOdnpoZm1PZWZvV2xmUUFOUnBwRUNKU3RxSG1lZXZ0eVhYWEY2S0xGVUFPT0RaSklUTjDSAYMCQVVfeXFMTlZ6LVpMNTI1VGNxOFBDMThnZzZPb1hZX1h1bUxFUUJ0NVF2Y0pXR1NaMnBrcEdZbENKR3pYVV9wTzEzMm5ZdmZ1VTgxQ0N0OW1pR2g4WEh2MVNlSl9CRXVsZlVuaEpVYTZ6Ry16ZGFiZFJ4SzNZVEJnQ0Zmd1VZYjVLUElNRUlLY1NOM2RxSXdqZ3dCT3dSai1lc2gyaHBZX3BMMF9wQVFkaVJwNVpKRGRZV3cxazhGNVM4MDVmaWdRbWtUcmJUM3pOZXVvaHI2OU9fdm44blZUaVlhTEY0WVZhRGx2VW5mejUyQzRsT3MxcFlTZVJpaERtaEdNWWEyMFJhRQ?oc=5\" target=\"_blank\" rel=\"nofollow noopener\">Investigan si unos monitores se ducharon desnudos con ni\u00f1os y ni\u00f1as en un campamento del Pa\u00eds Vasco<\/a>&nbsp;&nbsp;La Voz de Galicia<\/li>\n<li><a href=\"https:\/\/news.google.com\/rss\/articles\/CBMihgJBVV95cUxOMzBTR2RzWWlrenlPbFhaMTF5ZG43VnlBOVdKSjNocGVudHJHMk9PLXlTU1Y1ZUhBT3BYVUQ2djBTenpmWlp4RVVHNEJrcTF4MTJ2OTZBdTVZVm5EMWxqV3drY2xrd0c1X09vRGFfenl1cmdRcWFWYmt4SmN5MzJFUnNJU0k2bV9wQ2t0ZFFWWTY3MExjSUx4LU1XZERsb2c5aERJUzV6aWtfWkJVUzhmQzg0VWNzZjc2QWw3SjhER0RRVGsyemRYdDRBcFlJY0ZnV3QxRUF6UC1SZWhWWmd6M2ZfRUxkQV9fWE5oQlhEaG5tN0dKWnNWYl9RTG52MlRNdUFaNV9R?oc=5\" target=\"_blank\" rel=\"nofollow noopener\">La Ertzaintza investiga lo sucedido en un campamento en Bernedo: duchas mixtas con monitores, entre otras cosa<\/a>&nbsp;&nbsp;Onda Cero<\/li>\n<\/ol>\n","protected":false},"excerpt":{"rendered":"Investigan a los monitores de un campamento denunciados por menores por desnudarse y ducharse con ellos&nbsp;&nbsp;El Mundo La&hellip;\n","protected":false},"author":2,"featured_media":138612,"comment_status":"","ping_status":"","sticky":false,"template":"","format":"standard","meta":{"footnotes":""},"categories":[8],"tags":[17,18,25,24,13,14,11,19,20,9,10,15,16,264,166,23,257,12,21,22,16191],"class_list":{"0":"post-138611","1":"post","2":"type-post","3":"status-publish","4":"format-standard","5":"has-post-thumbnail","7":"category-espana","8":"tag-breaking-news","9":"tag-breakingnews","10":"tag-es","11":"tag-espana","12":"tag-featured-news","13":"tag-featurednews","14":"tag-headlines","15":"tag-latest-news","16":"tag-latestnews","17":"tag-news","18":"tag-noticias","19":"tag-noticias-destacadas","20":"tag-noticiasdestacadas","21":"tag-pais-vasco","22":"tag-salud","23":"tag-spain","24":"tag-sucesos","25":"tag-titulares","26":"tag-ultimas-noticias","27":"tag-ultimasnoticias","28":"tag-vitoria-gasteiz"},"share_on_mastodon":{"url":"","error":""},"_links":{"self":[{"href":"https:\/\/www.europesays.com\/es\/wp-json\/wp\/v2\/posts\/138611","targetHints":{"allow":["GET"]}}],"collection":[{"href":"https:\/\/www.europesays.com\/es\/wp-json\/wp\/v2\/posts"}],"about":[{"href":"https:\/\/www.europesays.com\/es\/wp-json\/wp\/v2\/types\/post"}],"author":[{"embeddable":true,"href":"https:\/\/www.europesays.com\/es\/wp-json\/wp\/v2\/users\/2"}],"replies":[{"embeddable":true,"href":"https:\/\/www.europesays.com\/es\/wp-json\/wp\/v2\/comments?post=138611"}],"version-history":[{"count":0,"href":"https:\/\/www.europesays.com\/es\/wp-json\/wp\/v2\/posts\/138611\/revisions"}],"wp:featuredmedia":[{"embeddable":true,"href":"https:\/\/www.europesays.com\/es\/wp-json\/wp\/v2\/media\/138612"}],"wp:attachment":[{"href":"https:\/\/www.europesays.com\/es\/wp-json\/wp\/v2\/media?parent=138611"}],"wp:term":[{"taxonomy":"category","embeddable":true,"href":"https:\/\/www.europesays.com\/es\/wp-json\/wp\/v2\/categories?post=138611"},{"taxonomy":"post_tag","embeddable":true,"href":"https:\/\/www.europesays.com\/es\/wp-json\/wp\/v2\/tags?post=138611"}],"curies":[{"name":"wp","href":"https:\/\/api.w.org\/{rel}","templated":true}]}}