{"id":138615,"date":"2025-09-25T19:39:09","date_gmt":"2025-09-25T19:39:09","guid":{"rendered":"https:\/\/www.europesays.com\/es\/138615\/"},"modified":"2025-09-25T19:39:09","modified_gmt":"2025-09-25T19:39:09","slug":"el-modelo-de-juego-que-tengo-que-hacer-aqui-me-viene-como-anillo-al-dedo","status":"publish","type":"post","link":"https:\/\/www.europesays.com\/es\/138615\/","title":{"rendered":"El modelo de juego que tengo que hacer aqu\u00ed me viene como anillo al dedo"},"content":{"rendered":"<p>\n        Consciente de que esta temporada ser\u00e1 un punto de inflexi\u00f3n tanto en lo personal como en lo deportivo,<strong> Domingo \u2018Mino\u2019 Borja Coello<\/strong> (Alicante, 21 de julio de 1976), de 48 a\u00f1os, afronta su estreno en el banquillo del <strong>Anaitasuna Femenino <\/strong>con la ilusi\u00f3n de consolidar un nuevo proyecto, tras la salida de Carlos Garc\u00eda. Adem\u00e1s, el alicantino asume la coordinaci\u00f3n de la cantera femenina, con la que busca dar protagonismo a las jugadoras de casa. Tras iniciar su carrera en el BM Altea y pasar por UCAM Handbol Sant Joan, Benidorm, Ca\u00f1iza y el reciente ascenso con el Balonmano Herencia a Primera Nacional, Borja llega a Pamplona decidido a marcar un nuevo rumbo en una temporada de cambios estructurales y retos may\u00fasculos, como el debut hist\u00f3rico en la <strong>Copa de la Reina.<\/strong>\n<\/p>\n<p class=\"article-body__text question-answers__question\">\u00bfC\u00f3mo asume el reto?<\/p>\n<p class=\"article-body__text question-answers__answer\">\u2013El reto lo asumo con mucha ilusi\u00f3n y fuerza porque es un cambio muy grande, por lo menos, a nivel personal. Tambi\u00e9n hay mucho cambio en la estructura del club y en el equipo tambi\u00e9n hay muchos cambios de jugadoras respecto al a\u00f1o pasado. Entonces estamos en un proceso de mucho cambio y de mucha ilusi\u00f3n. Y al final se junta con la incertidumbre de no saber c\u00f3mo vamos a competir porque hay varios elementos nuevos en este equipo y tenemos que vernos con lo que es la competici\u00f3n.<\/p>\n<p class=\"article-body__text question-answers__question\">\u00bfEn lo personal c\u00f3mo afronta el cambio?<\/p>\n<p class=\"article-body__text question-answers__answer\">\u2013Sobre todo con mucha ilusi\u00f3n porque es un reto personal que se junta con mi \u00e1mbito profesional. Vengo de estar en un equipo masculino\u00a0y los equipos masculino y femeninos cambian mucho en la forma del trato. El deporte es el mismo, pero la forma de tratar a un grupo femenino es muy diferente y bueno, tambi\u00e9n sube la dificultad el que estamos en una categor\u00eda profesional porque hay varias jugadoras que se dedican solo a esto. En general estoy muy agradecido y contento por poder trabajar en una instituci\u00f3n como Anaitasuna.<\/p>\n<p class=\"article-body__text question-answers__question\">\u00bfY qu\u00e9 objetivos tiene de manera individual?<\/p>\n<p class=\"article-body__text question-answers__answer\">\u2013Mi objetivo es poder asentarme en Pamplona y conseguir que el equipo cumpla con su objetivo, que principalmente es salvar la categor\u00eda y despu\u00e9s, un reto ilusionante y personal que tengo, es poder dirigir un partido de Copa de la Reina, que nunca lo he podido hacer. Adem\u00e1s para el club es nuevo.<\/p>\n<p class=\"article-body__text question-answers__question\">Sobre esa eliminatoria de la Copa de la Reina, \u00bfse habla en el vestuario?<\/p>\n<p class=\"article-body__text question-answers__answer\">\u2013Bueno, lo hablamos en la primera reuni\u00f3n y lo marcamos como un d\u00eda importante ya que se juega entre semana (22 de octubre) y el fin de semana previo no tenemos liga y dispondremos de diez d\u00edas para prepararlo. De momento no sabemos el rival, hay seis posibles, pero lo sabremos el lunes (29 de septiembre). A\u00fan as\u00ed no hablamos de m\u00e1s el tema, lo marcamos en el calendario en la primera reuni\u00f3n como un d\u00eda de fiesta y diferente porque nadie del equipo ha jugado Copa de la Reina, salvo una jugadora. Ahora tenemos ganas de liga y de ganar el s\u00e1bado en Pozuelo.\u00a0<\/p>\n<p class=\"article-body__text question-answers__question\">Esa participaci\u00f3n en Copa de la Reina se debe a que el a\u00f1o pasado el club finaliz\u00f3 en tercera posici\u00f3n en liga, \u00bfsupone un extra de motivaci\u00f3n para este a\u00f1o aunque usted no dirigi\u00f3 al equipo?<\/p>\n<p class=\"article-body__text question-answers__answer\">\u2013Hay jugadores de este a\u00f1o que lo vivieron, pero al final con tanto cambio en el equipo realmente no se habla de ese tercer puesto. Todav\u00eda tenemos la incertidumbre de d\u00f3nde vamos a estar, queremos mantenernos en Oro y si los resultados son bueno y podemos so\u00f1ar con algo m\u00e1s, lo haremos. La incertidumbre es m\u00e1s de la competici\u00f3n, no de la pretemporada.\u00a0<\/p>\n<p class=\"article-body__text question-answers__question\">Durante la pretemporada jugaron seis encuentros, \u00bfqu\u00e9 balance hace?<\/p>\n<p class=\"article-body__text question-answers__answer\">\u2013Muy positiva, hemos tenido un crecimiento brutal desde el 15 de agosto hasta hoy. La media de edad del equipo es de 21 a\u00f1os y la capacidad de mejora aumenta much\u00edsimo que si fuera uno m\u00e1s veterano. Vamos a ir creciendo y esperamos los resultados desde mediados de noviembre en adelante. Este equipo va a ser muy dif\u00edcil de ganar. A\u00fan as\u00ed, la pretemporada ha sido muy productiva.\u00a0<\/p>\n<p class=\"article-body__text question-answers__question\">M\u00e1s all\u00e1 de los resultados, \u00bfqu\u00e9 estilo de juego quiere imponer?<\/p>\n<p class=\"article-body__text question-answers__answer\">\u2013Hemos metido unos cambios atr\u00e1s, apostamos por una defensa 6-0 un poco m\u00e1s s\u00f3lida, con mucha profundidad porque no tenemos mucha gente grande y trabajamos muy proactivas con el bal\u00f3n. Adem\u00e1s tenemos un equipo muy r\u00e1pido que va muy bien en el uno contra uno. Eso tratamos de inculcar. Sin embargo, en ataque, no tenemos nada de lanzamiento exterior a diferencia del a\u00f1o pasado.\u00a0<\/p>\n<p class=\"article-body__text question-answers__question\">\u00bfY ha podido ver una evoluci\u00f3n a lo largo de la pretemporada?<\/p>\n<p class=\"article-body__text question-answers__answer\">\u2013S\u00ed, desde el primer partido contra Beti Onak hasta el \u00fatlimo partido la semana pasada contra el Lleida hubo una evoluci\u00f3n brutal en las facetas del juego.<\/p>\n<p class=\"article-body__text question-answers__question\">\u00bfQu\u00e9 cosas cree que todav\u00eda se pueden pulir?<\/p>\n<p class=\"article-body__text question-answers__answer\">\u2013La faceta del contraataque nos cost\u00f3 un poco en los dos \u00faltimos partidos. Por eso hemos bajado el n\u00famero en el marcador de anticiparnos al contraataque porque, quiz\u00e1s, viene dado de la carga f\u00edsica que le hemos metido a las chicas al final de la pretemporada. Pensamos que ma\u00f1ana en Pozuelo conseguiremos goles m\u00e1s sencillos al contraataque.\u00a0<\/p>\n<p class=\"article-body__text question-answers__question\">\u00bfC\u00f3mo afrontan la primera jornada que arranca este s\u00e1bado a las 18.00 horas?<\/p>\n<p class=\"article-body__text question-answers__answer\">\u2013Creemos que va a ser un duelo s\u00faper igualado y lo afrontamos sin bajas nuevas, tuvimos dos en la pretemporada, y vamos a un pabell\u00f3n dif\u00edcil, pero con opciones de ganar.<\/p>\n<p class=\"article-body__text question-answers__question\">\u00bfEn qu\u00e9 cree que el Pozuelo de Calatrava es fuerte y d\u00e9bil?<\/p>\n<p class=\"article-body__text question-answers__answer\">\u2013Lo mejor es que mantienen el bloque del a\u00f1o pasado y eso hace que el trabajo t\u00e1ctico de pretemporada es m\u00e1s sencillo. Si hay que destacar a alguien, destaco a Noelia Delfa: capitna, central y que dirige el juego. Adem\u00e1s est\u00e1 muy bien secundada por sus laterales como Elena y Martina Lay\u00fas. Despu\u00e9s, la afici\u00f3n tambi\u00e9n apreta mucho en casa. Luego creemos que ellas en defensa contra gente peque\u00f1a sufren mucho y creemos que podemos ganarles en el uno contra uno y con las pivotes hacerles mucho da\u00f1o.<\/p>\n<p class=\"article-body__text question-answers__question\">\u00bfY en vuestro caso qu\u00e9 papel jugar\u00e1 la afici\u00f3n en el pabell\u00f3n Anaitasuna?<\/p>\n<p class=\"article-body__text question-answers__answer\">\u2013En nuestro caso es dif\u00edcil que llenemos el pabell\u00f3n porque es muy grande, pero con poco que venga gente nos va a dar much\u00edsimo porque se har\u00e1n notar. Tenemos que hacernos fuertes en casa porque las que vengan de fuera se van a impresionar con el pabell\u00f3n. Con que vengan 300 o 400 personas nos basta.\u00a0<\/p>\n<p class=\"article-body__text question-answers__question\">En los \u00faltimos a\u00f1os Anaitasuna se ha esforzado en darle un impulso a la secci\u00f3n femenina, \u00bfesa fue una de las razones por las que ha decidido venir a Pamplona?<\/p>\n<p class=\"article-body__text question-answers__answer\">\u2013S\u00ed, sobre todo porque tambi\u00e9n coordino toda la secci\u00f3n femenina. A parte soy entrenador de los dos equipos juveniles femeninos y lo m\u00e1s atractivo de Anaitasuna, a parte del equipo Oro, es su cantera femenina. Quiero seguir esa l\u00ednea de trabajo\u00a0y dedicarle much\u00edsimo tiempo. Por ahora es a lo que m\u00e1s le dedico.\u00a0<\/p>\n<p class=\"article-body__text question-answers__question\">\u00bfPor qu\u00e9 ha aceptado tambi\u00e9n esa responsabilidad?<\/p>\n<p class=\"article-body__text question-answers__answer\">\u2013Cuando me llam\u00f3 Nacho Moyano (director deportivo) para entrenar al Oro me propuso llevar la secci\u00f3n de femenina con \u00e9l de la mano y estamos coordinados diariamente. No renunciaba a ello porque el equipo de Oro se compone en un 70% de jugadoras de la casa y tenemos que incrementarlo a un 80-90% porque hay material para trabajar en ello.\u00a0<\/p>\n<p class=\"article-body__text question-answers__question\">En la plantilla actual ya se refleja esa apuesta. \u00bfQu\u00e9 importancia le da a contar con una buena base de jugadoras de la casa?<\/p>\n<p class=\"article-body__text question-answers__answer\">\u2013Le doy much\u00edsima importancia porque al final la gente se identifica con las jugadoras que hay en la pista. Siempre habr\u00e1 que fichar, en todos los clubes hay jugadoras de fuera, pero realmente cuando la afici\u00f3n viene a ver a las chicas y encima son de la casa, que las han visto crecer desde alevines&#8230; es algo bonito. Adem\u00e1s queremos que haya una sinergia entre la base y el primer equipo, que las ni\u00f1as alevines, infantiles, cadetes y juveniles vengan cada s\u00e1bado a animar al primer equipo. Es m\u00e1s, estoy contando con hasta nueves jugadoras del juvenil para entrenar diariamente con el equipo de Oro, que est\u00e9n en la din\u00e1mica. Incluso hemos adaptado un horarios para que puedan estar participando y vean desde primera manoel salto de nivel que hay de juvenil a Oro.\u00a0\u00a0<\/p>\n<p class=\"article-body__text question-answers__question\">A\u00fan as\u00ed, han fichado a cuatro jugadoras: Alba Alfonso, Andrea S\u00e1ez, Mar\u00eda Monllor e Infrid Fortu\u00f1o \u00bfqu\u00e9 espera que aporte cada una?<\/p>\n<p class=\"article-body__text question-answers__answer\">\u2013Fortu\u00f1o hizo los entrenamientos de toda la semana pasada y jug\u00f3 minutos el s\u00e1bado. La verdad es que se ha adaptado perfectamente al grupo. Por otro lado contamos\u00a0con Andrea S\u00e1ez.\u00a0Es una portera con un f\u00edsico privilegiado, que mide 1,90. Y no es nada com\u00fan tener a una portera as\u00ed, muy joven. Se est\u00e1 adaptando tambi\u00e9n al nuevo cambio de vida. Al final es la primera vez que sale de su casa. Est\u00e1 entrenando bien y termin\u00f3 el \u00faltimo partido con un 50% de paradas, que es un porcentaje alt\u00edsimo. De Mar\u00eda Mollor reconozco que se sabe mover por el pivote maravillosamente y a nivel defensivo nos est\u00e1 aportando much\u00edsimo. Y por \u00faltimo, Alba Alfonso, tiene un a\u00f1o de experiencia en Oro. Tambi\u00e9n es una jugadora joven y tiene un 1 contra 1 muy desequilibrante.<\/p>\n<p class=\"article-body__text question-answers__question\">Y para finalizar, usted tambi\u00e9n es una incorporaci\u00f3n este a\u00f1o, \u00bfqu\u00e9 puede aportar?<\/p>\n<p class=\"article-body__text question-answers__answer\">\u2013Bueno, espero darle un aire muy nuevo. Al final el modelo de juego que tengo que hacer aqu\u00ed, visto obligado por las circunstancias de jugadoras, me viene como anillo al dedo. Tambi\u00e9n espero aportar much\u00edsimo trabajo, algo que no va a faltar en este equipo. La clave es la ilusi\u00f3n con la que venimos comernos el mundo y de ser muy ambiciosos.\u00a0\u00a0<\/p>\n","protected":false},"excerpt":{"rendered":"Consciente de que esta temporada ser\u00e1 un punto de inflexi\u00f3n tanto en lo personal como en lo deportivo,&hellip;\n","protected":false},"author":2,"featured_media":138616,"comment_status":"","ping_status":"","sticky":false,"template":"","format":"standard","meta":{"footnotes":""},"categories":[278],"tags":[376,7533,168,25,24,375,1444,14213,3431,23,167,16591],"class_list":{"0":"post-138615","1":"post","2":"type-post","3":"status-publish","4":"format-standard","5":"has-post-thumbnail","7":"category-balonmano","8":"tag-balonmano","9":"tag-borja","10":"tag-deportes","11":"tag-es","12":"tag-espana","13":"tag-handball","14":"tag-juego","15":"tag-mino","16":"tag-modelo","17":"tag-spain","18":"tag-sports","19":"tag-viene"},"share_on_mastodon":{"url":"","error":""},"_links":{"self":[{"href":"https:\/\/www.europesays.com\/es\/wp-json\/wp\/v2\/posts\/138615","targetHints":{"allow":["GET"]}}],"collection":[{"href":"https:\/\/www.europesays.com\/es\/wp-json\/wp\/v2\/posts"}],"about":[{"href":"https:\/\/www.europesays.com\/es\/wp-json\/wp\/v2\/types\/post"}],"author":[{"embeddable":true,"href":"https:\/\/www.europesays.com\/es\/wp-json\/wp\/v2\/users\/2"}],"replies":[{"embeddable":true,"href":"https:\/\/www.europesays.com\/es\/wp-json\/wp\/v2\/comments?post=138615"}],"version-history":[{"count":0,"href":"https:\/\/www.europesays.com\/es\/wp-json\/wp\/v2\/posts\/138615\/revisions"}],"wp:featuredmedia":[{"embeddable":true,"href":"https:\/\/www.europesays.com\/es\/wp-json\/wp\/v2\/media\/138616"}],"wp:attachment":[{"href":"https:\/\/www.europesays.com\/es\/wp-json\/wp\/v2\/media?parent=138615"}],"wp:term":[{"taxonomy":"category","embeddable":true,"href":"https:\/\/www.europesays.com\/es\/wp-json\/wp\/v2\/categories?post=138615"},{"taxonomy":"post_tag","embeddable":true,"href":"https:\/\/www.europesays.com\/es\/wp-json\/wp\/v2\/tags?post=138615"}],"curies":[{"name":"wp","href":"https:\/\/api.w.org\/{rel}","templated":true}]}}