{"id":138617,"date":"2025-09-25T19:40:08","date_gmt":"2025-09-25T19:40:08","guid":{"rendered":"https:\/\/www.europesays.com\/es\/138617\/"},"modified":"2025-09-25T19:40:08","modified_gmt":"2025-09-25T19:40:08","slug":"toros-el-festival-homenaje-a-antonete-mantiene-en-vela-a-los-maestros-cultura","status":"publish","type":"post","link":"https:\/\/www.europesays.com\/es\/138617\/","title":{"rendered":"Toros: El festival homenaje a Anto\u00f1ete mantiene en vela a los maestros | Cultura"},"content":{"rendered":"<p class=\"\">El veterano diestro Curro V\u00e1zquez, actualmente en tareas de apoderado, afirm\u00f3 que el d\u00eda que Morante lo llam\u00f3 para invitarlo <a href=\"https:\/\/elpais.com\/noticias\/antonio-chenel-antonete\/\" target=\"_self\" rel=\"nofollow noopener\" title=\"https:\/\/elpais.com\/noticias\/antonio-chenel-antonete\/\">a participar en el festival en homenaje a Anto\u00f1ete <\/a>no pudo pegar ojo en toda la noche; seguidamente, fue C\u00e9sar Rinc\u00f3n el que confes\u00f3 que no duerme desde entonces.<\/p>\n<p class=\"\">Los dos, a pesar de las dudas iniciales, participar\u00e1n en el festejo que se celebrar\u00e1 en la ma\u00f1ana del 12 de octubre en la plaza de Las Ventas y cuyos beneficios se dedicar\u00e1n a sufragar un monumento que se erigir\u00e1 en el exterior del coso, cerca del ya existente en memoria de Antonio Bienvenida, en recuerdo del legendario torero madrile\u00f1o por iniciativa de Morante de la Puebla, de quien parti\u00f3 la idea del festival y el homenaje.<\/p>\n<p class=\"\">Esta ma\u00f1ana ha sido presentado el cartel, del que es autor el pintor P\u00e9rez Indiano, y la maqueta del monumento, obra del escultor Mart\u00edn Lagares. Adem\u00e1s de los tres toreros citados, har\u00e1n el pase\u00edllo el rejoneador Pablo Hermoso de Mendoza, los diestros Julio Aparicio y Enrique Ponce y la novillera Olga Casado. Cuatro novillos pertenecer\u00e1n a Garcigrande, otro a El Vellosino, otro a Jos\u00e9 Luis Osborne -este, de capa ensabanada, para Morante, en recuerdo del maestro homenajeado-, y el de rejoneo al hierro de El Capea.<\/p>\n<p class=\"\">El monumento, esculpido en bronce y sobre una peana de granito, medir\u00e1 2 metros y 30 cm de altura, y representa a Anto\u00f1ete con el capote al brazo y con su eterno cigarrillo en la mano, seg\u00fan la maqueta que se ha mostrado.<\/p>\n<p>Gastos derivados<\/p>\n<p class=\"\">El precio estimado de la obra art\u00edstica se eleva a 130.000 euros, que ser\u00e1n adelantados por Morante, al igual que todos los gastos derivados de la organizaci\u00f3n del festejo, incluidos los novillos, hasta que se conozcan las cuentas y el beneficio resultante.<\/p>\n<p class=\"\">Asimismo, es deseo de Morante que la estatua se inaugure instantes antes del pase\u00edllo en presencia de todos los toreros vestidos de corto.<\/p>\n<p class=\"\"><a href=\"https:\/\/elpais.com\/noticias\/jose-antonio-morante-de-la-puebla\/\" target=\"_self\" rel=\"nofollow noopener\" title=\"https:\/\/elpais.com\/noticias\/jose-antonio-morante-de-la-puebla\/\">Morante fue el primero en hacer uso de la palabra<\/a> y se\u00f1al\u00f3 que \u201cAnto\u00f1ete se merece un monumento porque su toreo era monumental\u201d, y \u201ctodos los que hemos aprendido de su tauromaquia tenemos que agradecerle todo lo que hizo por la fiesta\u201d.<\/p>\n<p class=\"\">Curro V\u00e1zquez (74 a\u00f1os) a\u00f1adi\u00f3 que pronto se dio cuenta de que deb\u00eda estar presente en el festival a pesar del mucho tiempo que lleva retirado, y a\u00f1adi\u00f3 que coincide con Rinc\u00f3n en la preparaci\u00f3n, \u201caunque nos vemos m\u00e1s en el fisio que en los entrenamientos\u201d.<\/p>\n<p class=\"\">El torero colombiano, por su parte, record\u00f3 que Madrid le cambi\u00f3 la vida, y se\u00f1al\u00f3 que no pudo retirarse en Las Ventas como a \u00e9l le hubiera gustado. \u201cEs muy fuerte volver a Madrid\u201d, afirm\u00f3, \u201caunque sea para un festival\u201d.<\/p>\n<p class=\"\">Tambi\u00e9n hablaron la novillera Olga Casado, emocionada por hacer el pase\u00edllo junto a tantas figuras legendarias, y esperanzada en conseguir la meta de ser \u201cla mujer torera m\u00e1s importante de la historia\u201d; los empresarios de Plaza 1, Sim\u00f3n Casas y Rafael Garc\u00eda Garrido, y el director gerente del Centro de Asuntos Taurinos, Miguel Mart\u00edn. Aunque estaban invitados no estuvieron en el acto Enrique Ponce, Julio Aparicio y Pablo Hermoso de Mendoza.<\/p>\n<p class=\"\">Seg\u00fan la empresa Plaza 1, las entradas para este festejo, as\u00ed como las de la corrida que Morante de la Puebla toreara tambi\u00e9n esa tarde en el mismo escenario, ya est\u00e1n agotadas, lo que garantiza el hecho de que ese d\u00eda m\u00e1s de 45.000 personas llenar\u00e1n los tendidos de Las Ventas en esa doble sesi\u00f3n.<\/p>\n","protected":false},"excerpt":{"rendered":"El veterano diestro Curro V\u00e1zquez, actualmente en tareas de apoderado, afirm\u00f3 que el d\u00eda que Morante lo llam\u00f3&hellip;\n","protected":false},"author":2,"featured_media":138618,"comment_status":"","ping_status":"","sticky":false,"template":"","format":"standard","meta":{"footnotes":""},"categories":[277],"tags":[373,209,39005,168,27080,25,24,10706,3728,1392,29349,23,167,374,444],"class_list":{"0":"post-138617","1":"post","2":"type-post","3":"status-publish","4":"format-standard","5":"has-post-thumbnail","7":"category-toreo","8":"tag-bullfighting","9":"tag-cultura","10":"tag-curro-vazquez","11":"tag-deportes","12":"tag-enrique-ponce","13":"tag-es","14":"tag-espana","15":"tag-julio-aparicio","16":"tag-las-ventas","17":"tag-morante-de-la-puebla","18":"tag-pablo-hermoso-de-mendoza","19":"tag-spain","20":"tag-sports","21":"tag-toreo","22":"tag-toros"},"share_on_mastodon":{"url":"","error":""},"_links":{"self":[{"href":"https:\/\/www.europesays.com\/es\/wp-json\/wp\/v2\/posts\/138617","targetHints":{"allow":["GET"]}}],"collection":[{"href":"https:\/\/www.europesays.com\/es\/wp-json\/wp\/v2\/posts"}],"about":[{"href":"https:\/\/www.europesays.com\/es\/wp-json\/wp\/v2\/types\/post"}],"author":[{"embeddable":true,"href":"https:\/\/www.europesays.com\/es\/wp-json\/wp\/v2\/users\/2"}],"replies":[{"embeddable":true,"href":"https:\/\/www.europesays.com\/es\/wp-json\/wp\/v2\/comments?post=138617"}],"version-history":[{"count":0,"href":"https:\/\/www.europesays.com\/es\/wp-json\/wp\/v2\/posts\/138617\/revisions"}],"wp:featuredmedia":[{"embeddable":true,"href":"https:\/\/www.europesays.com\/es\/wp-json\/wp\/v2\/media\/138618"}],"wp:attachment":[{"href":"https:\/\/www.europesays.com\/es\/wp-json\/wp\/v2\/media?parent=138617"}],"wp:term":[{"taxonomy":"category","embeddable":true,"href":"https:\/\/www.europesays.com\/es\/wp-json\/wp\/v2\/categories?post=138617"},{"taxonomy":"post_tag","embeddable":true,"href":"https:\/\/www.europesays.com\/es\/wp-json\/wp\/v2\/tags?post=138617"}],"curies":[{"name":"wp","href":"https:\/\/api.w.org\/{rel}","templated":true}]}}