{"id":138631,"date":"2025-09-25T19:49:09","date_gmt":"2025-09-25T19:49:09","guid":{"rendered":"https:\/\/www.europesays.com\/es\/138631\/"},"modified":"2025-09-25T19:49:09","modified_gmt":"2025-09-25T19:49:09","slug":"las-obras-que-se-podran-visitar-en-la-exposicion-de-sorolla-en-valencia-en-el-palacio-de-las-comunicaciones","status":"publish","type":"post","link":"https:\/\/www.europesays.com\/es\/138631\/","title":{"rendered":"Las obras que se podr\u00e1n visitar en la exposici\u00f3n de Sorolla en Val\u00e8ncia en el Palacio de las Comunicaciones"},"content":{"rendered":"<p class=\"ft-text ft-helper-closenews\">El acuerdo marco hecho p\u00fablico el jueves entre la Generalitat Valenciana y la <a class=\"ft-link ft-link--decoration\" href=\"https:\/\/www.levante-emv.com\/cultura\/2025\/08\/02\/bueyes-sorolla-encandilan-casas-subastas-120264348.html\" target=\"_blank\" rel=\"nofollow noopener\">Hispanic Society of America<\/a> (HSA) incluye, en su anexo, la relaci\u00f3n de obras de Joaqu\u00edn Sorolla que se ceder\u00e1n temporalmente a la administraci\u00f3n valenciana para su exhibici\u00f3n en el Palacio de las Comunicaciones de Val\u00e8ncia. La cesi\u00f3n ser\u00e1 por un <strong>periodo m\u00ednimo de cuatro a\u00f1os<\/strong>, prorrogables otros cuatro. Tal como adelant\u00f3 este diario, <a class=\"ft-link ft-link--decoration\" href=\"https:\/\/www.levante-emv.com\/cultura\/2025\/09\/25\/sol-tarde-presidira-museo-sorolla-valencia-hispanic-society-121922427.html\" target=\"_blank\" rel=\"nofollow noopener\">&#8216;Sol de tarde&#8217; ser\u00e1 la obra protagonista de la exposici\u00f3n<\/a><\/p>\n<p class=\"ft-text\">Desde que en mayo trascendiera el encuentro en Nueva York entre el presidente <a class=\"ft-link ft-link--decoration\" href=\"https:\/\/www.levante-emv.com\/tags\/carlos-mazon\/\" target=\"_blank\" rel=\"nofollow noopener\">Carlos Maz\u00f3n <\/a>y el director de la Hispanic, Guillaume Kientz, para materializar la colaboraci\u00f3n entre ambas instituciones, los detalles de la exposici\u00f3n se han ido conociendo a cuentagotas. Ahora, con la publicaci\u00f3n del convenio, el anexo II detalla las obras que viajar\u00e1n a Val\u00e8ncia: <strong>un total de 238<\/strong>, aunque el documento precisa que ser\u00e1n <strong>\u00abcomo m\u00ednimo\u00bb 221<\/strong> y contempla posibles modificaciones en la selecci\u00f3n final. De ah\u00ed, no todas se expondr\u00e1n a la vez, sino que ir\u00e1n cambi\u00e1ndose las piezas mostradas.<\/p>\n<p class=\"ft-text\">Queda descartada la cesi\u00f3n de &#8216;Visiones de Espa\u00f1a&#8217;, la c\u00e9lebre <a class=\"ft-link ft-link--decoration\" href=\"https:\/\/www.levante-emv.com\/cultura\/2025\/07\/15\/proyecto-sorolla-bocetos-vision-espana-hispanic-society-of-america-119673648.html\" target=\"_blank\" rel=\"nofollow noopener\">colecci\u00f3n de paneles que Sorolla pint\u00f3 sobre las diferentes provincias espa\u00f1olas<\/a> y que custodia la instituci\u00f3n americana fundada por Archer Milton Huntington. No obstante, s\u00ed podr\u00e1n contemplarse los bocetos preparatorios: acuarelas previas a los grandes \u00f3leos que hoy presiden la sede de la HSA. Est\u00e1n confirmados los correspondientes a Galicia, Le\u00f3n y Castilla, todos de 1911, adem\u00e1s de otros cuatro a\u00fan por determinar.<\/p>\n<p class=\"ft-text\">En un formato similar, aunque con mayor densidad pict\u00f3rica, llegar\u00e1n tambi\u00e9n<strong> 73 gouaches<\/strong> que sirvieron de base para el resto de paneles de &#8216;Visiones de Espa\u00f1a&#8217;. Entre ellos figuran <strong>Navarra, Arag\u00f3n, Castilla, Andaluc\u00eda y Euskadi<\/strong>, junto a otros realizados desde la ventana del hotel donde Sorolla se alojaba en <strong>Nueva York<\/strong> entre 1911 y 1919.<\/p>\n<p class=\"ft-text\">El lote incluye asimismo 66 dibujos, en su mayor\u00eda a l\u00e1piz sobre papel. Muchos son retratos realizados en el sal\u00f3n del <a class=\"ft-link ft-link--decoration\" href=\"https:\/\/es.wikipedia.org\/wiki\/The_Blackstone_Hotel\" target=\"_blank\" rel=\"nofollow noopener\">Blackstone Hotel de Chicago<\/a>, aunque tambi\u00e9n se encuentra una escena hist\u00f3rica: la partida de Crist\u00f3bal Col\u00f3n desde el cabo de Palos con las tres carabelas, la Ni\u00f1a, la Pinta y la Santa Mar\u00eda.<\/p>\n<p class=\"ft-text\">Entre las piezas cedidas destaca una escultura de Sorolla modelada por <a class=\"ft-link ft-link--decoration\" href=\"https:\/\/www.museodelprado.es\/aprende\/enciclopedia\/voz\/benlliure-gil-mariano\/81d0d079-30b9-4233-af79-235edbef3fb3\" target=\"_blank\" rel=\"nofollow noopener\">Mariano Benlliure<\/a>, as\u00ed como la paleta de pintura que el artista utiliz\u00f3 a comienzos del siglo XX.<\/p>\n<p class=\"ft-text\">La cesi\u00f3n temporal incorpora, adem\u00e1s, 90 pinturas en las que se re\u00fanen algunas de las obras clave del pintor valenciano: escenas de playas mediterr\u00e1neas con ni\u00f1os, pescadores y ba\u00f1istas, paisajes y estampas de la vida cotidiana. Sobresale tambi\u00e9n el conjunto de retratos, con figuras como su esposa, Clotilde, Mariano Benlliure, P\u00edo Baroja o Vicente Blasco Ib\u00e1\u00f1ez.<\/p>\n<p>Las obras cedidas por la Hispanic Society de America a la Generalitat:<\/p>\n<p> Las obras de Sorolla que se expondr\u00e1n en Val\u00e8ncia<\/p>\n<p data-close=\"closedContent\" class=\"subscribeHideForDisplay\">Suscr\u00edbete para seguir leyendo<\/p>\n","protected":false},"excerpt":{"rendered":"El acuerdo marco hecho p\u00fablico el jueves entre la Generalitat Valenciana y la Hispanic Society of America (HSA)&hellip;\n","protected":false},"author":2,"featured_media":138632,"comment_status":"","ping_status":"","sticky":false,"template":"","format":"standard","meta":{"footnotes":""},"categories":[173],"tags":[43521,229,233,231,230,38857,209,232,234,146,147,25,24,43523,2003,241,238,236,43522,474,471,23,235],"class_list":{"0":"post-138631","1":"post","2":"type-post","3":"status-publish","4":"format-standard","5":"has-post-thumbnail","7":"category-arte-y-diseno","8":"tag-43521","9":"tag-arte","10":"tag-arte-y-diseno","11":"tag-arts","12":"tag-arts-and-design","13":"tag-consulta","14":"tag-cultura","15":"tag-design","16":"tag-diseno","17":"tag-entertainment","18":"tag-entretenimiento","19":"tag-es","20":"tag-espana","21":"tag-exposicio","22":"tag-exposicion","23":"tag-exposiciones","24":"tag-generalitat-valenciana","25":"tag-joaquin-sorolla","26":"tag-mariano-benlliure","27":"tag-obras","28":"tag-sorolla","29":"tag-spain","30":"tag-valencia"},"share_on_mastodon":{"url":"","error":""},"_links":{"self":[{"href":"https:\/\/www.europesays.com\/es\/wp-json\/wp\/v2\/posts\/138631","targetHints":{"allow":["GET"]}}],"collection":[{"href":"https:\/\/www.europesays.com\/es\/wp-json\/wp\/v2\/posts"}],"about":[{"href":"https:\/\/www.europesays.com\/es\/wp-json\/wp\/v2\/types\/post"}],"author":[{"embeddable":true,"href":"https:\/\/www.europesays.com\/es\/wp-json\/wp\/v2\/users\/2"}],"replies":[{"embeddable":true,"href":"https:\/\/www.europesays.com\/es\/wp-json\/wp\/v2\/comments?post=138631"}],"version-history":[{"count":0,"href":"https:\/\/www.europesays.com\/es\/wp-json\/wp\/v2\/posts\/138631\/revisions"}],"wp:featuredmedia":[{"embeddable":true,"href":"https:\/\/www.europesays.com\/es\/wp-json\/wp\/v2\/media\/138632"}],"wp:attachment":[{"href":"https:\/\/www.europesays.com\/es\/wp-json\/wp\/v2\/media?parent=138631"}],"wp:term":[{"taxonomy":"category","embeddable":true,"href":"https:\/\/www.europesays.com\/es\/wp-json\/wp\/v2\/categories?post=138631"},{"taxonomy":"post_tag","embeddable":true,"href":"https:\/\/www.europesays.com\/es\/wp-json\/wp\/v2\/tags?post=138631"}],"curies":[{"name":"wp","href":"https:\/\/api.w.org\/{rel}","templated":true}]}}