{"id":138651,"date":"2025-09-25T19:59:11","date_gmt":"2025-09-25T19:59:11","guid":{"rendered":"https:\/\/www.europesays.com\/es\/138651\/"},"modified":"2025-09-25T19:59:11","modified_gmt":"2025-09-25T19:59:11","slug":"diecisiete-presos-muertos-en-choque-entre-bandas-narco-en-carcel-de-ecuador","status":"publish","type":"post","link":"https:\/\/www.europesays.com\/es\/138651\/","title":{"rendered":"Diecisiete presos muertos en choque entre bandas narco en c\u00e1rcel de Ecuador"},"content":{"rendered":"<p>    <img src=\"https:\/\/www.europesays.com\/es\/wp-content\/uploads\/2025\/09\/2025-09-25T193A063A42Z-90068676.jpg\" width=\"1024\" height=\"684\" alt=\"\" loading=\"eager\" decoding=\"sync\" fetchpriority=\"high\"\/><\/p>\n<p>            afp_tickers        <\/p>\n<p>        Este contenido fue publicado en    <\/p>\n<p>        25 septiembre 2025 &#8211; 21:06\n<\/p>\n<p>Una nueva disputa entre bandas de narcotraficantes en una c\u00e1rcel de Ecuador provoc\u00f3 al menos 17 muertos el jueves, con cuerpos desmembrados y acuchillados que recuerdan los peores enfrentamientos de este tipo en el pa\u00eds.<\/p>\n<p>La cifra, proporcionada por el organismo a cargo de las penitenciar\u00edas (SNAI), eleva a 30 el n\u00famero de presos muertos en circunstancias similares en los \u00faltimos tres d\u00edas. Tambi\u00e9n falleci\u00f3 un guardia penitenciario, en medio de una ola de violencia sin precedentes en la naci\u00f3n que hace una d\u00e9cada era tranquila.\u00a0<\/p>\n<p>Im\u00e1genes difundidas en redes sociales y verificadas por la AFP muestran a una decena de hombres tendidos en el suelo con el torso desnudo, ensangrentados y varios de ellos decapitados en la c\u00e1rcel de la costera Esmeraldas, capital de la provincia hom\u00f3nima en el norte del pa\u00eds. M\u00e1s temprano, la Polic\u00eda hab\u00eda dado un balance preliminar de diez fallecidos.<\/p>\n<p>\u00abHay mujeres que desde las cinco y media (de la ma\u00f1ana) se botaron a las calles aqu\u00ed a preguntar por sus familiares\u00bb, dice angustiada a la AFP una mujer en busca de informaci\u00f3n sobre un allegado y que pidi\u00f3 reserva de su identidad.<\/p>\n<p>Lleg\u00f3 al lugar tras una llamada telef\u00f3nica de vecinos de la prisi\u00f3n que le alertaron sobre el disturbio de la madrugada: dijeron \u00abque escuchaban la balacera, que escuchaban los gritos, que escuchaban los lamentos\u00bb.<\/p>\n<p>Seg\u00fan la mujer, los militares le aconsejaron ir \u00aba la morgue a ver si sus familiares est\u00e1n vivos o muertos\u00bb.<\/p>\n<p>\u2013 Convulso puerto petrolero \u2013<\/p>\n<p>Las c\u00e1rceles ecuatorianas se convirtieron hace varios a\u00f1os en centros de operaci\u00f3n de organizaciones criminales que se enfrentan por el poder y\u00a0protagonizan masacres que han derivado en la muerte de unos 500 reclusos desde 2021.<\/p>\n<p>Los choques que dejaron 17 muertos este jueves se produjeron en la principal penitenciar\u00eda de Esmeraldas, un puerto petrolero cerca de la frontera con Colombia.<\/p>\n<p>El centro tiene capacidad para 1.100 reclusos pero en 2022 albergaba a m\u00e1s de 1.400, de acuerdo con el SNAI.<\/p>\n<p>Con rostros de preocupaci\u00f3n, decenas de personas, entre allegados y pobladores, aguardaban noticias en los exteriores de la c\u00e1rcel, que estaba rodeada por un fuerte cord\u00f3n policial y militar, registraron periodistas de la AFP.<\/p>\n<p>El lunes, enfrentamientos entre reclusos en la penitenciaria de Machala, ciudad costera cercana a la frontera con Per\u00fa, terminaron con la muerte de 13 presos y un guardia. Otras 14 personas quedaron heridas, seg\u00fan informaci\u00f3n oficial.<\/p>\n<p>Gran parte de la droga que se produce en Colombia y Per\u00fa, los mayores exportadores de coca\u00edna mundiales, sale por los puertos de Ecuador y se consume en Estados Unidos y Europa.<\/p>\n<p>\u2013 Fronteras en llamas \u2013<\/p>\n<p>La mayor matanza entre presos en Ecuador se produjo en 2021, cuando m\u00e1s de un centenar de reclusos fueron asesinados en una penitenciar\u00eda de Guayaquil (suroeste). Esta es considerada una de las peores masacres carcelarias de Latinoam\u00e9rica.\u00a0<\/p>\n<p>Los presos llegaron a transmitir en vivo y por redes sociales los cruentos enfrentamientos, con cuerpos decapitados e incinerados.<\/p>\n<p>En Esmeraldas, de poblaci\u00f3n afro y a orillas del Pac\u00edfico, nueve personas fueron asesinadas en 2023 durante el ataque armado de una treintena de mafiosos que llegaron en lanchas y autom\u00f3viles a un puerto de pescadores artesanales y abrieron fuego cuando en el sitio hab\u00eda m\u00e1s de 1.500 pobladores.<\/p>\n<p>Videos difundidos en redes sociales mostraron a la poblaci\u00f3n sacando cuerpos del agua mientras otros cad\u00e1veres ensangrentados estaban tendidos en el suelo.<\/p>\n<p>Las c\u00e1rceles ecuatorianas est\u00e1n bajo control de militares desde 2024, cuando el presidente Daniel Noboa declar\u00f3 la guerra al crimen organizado y a su pa\u00eds en conflicto armado interno para enfrentar a una veintena de bandas del narco locales con nexos con c\u00e1rteles internacionales.<\/p>\n<p>Ecuador era un pa\u00eds tranquilo pero los \u00faltimos seis a\u00f1os los homicidios se dispararon m\u00e1s de 600%.<\/p>\n<p>Por territorio ecuatoriano transita un 70% de la droga que va hacia Estados Unidos, de acuerdo con cifras oficiales.<\/p>\n<p>sp\/lv\/mel<\/p>\n","protected":false},"excerpt":{"rendered":"afp_tickers Este contenido fue publicado en 25 septiembre 2025 &#8211; 21:06 Una nueva disputa entre bandas de narcotraficantes&hellip;\n","protected":false},"author":2,"featured_media":138652,"comment_status":"","ping_status":"","sticky":false,"template":"","format":"standard","meta":{"footnotes":""},"categories":[42],"tags":[17,18,636,11892,27495,13,14,11,61,62,63,64,11894,11895,19,20,7657,43526,9,10,15,16,43527,25889,25890,90,12,11896,21,22,65,66,67],"class_list":{"0":"post-138651","1":"post","2":"type-post","3":"status-publish","4":"format-standard","5":"has-post-thumbnail","7":"category-internacional","8":"tag-breaking-news","9":"tag-breakingnews","10":"tag-conflict","11":"tag-crime","12":"tag-drug-trafficking","13":"tag-featured-news","14":"tag-featurednews","15":"tag-headlines","16":"tag-internacional","17":"tag-international","18":"tag-international-news","19":"tag-internationalnews","20":"tag-judiciary-system-of-justice","21":"tag-justice-and-rights","22":"tag-latest-news","23":"tag-latestnews","24":"tag-law-and-order","25":"tag-massacre","26":"tag-news","27":"tag-noticias","28":"tag-noticias-destacadas","29":"tag-noticiasdestacadas","30":"tag-organized-crime","31":"tag-prison","32":"tag-punishment","33":"tag-ticker","34":"tag-titulares","35":"tag-trials","36":"tag-ultimas-noticias","37":"tag-ultimasnoticias","38":"tag-world","39":"tag-world-news","40":"tag-worldnews"},"share_on_mastodon":{"url":"","error":""},"_links":{"self":[{"href":"https:\/\/www.europesays.com\/es\/wp-json\/wp\/v2\/posts\/138651","targetHints":{"allow":["GET"]}}],"collection":[{"href":"https:\/\/www.europesays.com\/es\/wp-json\/wp\/v2\/posts"}],"about":[{"href":"https:\/\/www.europesays.com\/es\/wp-json\/wp\/v2\/types\/post"}],"author":[{"embeddable":true,"href":"https:\/\/www.europesays.com\/es\/wp-json\/wp\/v2\/users\/2"}],"replies":[{"embeddable":true,"href":"https:\/\/www.europesays.com\/es\/wp-json\/wp\/v2\/comments?post=138651"}],"version-history":[{"count":0,"href":"https:\/\/www.europesays.com\/es\/wp-json\/wp\/v2\/posts\/138651\/revisions"}],"wp:featuredmedia":[{"embeddable":true,"href":"https:\/\/www.europesays.com\/es\/wp-json\/wp\/v2\/media\/138652"}],"wp:attachment":[{"href":"https:\/\/www.europesays.com\/es\/wp-json\/wp\/v2\/media?parent=138651"}],"wp:term":[{"taxonomy":"category","embeddable":true,"href":"https:\/\/www.europesays.com\/es\/wp-json\/wp\/v2\/categories?post=138651"},{"taxonomy":"post_tag","embeddable":true,"href":"https:\/\/www.europesays.com\/es\/wp-json\/wp\/v2\/tags?post=138651"}],"curies":[{"name":"wp","href":"https:\/\/api.w.org\/{rel}","templated":true}]}}