{"id":138659,"date":"2025-09-25T20:08:07","date_gmt":"2025-09-25T20:08:07","guid":{"rendered":"https:\/\/www.europesays.com\/es\/138659\/"},"modified":"2025-09-25T20:08:07","modified_gmt":"2025-09-25T20:08:07","slug":"la-descabellada-peticion-de-mcgregor-para-regresar-a-la-ufc-100-millones-de-dolares-mas-deportes","status":"publish","type":"post","link":"https:\/\/www.europesays.com\/es\/138659\/","title":{"rendered":"La descabellada petici\u00f3n de McGregor para regresar a la UFC: 100 millones de d\u00f3lares | M\u00e1s deportes"},"content":{"rendered":"<p>Conor McGregor sigue tanteando su regreso a la UFC. El excampe\u00f3n del peso pluma y ligero de la promotora estadounidense ha manifestado en diversas ocasiones su deseo de volver a la jaula en la <a href=\"https:\/\/cadenaser.com\/nacional\/2025\/07\/04\/la-ultima-locura-de-trump-habra-una-pelea-de-ufc-en-la-casa-blanca-cadena-ser\/\" target=\"_blank\" rel=\"nofollow noopener\" title=\"https:\/\/cadenaser.com\/nacional\/2025\/07\/04\/la-ultima-locura-de-trump-habra-una-pelea-de-ufc-en-la-casa-blanca-cadena-ser\/\">esperada velada de la Casa Blanca<\/a>. Sin embargo, el irland\u00e9s ha compartido en sus redes sociales cu\u00e1l ser\u00e1 su cach\u00e9 para este regreso: 100 millones de d\u00f3lares y 100 \u201ctarjetas visas doradas\u201d.<\/p>\n<p>McGregor, considerado el peleador m\u00e1s controversial de la UFC, lleva alejado del oct\u00f3gono m\u00e1s de cuatro a\u00f1os; siendo su \u00faltimo enfrentamiento disputado con otra leyenda de la compa\u00f1\u00eda: Dustin Poirier, la cual se resolvi\u00f3 con derrota por TKO. Desde aquel instante, el irland\u00e9s dej\u00f3 de lado las artes marciales mixtas para centrarse en la pol\u00edtica, sus diversos negocios y ser la imagen visible de la promotora BKFC. Pese a ello, The Notorious estuvo muy cerca de volver a pelear. <a href=\"https:\/\/cadenaser.com\/nacional\/2024\/04\/14\/ilia-topuria-ya-conoce-a-su-proximo-rival-y-la-ufc-hace-oficial-la-vuelta-de-conor-mcgregor-al-octagono-cadena-ser\/\" target=\"_blank\" rel=\"nofollow noopener\" title=\"https:\/\/cadenaser.com\/nacional\/2024\/04\/14\/ilia-topuria-ya-conoce-a-su-proximo-rival-y-la-ufc-hace-oficial-la-vuelta-de-conor-mcgregor-al-octagono-cadena-ser\/\">Concretamente, en UFC 303 para enfrentarse contra Michael Chandler<\/a>; sin embargo, una lesi\u00f3n en el me\u00f1ique priv\u00f3 al irland\u00e9s de volver a la competici\u00f3n.<\/p>\n<p>Pensando en el futuro a corto plazo, Conor se ha mostrado muy interesado en protagonizar su esperado regreso en la Casa Blanca; una ambiciosa cita que asegura ofrecer un sobresaliente a los aficionados, reuniendo a otros emblem\u00e1ticos peleadores como Jon Jones. Para ello, McGregor, que durante los \u00faltimos meses ha compartido en sus redes sociales m\u00faltiples jornadas de entrenamientos, ensalzando su estado de forma. No obstante, The Notorious, que es el peleador que m\u00e1s dinero ha generado a la UFC en cuanto a eventos pagados, ha compartido cu\u00e1l ser\u00e1 su cach\u00e9 para volver a la m\u00e1xima competici\u00f3n. \u00ab100 millones de d\u00f3lares para luchar en la Casa Blanca junto con 100 \u201cvisas doradas\u201d estadounidenses para m\u00ed, mi familia y mis amigos. Tengo muchas ganas de volver a entretener al mundo de la lucha. \u00a1Un placer que nunca doy por sentado!\u00bb, comparti\u00f3 en X.<\/p>\n<blockquote class=\"twitter-tweet\">\n<p lang=\"en\" dir=\"ltr\">$100million to fight at the White House along with 100 U.S \u201cGolden Visas\u201d for myself and family and friends <\/p>\n<p>I look very forward to entertaining the fighting world once again. <\/p>\n<p>A pleasure I never take for granted!<\/p>\n<p>\u2014 Conor McGregor (@TheNotoriousMMA) <a href=\"https:\/\/twitter.com\/TheNotoriousMMA\/status\/1971121906033291470?ref_src=twsrc%5Etfw\" rel=\"nofollow noopener\" target=\"_blank\">September 25, 2025<\/a><\/p><\/blockquote>\n<p>Sin duda alguna, esta propuesta, la cual se presenta algo descabellada, ser\u00e1 la encargada de determinar si Conor volver\u00e1 a la jaula; pese a ello, Dana White, CEO de la UFC, ser\u00e1 el encargado de tomar la \u00faltima palabra.<\/p>\n<p><script async src=\"https:\/\/platform.twitter.com\/widgets.js\" charset=\"utf-8\"><\/script><\/p>\n","protected":false},"excerpt":{"rendered":"Conor McGregor sigue tanteando su regreso a la UFC. El excampe\u00f3n del peso pluma y ligero de la&hellip;\n","protected":false},"author":2,"featured_media":138660,"comment_status":"","ping_status":"","sticky":false,"template":"","format":"standard","meta":{"footnotes":""},"categories":[276],"tags":[168,25,24,23,167,343],"class_list":{"0":"post-138659","1":"post","2":"type-post","3":"status-publish","4":"format-standard","5":"has-post-thumbnail","7":"category-ufc","8":"tag-deportes","9":"tag-es","10":"tag-espana","11":"tag-spain","12":"tag-sports","13":"tag-ufc"},"share_on_mastodon":{"url":"","error":""},"_links":{"self":[{"href":"https:\/\/www.europesays.com\/es\/wp-json\/wp\/v2\/posts\/138659","targetHints":{"allow":["GET"]}}],"collection":[{"href":"https:\/\/www.europesays.com\/es\/wp-json\/wp\/v2\/posts"}],"about":[{"href":"https:\/\/www.europesays.com\/es\/wp-json\/wp\/v2\/types\/post"}],"author":[{"embeddable":true,"href":"https:\/\/www.europesays.com\/es\/wp-json\/wp\/v2\/users\/2"}],"replies":[{"embeddable":true,"href":"https:\/\/www.europesays.com\/es\/wp-json\/wp\/v2\/comments?post=138659"}],"version-history":[{"count":0,"href":"https:\/\/www.europesays.com\/es\/wp-json\/wp\/v2\/posts\/138659\/revisions"}],"wp:featuredmedia":[{"embeddable":true,"href":"https:\/\/www.europesays.com\/es\/wp-json\/wp\/v2\/media\/138660"}],"wp:attachment":[{"href":"https:\/\/www.europesays.com\/es\/wp-json\/wp\/v2\/media?parent=138659"}],"wp:term":[{"taxonomy":"category","embeddable":true,"href":"https:\/\/www.europesays.com\/es\/wp-json\/wp\/v2\/categories?post=138659"},{"taxonomy":"post_tag","embeddable":true,"href":"https:\/\/www.europesays.com\/es\/wp-json\/wp\/v2\/tags?post=138659"}],"curies":[{"name":"wp","href":"https:\/\/api.w.org\/{rel}","templated":true}]}}