{"id":138695,"date":"2025-09-25T20:27:07","date_gmt":"2025-09-25T20:27:07","guid":{"rendered":"https:\/\/www.europesays.com\/es\/138695\/"},"modified":"2025-09-25T20:27:07","modified_gmt":"2025-09-25T20:27:07","slug":"la-comision-de-investigacion-sigue-adelante-y-abierta","status":"publish","type":"post","link":"https:\/\/www.europesays.com\/es\/138695\/","title":{"rendered":"La Comisi\u00f3n de Investigaci\u00f3n sigue adelante y abierta"},"content":{"rendered":"<p>Hablamos con Rosa \u00c1lvarez, presidenta de la Asociaci\u00f3n V\u00edctimas Mortales de DANA 29-O<\/p>\n<p><strong>Dos de las principales asociaciones de v\u00edctimas de la dana han acudido por primera vez a la Comisi\u00f3n de Peticiones del Parlamento Europeo<\/strong> para reclamar una<strong> investigaci\u00f3n a nivel comunitario<\/strong>, sobre la<strong> riada del pasado 29 de octubre<\/strong>. <strong>Rosa \u00c1lvarez, presidenta de la Asociaci\u00f3n V\u00edctimas Mortales DANA 29-O<\/strong> , ha asegurado en el informativo &#8217;24 Horas de RNE&#8217;: \u00abEstamos muy satisfechas, <strong>la Comisi\u00f3n de Investigaci\u00f3n sigue adelante y abierta<\/strong>\u00ab. A\u00f1ade que no saben cuanto tardar\u00e1 esa investigaci\u00f3n y que no reclaman justicia: \u00ab<strong>Tenemos muchas esperanzas puestas en que estudien qu\u00e9 sucedi\u00f3 el d\u00eda 29 <\/strong>y por qu\u00e9 los d\u00edas previos no se nos comunic\u00f3 el riesgo\u00bb. <\/p>\n<p>A las palabras del eurodiputado del PP, Gonz\u00e1lez Pons, sobre que \u00ablas asociaciones no representan a todos los familiares\u00bb, Rosa \u00c1lvarez le ha respondido que \u00abellos tampoco representan a toda la ciudadan\u00eda\u00bb, aunque asegura que Pons \u00abvotar\u00e1 a favor de la Comisi\u00f3n\u00bb.<\/p>\n","protected":false},"excerpt":{"rendered":"Hablamos con Rosa \u00c1lvarez, presidenta de la Asociaci\u00f3n V\u00edctimas Mortales de DANA 29-O Dos de las principales asociaciones&hellip;\n","protected":false},"author":2,"featured_media":138696,"comment_status":"","ping_status":"","sticky":false,"template":"","format":"standard","meta":{"footnotes":""},"categories":[8],"tags":[43529,11980,17,18,25,24,13,14,11,19,20,9,10,15,16,133,1448,1986,1987,23,12,21,22],"class_list":{"0":"post-138695","1":"post","2":"type-post","3":"status-publish","4":"format-standard","5":"has-post-thumbnail","7":"category-espana","8":"tag-la-comision-de-investigacion-sigue-adelante-y-abierta","9":"tag-24-horas","10":"tag-breaking-news","11":"tag-breakingnews","12":"tag-es","13":"tag-espana","14":"tag-featured-news","15":"tag-featurednews","16":"tag-headlines","17":"tag-latest-news","18":"tag-latestnews","19":"tag-news","20":"tag-noticias","21":"tag-noticias-destacadas","22":"tag-noticiasdestacadas","23":"tag-online","24":"tag-radio","25":"tag-rne","26":"tag-rtve-play","27":"tag-spain","28":"tag-titulares","29":"tag-ultimas-noticias","30":"tag-ultimasnoticias"},"share_on_mastodon":{"url":"","error":""},"_links":{"self":[{"href":"https:\/\/www.europesays.com\/es\/wp-json\/wp\/v2\/posts\/138695","targetHints":{"allow":["GET"]}}],"collection":[{"href":"https:\/\/www.europesays.com\/es\/wp-json\/wp\/v2\/posts"}],"about":[{"href":"https:\/\/www.europesays.com\/es\/wp-json\/wp\/v2\/types\/post"}],"author":[{"embeddable":true,"href":"https:\/\/www.europesays.com\/es\/wp-json\/wp\/v2\/users\/2"}],"replies":[{"embeddable":true,"href":"https:\/\/www.europesays.com\/es\/wp-json\/wp\/v2\/comments?post=138695"}],"version-history":[{"count":0,"href":"https:\/\/www.europesays.com\/es\/wp-json\/wp\/v2\/posts\/138695\/revisions"}],"wp:featuredmedia":[{"embeddable":true,"href":"https:\/\/www.europesays.com\/es\/wp-json\/wp\/v2\/media\/138696"}],"wp:attachment":[{"href":"https:\/\/www.europesays.com\/es\/wp-json\/wp\/v2\/media?parent=138695"}],"wp:term":[{"taxonomy":"category","embeddable":true,"href":"https:\/\/www.europesays.com\/es\/wp-json\/wp\/v2\/categories?post=138695"},{"taxonomy":"post_tag","embeddable":true,"href":"https:\/\/www.europesays.com\/es\/wp-json\/wp\/v2\/tags?post=138695"}],"curies":[{"name":"wp","href":"https:\/\/api.w.org\/{rel}","templated":true}]}}