{"id":138734,"date":"2025-09-25T20:57:15","date_gmt":"2025-09-25T20:57:15","guid":{"rendered":"https:\/\/www.europesays.com\/es\/138734\/"},"modified":"2025-09-25T20:57:15","modified_gmt":"2025-09-25T20:57:15","slug":"bidasoa-y-abanca-ademar-firman-tablas-en-un-duelo-vibrante","status":"publish","type":"post","link":"https:\/\/www.europesays.com\/es\/138734\/","title":{"rendered":"Bidasoa y Abanca Ademar firman tablas en un duelo vibrante"},"content":{"rendered":"<p><a class=\"v-mdl-ath__fig-a\" href=\"https:\/\/www.leonoticias.com\/autor\/borja-perez-7064.html\" title=\"Borja P\u00e9rez\" rel=\"nofollow noopener\" target=\"_blank\"><br \/>\n<img decoding=\"async\" class=\"v-mdl-ath__img\" src=\"https:\/\/www.europesays.com\/es\/wp-content\/uploads\/2025\/08\/autor-7064-foto-1.jpeg\" alt=\"Borja P\u00e9rez\"\/><br \/>\n<\/a><\/p>\n<p class=\"v-mdl-ath__p v-mdl-ath__p--6\">\nJueves, 25 de septiembre 2025, 22:10<\/p>\n<p class=\"v-p\">No pudo mantener su idilio reciente con Artaleku el Abanca Ademar, aunque los leoneses sumaron un punto de un campo siempre complicado. El conjunto de Dani Gordo, tras una primera parte de mayor dominio en el marcador y despu\u00e9s de solventar un mal inicio del segundo acto, no logr\u00f3 pasar del empate a pesar de contar con la opci\u00f3n final.<\/p>\n<p class=\"v-p\">La eficacia de Mi\u00f1ambres en la primera mitad y el despliegue ofensivo de Gonzalo P\u00e9rez Arce, respaldado por su hermano, en el segundo tiempo, sostuvo en todo momento a los leoneses para sumar su primer empate de la temporada.<\/p>\n<p><img decoding=\"async\" loading=\"lazy\" src=\"https:\/\/www.europesays.com\/es\/wp-content\/uploads\/2025\/09\/Bidasoa.jpg\" class=\"v-scr__img\" width=\"44\" height=\"44\" alt=\"Bidasoa Ir\u00fan\"\/><\/p>\n<p class=\"v-scr__t\">Bidasoa Ir\u00fan<\/p>\n<p class=\"v-scr__p v-scr__p--3\">Leo Maciel (P), Jakub Skrzyniarz (P), I\u00f1aki Cavero (1), Xavi Tua (-), Marko Jevtic (1), Peci\u00f1a (-), Xavier Gonz\u00e1lez (1), Esteban Salinas (-), Rodrigo Salinas (4), Mujica (4), Mielczarski (2), Nevado (3), Gorka Nieto (5), Dariel Garc\u00eda (1), Nacho Valles (3), Tito D\u00edaz (1).<\/p>\n<p class=\"v-scr__n-c v-scr__n-c--1 \">\n 26\n<\/p>\n<p class=\"v-scr__n-c v-scr__n-c--2\">\n&#8211;\n<\/p>\n<p class=\"v-scr__n-c v-scr__n-c--3 \">\n 26\n<\/p>\n<p class=\"v-scr__t\">Abanca Ademar<\/p>\n<p><img decoding=\"async\" loading=\"lazy\" src=\"https:\/\/www.europesays.com\/es\/wp-content\/uploads\/2025\/09\/Ademar escudo.jpg\" class=\"v-scr__img\" width=\"44\" height=\"44\" alt=\"Abanca Ademar\"\/><\/p>\n<p class=\"v-scr__p v-scr__p--3\">Saeid (P), \u00c1lvaro P\u00e9rez (P), Mi\u00f1ambres (5), Wasiak (2), Dar\u00edo Sanz (2), Adri\u00e1n Fern\u00e1ndez (2), Rodrigo P\u00e9rez Arce (2), Rub\u00e9n Rozada (-), Sergio S\u00e1nchez (-), \u00c1lvaro Zapico (-), Gonzalo P\u00e9rez Arce (7), Samu Saiz (-), Aitor Albizu (-), Alberto Mart\u00edn (3), Edu Fern\u00e1ndez (1), Benites (2).<\/p>\n<ul class=\"v-u\">\n<li class=\"v-u__l\">\n<p class=\"v-p\">\nParciales<br \/>\n1-2, 4-4, 6-8, 9-10, 11-13, 13-15 -descanso-; 17-16, 18-18, 21-20, 22-23, 24-24, 26-26 -final-.\n<\/p>\n<\/li>\n<li class=\"v-u__l\">\n<p class=\"v-p\">\n\u00c1rbitros<br \/>\nJordi Aus\u00e1s y Miquel Florenza. Excluyeron a Skrzyniarz y Rodrigo Salinas por parte de Bidasoa Ir\u00fan y a Sergio S\u00e1nchez, Alberto Mart\u00edn y Dar\u00edo Sanz por parte del Abanca Ademar.\n<\/p>\n<\/li>\n<li class=\"v-u__l\">\n<p class=\"v-p\">\nIncidencias<br \/>\nPabell\u00f3n Artaleku. Jornada 3 de la Liga Asobal.\n<\/p>\n<\/li>\n<\/ul>\n<p class=\"v-p\">Los maristas afrontaron el encuentro intersemanal sin apenas tiempo para prepararlo tras jugar el domingo otro duro choque ante Granollers, pero con la buena noticias de contar con toda la plantilla disponible a excepci\u00f3n de los lesionados de larga duraci\u00f3n Lodos y Lindqvist.<\/p>\n<p class=\"v-p\">El duelo se antojaba igualado en todos los niveles y as\u00ed se reflej\u00f3 desde el primer instante. Tuvo que ser desde los siete metros la f\u00f3rmula utilizada por los maristas para abrir el marcador a los tres minutos. La defensa de Dani Gordo exhibi\u00f3 una f\u00e9rrea a lo largo del primer acto, manteniendo tanteadores bajos en los primeros instantes (1-2).<\/p>\n<p>Golpe y respuesta<\/p>\n<p class=\"v-p\">Poco a poco, la calidad ofensiva fue emergiendo sobre el pabell\u00f3n de Artaleku y Bidasoa, aprovechando sus primeras transiciones, logr\u00f3 ponerse por delante (4-3). Fue un toma y daca hasta que, tras la primera exclusi\u00f3n de los irundarras, Mi\u00f1ambres puso la primera renta de dos tantos a favor de los leoneses (4-6).<\/p>\n<p class=\"v-p\">Responder\u00eda acto seguido el equipo local ante la posterior sanci\u00f3n de dos minutos a Dar\u00edo Sanz que dar\u00eda paso al empate (8-8). El Abanca Ademar recibir\u00eda dos exclusiones consecutivas en un tramo de cinco minutos, lo que provoc\u00f3 el enfado de Dani Gordo, aunque en el resultado los leoneses volver\u00edan a ponerse al mando (8-10).<\/p>\n<p class=\"v-p\">El guion se repet\u00eda una y otra vez. El Abanca Ademar golpeaba y Bidasoa Ir\u00fan respond\u00eda. El conjunto leon\u00e9s volver\u00eda a dibujar un marcador favorable de tres tantos que dio paso al tiempo muerto de Bidasoa y a la consecuente mejora defensiva, aunque un \u00faltimo minuto de exhibici\u00f3n ademarista llev\u00f3 al descanso el marcador a su favor (13-15).<\/p>\n<p>Acciones del duelo en Artaleku.<\/p>\n<p>Fernando de la Hera.<\/p>\n<p><img decoding=\"async\" loading=\"lazy\" src=\"https:\/\/www.europesays.com\/es\/wp-content\/uploads\/2025\/09\/1501199585-kQ5E--1200x841@Leonoticias.jpg\" class=\"v-mdl__img-z\" width=\"1200\" height=\"841\" alt=\"Imagen principal - Acciones del duelo en Artaleku.\"\/><\/p>\n<p><img decoding=\"async\" loading=\"lazy\" src=\"https:\/\/www.europesays.com\/es\/wp-content\/uploads\/2025\/09\/1501199526-kQ5E--1200x851@Leonoticias.jpg\" class=\"v-mdl__img-z\" width=\"1200\" height=\"851\" alt=\"Imagen secundaria 1 - Acciones del duelo en Artaleku.\"\/><\/p>\n<p><img decoding=\"async\" loading=\"lazy\" src=\"https:\/\/www.europesays.com\/es\/wp-content\/uploads\/2025\/09\/1501199584-kQ5E--711x841@Leonoticias.jpg\" class=\"v-mdl__img-z\" width=\"711\" height=\"841\" alt=\"Imagen secundaria 2 - Acciones del duelo en Artaleku.\"\/><\/p>\n<p class=\"v-p\">El segundo acto arrancar\u00eda con una nueva intervenci\u00f3n de Leo Maciel, principal encargado de sostener a su equipo tras el mal inicio de su compa\u00f1ero Skrzyniarz bajo palos. A partir de su figura, el equipo vasco firmar\u00eda un parcial de 4-0 para darle la vuelta al marcador en menos de cinco minutos (17-15).<\/p>\n<p class=\"v-p\">Los leoneses conseguir\u00edan curar la herida inicial del segundo acto a trav\u00e9s del refuerzo de la defensa y de la mejora de un Saied con un peso cada vez mayor en el choque. La respuesta a la ventaja vasca fue un parcial de 0-2 para devolver las tablas (17-17).<\/p>\n<p><a href=\"http:\/\/www.leonoticias.com\/deportes\/ademar\/conato-remontada-superado-abanca-ademar-20250921141305-nt.html#vtm_modulosEngag=mod-rel:deportes:noticia:1:cmp:2-not\" class=\"v-a-link\" title=\"Conato de remontada de un superado Abanca Ademar\" rel=\"nofollow noopener\" target=\"_blank\"><br \/>\n<img decoding=\"async\" loading=\"lazy\" class=\"v-a-img\" src=\"https:\/\/www.europesays.com\/es\/wp-content\/uploads\/2025\/09\/1000282857-kr7E--366x256@Leonoticias.jpg\" alt=\"Conato de remontada de un superado Abanca Ademar\"\/><br \/>\n<\/a><\/p>\n<p><a href=\"http:\/\/www.leonoticias.com\/deportes\/ademar\/abanca-ademar-sigue-extremos-20250915174314-nt.html#vtm_modulosEngag=mod-rel:deportes:noticia:2:cmp:2-not\" class=\"v-a-link\" title=\"El Abanca Ademar sigue siendo de extremos\" rel=\"nofollow noopener\" target=\"_blank\"><br \/>\n<img decoding=\"async\" loading=\"lazy\" class=\"v-a-img\" src=\"https:\/\/www.europesays.com\/es\/wp-content\/uploads\/2025\/09\/gonzalo-kApD--366x256@Leonoticias.jpg\" alt=\"El Abanca Ademar sigue siendo de extremos\"\/><br \/>\n<\/a><\/p>\n<p class=\"v-p\">Frente a la calidad ofensiva que se impuso en el inicio del partido, el segundo acto mostr\u00f3 la mejor versi\u00f3n de ambos guardametas, que impidieron el aumento de los tanteadores durante los primeros minutos.<\/p>\n<p>Nadie decanta la balanza<\/p>\n<p class=\"v-p\">Era un duelo muy parejo, con destellos por parte de ambos y una igualdad constante (21-21). Gonzalo P\u00e9rez Arce se mostr\u00f3 determinante desde los siete metros, una parte fundamental ante la m\u00ednima diferencia entre ambos conjuntos.<\/p>\n<p class=\"v-p\">A falta de diez minutos, el Abanca Ademar pondr\u00eda de nuevo una renta de dos tantos de diferencia (22-24) tras una buena versi\u00f3n de los hermanos P\u00e9rez Arce sobre el campo. Ambos conjuntos solicitaron un tiempo muerto para preparar los \u00faltimos cinco minutos, a los que se lleg\u00f3 de nuevo con empate (24-24).<\/p>\n<p class=\"v-p\">Todo se iba a decidir por detalles y, en este escenario, tras un final de infarto en el que pudieron ganar ambos conjuntos y que no qued\u00f3 exento de pol\u00e9mica en la \u00faltima acci\u00f3n de Adri\u00e1n Fern\u00e1ndez, todo acab\u00f3 en tablas, lo que supone un buen reflejo a la igualdad vista (26-26).<\/p>\n<p>Comenta<\/p>\n<p>Reporta un error<\/p>\n","protected":false},"excerpt":{"rendered":"Jueves, 25 de septiembre 2025, 22:10 No pudo mantener su idilio reciente con Artaleku el Abanca Ademar, aunque&hellip;\n","protected":false},"author":2,"featured_media":138735,"comment_status":"","ping_status":"","sticky":false,"template":"","format":"standard","meta":{"footnotes":""},"categories":[278],"tags":[6857,5871,376,2645,168,320,25,24,2470,375,23,167,12852,43537],"class_list":{"0":"post-138734","1":"post","2":"type-post","3":"status-publish","4":"format-standard","5":"has-post-thumbnail","7":"category-balonmano","8":"tag-abanca","9":"tag-ademar","10":"tag-balonmano","11":"tag-bidasoa","12":"tag-deportes","13":"tag-duelo","14":"tag-es","15":"tag-espana","16":"tag-firman","17":"tag-handball","18":"tag-spain","19":"tag-sports","20":"tag-tablas","21":"tag-vibrante"},"share_on_mastodon":{"url":"","error":""},"_links":{"self":[{"href":"https:\/\/www.europesays.com\/es\/wp-json\/wp\/v2\/posts\/138734","targetHints":{"allow":["GET"]}}],"collection":[{"href":"https:\/\/www.europesays.com\/es\/wp-json\/wp\/v2\/posts"}],"about":[{"href":"https:\/\/www.europesays.com\/es\/wp-json\/wp\/v2\/types\/post"}],"author":[{"embeddable":true,"href":"https:\/\/www.europesays.com\/es\/wp-json\/wp\/v2\/users\/2"}],"replies":[{"embeddable":true,"href":"https:\/\/www.europesays.com\/es\/wp-json\/wp\/v2\/comments?post=138734"}],"version-history":[{"count":0,"href":"https:\/\/www.europesays.com\/es\/wp-json\/wp\/v2\/posts\/138734\/revisions"}],"wp:featuredmedia":[{"embeddable":true,"href":"https:\/\/www.europesays.com\/es\/wp-json\/wp\/v2\/media\/138735"}],"wp:attachment":[{"href":"https:\/\/www.europesays.com\/es\/wp-json\/wp\/v2\/media?parent=138734"}],"wp:term":[{"taxonomy":"category","embeddable":true,"href":"https:\/\/www.europesays.com\/es\/wp-json\/wp\/v2\/categories?post=138734"},{"taxonomy":"post_tag","embeddable":true,"href":"https:\/\/www.europesays.com\/es\/wp-json\/wp\/v2\/tags?post=138734"}],"curies":[{"name":"wp","href":"https:\/\/api.w.org\/{rel}","templated":true}]}}