{"id":138742,"date":"2025-09-25T21:02:08","date_gmt":"2025-09-25T21:02:08","guid":{"rendered":"https:\/\/www.europesays.com\/es\/138742\/"},"modified":"2025-09-25T21:02:08","modified_gmt":"2025-09-25T21:02:08","slug":"hay-cosas-que-se-te-escapan","status":"publish","type":"post","link":"https:\/\/www.europesays.com\/es\/138742\/","title":{"rendered":"Hay cosas que se te escapan"},"content":{"rendered":"<p class=\"c-paragraph\">El exciclista y narrador <a href=\"https:\/\/www.20minutos.es\/tags\/deportes\/alberto-contador.html\" title=\"Alberto Contador\" rel=\"nofollow noopener\" target=\"_blank\">Alberto Contador<\/a> relat\u00f3 este jueves c\u00f3mo vivi\u00f3 el momento m\u00e1s dif\u00edcil de la retransmisi\u00f3n de La Vuelta cuando su \u00faltima etapa fue boicoteada por las manifestaciones propalestinas, un instante en el que trat\u00f3 de centrarse <b>\u00aben el plano deportivo\u00bb<\/b>.\u00a0\u00a0<\/p>\n<p class=\"c-paragraph\">Al ser preguntado por los incidentes en el acto de apertura de la novena edici\u00f3n del FID Ciudad de Le\u00f3n Abanca, Contador no quiso polemizar. \u00abSiempre he querido centrarme en el plano deportivo. Era complicado por todo lo que ha pasado, <b>pero el que te est\u00e1 escuchando lo que quiere es o\u00edrte de lo deportivo<\/b>\u00ab.<\/p>\n<p class=\"c-paragraph\">A lo que a\u00f1adi\u00f3: \u00ab<b>Hay cosas que se te escapan y cosas que no dependen de ti<\/b>. Se ha hablado much\u00edsimo del tema y yo solo quiero destacar que Vingegaard ha ganado la vuelta y eso es una muy buena noticia para la Vuelta\u00bb, zanj\u00f3.<\/p>\n<p>Contador conf\u00eda en el futuro del ciclismo espa\u00f1ol<\/p>\n<p class=\"c-paragraph\">En la misma intervenci\u00f3n, Contador subray\u00f3 que el ciclismo espa\u00f1ol viene de una generaci\u00f3n donde se ganaba \u00ababsolutamente todo\u00bb y que ahora eso no ocurre. \u00abHay tres o cuatro corredores extranjeros que son los que dominan, pero yo <b>soy optimista con respecto al futuro<\/b> de nuestro ciclismo. Hay j\u00f3venes con much\u00edsimo talento\u00bb, coment\u00f3.<\/p>\n<p class=\"c-paragraph\">Adem\u00e1s, Contador asegur\u00f3 que, como aficionado, est\u00e1 \u00abdisfrutando mucho\u00bb porque ve un ciclismo de ataque e \u00eddolos que traspasan el propio ciclismo, y que en el Mundial la selecci\u00f3n espa\u00f1ola lleva una selecci\u00f3n \u00abbuena\u00bb, pero \u00abmuy joven\u00bb y que tiene que \u00abseguir madurando\u00bb.<\/p>\n<p class=\"c-paragraph\">\u00ab<b>Nuestra principal baza es Ayuso y solo tiene 22 a\u00f1os<\/b>. Eso no quiere decir que no vea a Juan con opci\u00f3n de luchar por las medallas. Se presenta un Mundial muy bonito para comentarlo y para verlo como aficionado\u00bb, indic\u00f3.<\/p>\n","protected":false},"excerpt":{"rendered":"El exciclista y narrador Alberto Contador relat\u00f3 este jueves c\u00f3mo vivi\u00f3 el momento m\u00e1s dif\u00edcil de la retransmisi\u00f3n&hellip;\n","protected":false},"author":2,"featured_media":138743,"comment_status":"","ping_status":"","sticky":false,"template":"","format":"standard","meta":{"footnotes":""},"categories":[273],"tags":[9125,313,23359,8183,312,168,25,24,1179,2812,23,167],"class_list":{"0":"post-138742","1":"post","2":"type-post","3":"status-publish","4":"format-standard","5":"has-post-thumbnail","7":"category-ciclismo","8":"tag-alberto","9":"tag-ciclismo","10":"tag-confiesa","11":"tag-contador","12":"tag-cycling","13":"tag-deportes","14":"tag-es","15":"tag-espana","16":"tag-mas","17":"tag-momento","18":"tag-spain","19":"tag-sports"},"share_on_mastodon":{"url":"","error":""},"_links":{"self":[{"href":"https:\/\/www.europesays.com\/es\/wp-json\/wp\/v2\/posts\/138742","targetHints":{"allow":["GET"]}}],"collection":[{"href":"https:\/\/www.europesays.com\/es\/wp-json\/wp\/v2\/posts"}],"about":[{"href":"https:\/\/www.europesays.com\/es\/wp-json\/wp\/v2\/types\/post"}],"author":[{"embeddable":true,"href":"https:\/\/www.europesays.com\/es\/wp-json\/wp\/v2\/users\/2"}],"replies":[{"embeddable":true,"href":"https:\/\/www.europesays.com\/es\/wp-json\/wp\/v2\/comments?post=138742"}],"version-history":[{"count":0,"href":"https:\/\/www.europesays.com\/es\/wp-json\/wp\/v2\/posts\/138742\/revisions"}],"wp:featuredmedia":[{"embeddable":true,"href":"https:\/\/www.europesays.com\/es\/wp-json\/wp\/v2\/media\/138743"}],"wp:attachment":[{"href":"https:\/\/www.europesays.com\/es\/wp-json\/wp\/v2\/media?parent=138742"}],"wp:term":[{"taxonomy":"category","embeddable":true,"href":"https:\/\/www.europesays.com\/es\/wp-json\/wp\/v2\/categories?post=138742"},{"taxonomy":"post_tag","embeddable":true,"href":"https:\/\/www.europesays.com\/es\/wp-json\/wp\/v2\/tags?post=138742"}],"curies":[{"name":"wp","href":"https:\/\/api.w.org\/{rel}","templated":true}]}}