{"id":138750,"date":"2025-09-25T21:06:11","date_gmt":"2025-09-25T21:06:11","guid":{"rendered":"https:\/\/www.europesays.com\/es\/138750\/"},"modified":"2025-09-25T21:06:11","modified_gmt":"2025-09-25T21:06:11","slug":"creo-que-me-vais-a-comprender","status":"publish","type":"post","link":"https:\/\/www.europesays.com\/es\/138750\/","title":{"rendered":"Creo que me vais a comprender"},"content":{"rendered":"<p id=\"eC10XwS1WR\" data-wc=\"91\">Encantada de estar en Barcelona presentando estos premios de moda y acompa\u00f1ada de un jurado extraordinario, al que admiro much\u00edsimo. Estas son las palabras que <strong>Paloma Lago<\/strong> ha pronunciado al llegar la cuarta edici\u00f3n de Greenwalk Awards, certamen de moda sostenible para j\u00f3venes talentos que ha tenido lugar en el centro comercial Sant Boi &amp; Xperience, en Barcelona. Su presencia generaba una gran expectaci\u00f3n, ya que supon\u00eda<strong>\u00a0su reaparici\u00f3n p\u00fablica tras un verano dif\u00edcil\u00a0<\/strong>en el que ha demostrado que la familia y el trabajo es el mejor motor para continuar.<\/p>\n<p> <img src=\"https:\/\/www.europesays.com\/es\/wp-content\/uploads\/2025\/09\/013cba9f108e-dlu591959011.jpg\"   width=\"1024\" height=\"673\" loading=\"lazy\" decoding=\"async\" alt=\"Paloma Lago en la cuarta edici\u00f3n de los GreenWalk Awards\" fetchpriority=\"auto\" class=\"image ho-image\"\/>\u00a9 GTRES<\/p>\n<p id=\"eqWgatW21i\" data-wc=\"100\">Con serenidad y mucha cautela ha respondido a las inc\u00f3gnitas que rodean el proceso judicial en el que est\u00e1 inmersa. Cabe recordar que interpuso en junio una <a class=\"hm-link ho-link\" href=\"https:\/\/www.hola.com\/actualidad\/20250605836187\/paloma-lago-denuncia-a-un-consejero-gallego-por-agresion-sexual\/\" data-mrf-recirculation=\"article-body-link\" rel=\"nofollow noopener\" target=\"_blank\">denuncia por agresi\u00f3n sexual<\/a> contra el exconsejero de la Xunta, Alfonso Villares, caso por el que pol\u00edtico gallego renunci\u00f3 a su cargo. Una delicada situaci\u00f3n de la que Paloma Lago se ha pronunciado por primera vez: \u00abOs voy a decir solo una cosita para que me entend\u00e1is y me comprend\u00e1is, y yo creo que me vais a comprender. \u00a0N<strong>o puedo daros ninguna informaci\u00f3n sobre este tema porque es un tema que est\u00e1 judicializado<\/strong>\u00ab.<\/p>\n<p id=\"eSaDupg89c1\" data-wc=\"107\">Respeta los tiempos que marca la justicia en casos de este tipo, pero la modelo y presentadora no deja que su vida se ponga en pausa. Sigue adelante, y lo hace adem\u00e1s con una buena noticia: est\u00e1 muy recuperada de la fractura que sufri\u00f3 este verano. <strong>Paloma estaba jugando con su mascota, un precioso golden retriever llamado Chloe, cuando\u00a0<\/strong><a class=\"hm-link ho-link\" href=\"https:\/\/www.hola.com\/actualidad\/20250806848726\/paloma-lago-accidente-verano-mas-convulso-radio-roto\/\" data-mrf-recirculation=\"article-body-link\" rel=\"nofollow noopener\" target=\"_blank\">se rompi\u00f3 el radio<\/a>. Pero como ella misma confes\u00f3 orgullosa, \u00abel amor de la familia siempre es la respuesta\u00bb. Su hijo, Javier Garc\u00eda Obreg\u00f3n, y su nuera, Eugenia Gil Mu\u00f1oz, se volcaron en cuidarla en esas semanas en las que no pod\u00eda tener tanta actividad como de costumbre.<\/p>\n<p> <img src=\"https:\/\/www.europesays.com\/es\/wp-content\/uploads\/2025\/09\/0ae18342c4a3-dlu591959009.jpg\"   width=\"682\" height=\"1024\" loading=\"lazy\" decoding=\"async\" alt=\"Paloma Lago en la cuarta edici\u00f3n de los GreenWalk Awards\" fetchpriority=\"auto\" class=\"image ho-image\"\/>\u00a9 GTRES<\/p>\n<p id=\"eKrfC9IdMa\" data-wc=\"95\">Ya vuelve a ser tan en\u00e9rgica e inquieta como siempre, y en la vuelta al trabajo estaba especialmente emocionada. Quiz\u00e1 porque formar parte de un evento de estas caracter\u00edsticas hace que inevitablemente se acuerde de<strong>\u00a0los comienzos de su exitosa carrera, que gira en dos ejes principales: la moda y la televisi\u00f3n<\/strong>. Adem\u00e1s, su implicaci\u00f3n con los Greenwalk Awards es doble. Adem\u00e1s de presentar el desfile de Barcelona, con el que arranca el concurso, amadrinar\u00e1 el que hay el 25 de octubre en su Galicia natal, concretamente en Vigo. Entre medias hay otro en Alicante.<\/p>\n<p> <img src=\"https:\/\/www.europesays.com\/es\/wp-content\/uploads\/2025\/09\/d117887349d4-dlu591959027.jpg\"   width=\"1024\" height=\"673\" loading=\"lazy\" decoding=\"async\" alt=\"Paloma Lago en la cuarta edici\u00f3n de los GreenWalk Awards\" fetchpriority=\"auto\" class=\"image ho-image\"\/>\u00a9 GTRES<\/p>\n<p id=\"eD6QbRP0B4\" data-wc=\"90\">Etudiantes de moda de universidades y escuelas de todo el pa\u00eds tienen la oportunidad de poner a prueba sus ideas presentando una propuesta de look sostenible. Los finalistas desfilar\u00e1n una de las tres pasarelas, en las que un jurado de expertos (Palomo Spain entre ellos) delibera qui\u00e9<strong>n se lleva el valioso premio: un curso en Central Saint Martins en Londres.<\/strong> Se trata de uno de los centros m\u00e1s prestigiosos del mundo y por sus aulas han pasado \u00a0Alexander McQueen, John Galliano, Stella McCartney, Phoebe Philo y Antonio Banderas, entre otros.<\/p>\n<p> <img src=\"https:\/\/www.europesays.com\/es\/wp-content\/uploads\/2025\/09\/38f54c5cca10-dlu591959028.jpg\"   width=\"673\" height=\"1024\" loading=\"lazy\" decoding=\"async\" alt=\"Paloma Lago en la cuarta edici\u00f3n de los GreenWalk Awards\" fetchpriority=\"auto\" class=\"image ho-image\"\/>\u00a9 GTRES<\/p>\n<p id=\"e_4h_qZCmDs\" data-wc=\"79\">Imponente con un vestido marr\u00f3n de escote bardot y abertura en la pierna,\u00a0<strong>Paloma ha demostrado que la sonrisa es un arma infalible para afrontar cualquier circunstancia<\/strong>, incluso la dolorosa p\u00e9rdida que ha vivido este 2025. En enero muri\u00f3 uno de los hombres de su vida, su padre. \u00a0<a class=\"hm-link ho-link\" href=\"https:\/\/www.hola.com\/actualidad\/20250124809562\/quico-perez-lago-muere-padre-paloma-lago-fundador-los-zafiros\/\" data-mrf-recirculation=\"article-body-link\" rel=\"nofollow noopener\" target=\"_blank\">Quico P\u00e9rez-Lago, \u00a0fundador del grupo musical\u00a0Los Zafiros,<\/a> fue una figura muy importante en Galicia puesto que impuls\u00f3 Equiocio, un concurso ecuestre que se ha convertido en un imprescindible de Ferrol.<\/p>\n","protected":false},"excerpt":{"rendered":"Encantada de estar en Barcelona presentando estos premios de moda y acompa\u00f1ada de un jurado extraordinario, al que&hellip;\n","protected":false},"author":2,"featured_media":138751,"comment_status":"","ping_status":"","sticky":false,"template":"","format":"standard","meta":{"footnotes":""},"categories":[174],"tags":[517,255,146,147,25,24,256,15048,23],"class_list":{"0":"post-138750","1":"post","2":"type-post","3":"status-publish","4":"format-standard","5":"has-post-thumbnail","7":"category-famosos","8":"tag-actualidad","9":"tag-celebrities","10":"tag-entertainment","11":"tag-entretenimiento","12":"tag-es","13":"tag-espana","14":"tag-famosos","15":"tag-paloma-lago","16":"tag-spain"},"share_on_mastodon":{"url":"","error":""},"_links":{"self":[{"href":"https:\/\/www.europesays.com\/es\/wp-json\/wp\/v2\/posts\/138750","targetHints":{"allow":["GET"]}}],"collection":[{"href":"https:\/\/www.europesays.com\/es\/wp-json\/wp\/v2\/posts"}],"about":[{"href":"https:\/\/www.europesays.com\/es\/wp-json\/wp\/v2\/types\/post"}],"author":[{"embeddable":true,"href":"https:\/\/www.europesays.com\/es\/wp-json\/wp\/v2\/users\/2"}],"replies":[{"embeddable":true,"href":"https:\/\/www.europesays.com\/es\/wp-json\/wp\/v2\/comments?post=138750"}],"version-history":[{"count":0,"href":"https:\/\/www.europesays.com\/es\/wp-json\/wp\/v2\/posts\/138750\/revisions"}],"wp:featuredmedia":[{"embeddable":true,"href":"https:\/\/www.europesays.com\/es\/wp-json\/wp\/v2\/media\/138751"}],"wp:attachment":[{"href":"https:\/\/www.europesays.com\/es\/wp-json\/wp\/v2\/media?parent=138750"}],"wp:term":[{"taxonomy":"category","embeddable":true,"href":"https:\/\/www.europesays.com\/es\/wp-json\/wp\/v2\/categories?post=138750"},{"taxonomy":"post_tag","embeddable":true,"href":"https:\/\/www.europesays.com\/es\/wp-json\/wp\/v2\/tags?post=138750"}],"curies":[{"name":"wp","href":"https:\/\/api.w.org\/{rel}","templated":true}]}}