{"id":138757,"date":"2025-09-25T21:10:13","date_gmt":"2025-09-25T21:10:13","guid":{"rendered":"https:\/\/www.europesays.com\/es\/138757\/"},"modified":"2025-09-25T21:10:13","modified_gmt":"2025-09-25T21:10:13","slug":"los-3-mejores-discos-de-pearl-jam-segun-indie-hoy","status":"publish","type":"post","link":"https:\/\/www.europesays.com\/es\/138757\/","title":{"rendered":"Los 3 mejores discos de Pearl Jam seg\u00fan Indie Hoy"},"content":{"rendered":"<p><strong>Pearl Jam<\/strong> es una de las bandas m\u00e1s importantes del grunge y una de las responsables de definir el rock de los 90, que mostr\u00f3 una gran transformaci\u00f3n en el panorama musical. Aunque contin\u00faa activa, su per\u00edodo m\u00e1s destacado fue esa d\u00e9cada. A continuaci\u00f3n, <strong>los 3 mejores discos de Pearl Jam<\/strong>.<\/p>\n<p><strong>3. Vitalogy<\/strong> (1994)<\/p>\n<p>Este disco marca uno de los momentos m\u00e1s productivos de la banda, ya que lo compusieron y grabaron mientras se encontraban de gira. Es el tercer \u00e1lbum de su carrera, cuando los de Seattle ya estaban legitimados y asentados en la escena del grunge y el rock en general. Se trata de uno de los discos m\u00e1s vendidos de Pearl Jam y tambi\u00e9n de aquel en el que comenzaron a experimentar con nuevos sonidos y g\u00e9neros, present\u00e1ndose como un trabajo m\u00e1s cercano a lo experimental. De hecho, Rolling Stone escribi\u00f3 al momento del estreno que se trata de \u00abun disco salvajemente desigual y dif\u00edcil, a veces enloquecedor, a veces rid\u00edculo, a menudo potente\u00bb.<\/p>\n<p><strong>2. Vs.<\/strong> (1993)<\/p>\n<p>El segundo disco de la banda es uno de los m\u00e1s fundamentales de su carrera. En este \u00e1lbum participa por primera vez <strong>Brendan O&#8217;Brien<\/strong>, el productor que trabajar\u00eda con ellos durante muchos a\u00f1os, lo que aport\u00f3 novedad a su sonido. Tras el \u00e9xito de Ten, su disco anterior, la banda estaba experimentando los cambios de vida que trae la fama. En este sentido, <strong><a href=\"https:\/\/indiehoy.com\/historias\/de-que-trabajaba-eddie-vedder-antes-de-pearl-jam\/\" target=\"_blank\" rel=\"noreferrer noopener nofollow\">Eddie Vedder<\/a><\/strong> expres\u00f3: \u00abEn el primer disco est\u00e1bamos viviendo en un s\u00f3tano. En el segundo, me sent\u00eda muy lejos del s\u00f3tano. Y era un lugar dif\u00edcil para m\u00ed para escribir un \u00e1lbum\u00bb. De todos modos, lograron un disco contundente en el que se destacan \u00abDaughter\u00bb, \u00abDissident\u00bb, \u00abAnimal\u00bb y \u00abGo\u00bb.<\/p>\n<p><strong>1. Ten<\/strong> (1991)<\/p>\n<p>Este es, posiblemente, uno de los mejores \u00e1lbumes debut del rock. Pearl Jam apunt\u00f3 con precisi\u00f3n para lograr un disco repleto de \u00e9xitos como \u00ab<a href=\"https:\/\/indiehoy.com\/historias\/origen-jeremy-cancion-pearl-jam\/\" target=\"_blank\" rel=\"noreferrer noopener nofollow\">Jeremy<\/a>\u00ab, \u00ab<a href=\"https:\/\/indiehoy.com\/historias\/mike-mccready-cancion-mas-representativa-pearl-jam\/\" target=\"_blank\" rel=\"noreferrer noopener nofollow\">Alive<\/a>\u00ab, \u00abEven Flow\u00bb y \u00ab<a href=\"https:\/\/indiehoy.com\/historias\/3-canciones-pearl-jam-enorgullecen-a-eddie-vedder\/\" target=\"_blank\" rel=\"noreferrer noopener nofollow\">Black<\/a>\u00ab, y un sonido propio que beb\u00eda del hard rock. Como en estas cuatro canciones, el \u00e1lbum despliega tem\u00e1ticas realistas y pesimistas, como el suicidio, la desolaci\u00f3n y la depresi\u00f3n, que suelen ser parte de los discos m\u00e1s emblem\u00e1ticos del grunge. Ten marca la llegada de Vedder a Seattle, absorbiendo y aportando a la movida que, en 1991, explotar\u00eda con <a href=\"https:\/\/indiehoy.com\/historias\/los-10-mejores-discos-de-grunge-de-todos-los-tiempos-segun-especialistas\/\" target=\"_blank\" rel=\"noreferrer noopener nofollow\">los discos m\u00e1s representativos del g\u00e9nero<\/a>. Es un \u00e1lbum que vale la pena escuchar completo, para apreciar el \u00edmpetu de un grupo que demostraba que ten\u00eda mucho para decir.<\/p>\n","protected":false},"excerpt":{"rendered":"Pearl Jam es una de las bandas m\u00e1s importantes del grunge y una de las responsables de definir&hellip;\n","protected":false},"author":2,"featured_media":138758,"comment_status":"","ping_status":"","sticky":false,"template":"","format":"standard","meta":{"footnotes":""},"categories":[170],"tags":[146,147,25,24,184,185,514,23],"class_list":{"0":"post-138757","1":"post","2":"type-post","3":"status-publish","4":"format-standard","5":"has-post-thumbnail","7":"category-musica","8":"tag-entertainment","9":"tag-entretenimiento","10":"tag-es","11":"tag-espana","12":"tag-music","13":"tag-musica","14":"tag-pearl-jam","15":"tag-spain"},"share_on_mastodon":{"url":"","error":""},"_links":{"self":[{"href":"https:\/\/www.europesays.com\/es\/wp-json\/wp\/v2\/posts\/138757","targetHints":{"allow":["GET"]}}],"collection":[{"href":"https:\/\/www.europesays.com\/es\/wp-json\/wp\/v2\/posts"}],"about":[{"href":"https:\/\/www.europesays.com\/es\/wp-json\/wp\/v2\/types\/post"}],"author":[{"embeddable":true,"href":"https:\/\/www.europesays.com\/es\/wp-json\/wp\/v2\/users\/2"}],"replies":[{"embeddable":true,"href":"https:\/\/www.europesays.com\/es\/wp-json\/wp\/v2\/comments?post=138757"}],"version-history":[{"count":0,"href":"https:\/\/www.europesays.com\/es\/wp-json\/wp\/v2\/posts\/138757\/revisions"}],"wp:featuredmedia":[{"embeddable":true,"href":"https:\/\/www.europesays.com\/es\/wp-json\/wp\/v2\/media\/138758"}],"wp:attachment":[{"href":"https:\/\/www.europesays.com\/es\/wp-json\/wp\/v2\/media?parent=138757"}],"wp:term":[{"taxonomy":"category","embeddable":true,"href":"https:\/\/www.europesays.com\/es\/wp-json\/wp\/v2\/categories?post=138757"},{"taxonomy":"post_tag","embeddable":true,"href":"https:\/\/www.europesays.com\/es\/wp-json\/wp\/v2\/tags?post=138757"}],"curies":[{"name":"wp","href":"https:\/\/api.w.org\/{rel}","templated":true}]}}