{"id":138777,"date":"2025-09-25T21:25:10","date_gmt":"2025-09-25T21:25:10","guid":{"rendered":"https:\/\/www.europesays.com\/es\/138777\/"},"modified":"2025-09-25T21:25:10","modified_gmt":"2025-09-25T21:25:10","slug":"la-xv-pinzoniana-honra-el-descubrimiento-desde-el-prisma-mas-femenino","status":"publish","type":"post","link":"https:\/\/www.europesays.com\/es\/138777\/","title":{"rendered":"La XV Pinzoniana honra el Descubrimiento desde el prisma m\u00e1s femenino"},"content":{"rendered":"<p class=\"voc-p\" style=\"\">Con presencia de numerosos aficionados, la alcaldesa de Palos de la Frontera, Milagros Romero, junto a su equipo de gobierno y la novillera Olga Casado reci\u00e9n llegada de presentar en Madrid el cartel del homenaje a Anto\u00f1ete, el empresario <strong>Jorge Buend\u00eda presento la XV Pinzoniana<\/strong> en la Casa del descubridor Mart\u00edn Alonso Pinz\u00f3n.<\/p>\n<p class=\"voc-p\" style=\"\">En un acto mantenido por la palerma Roc\u00edo Molina, que destac\u00f3 la iconograf\u00eda del cartel con Isabel la Cat\u00f3lica, Buend\u00eda <strong>destac\u00f3 los or\u00edgenes del festejo desde las primeras negociaciones con Francisco Rivera Ord\u00f3\u00f1ez<\/strong>, hasta el pasado a\u00f1o con Diego Ventura o el presente a\u00f1o con Lea Vicens, Javier Zulueta y Olga Casado ante ganado de Soto de la Fuente para rejones, toros de N\u00fa\u00f1ez del Cuvillo y utreros de Julio de la Puerta. Agradeci\u00f3 a todo el equipo mulilleros, areneros, torileros, en especial a la sastre, Mauri, que viste de forma especial a los intervinientes.<\/p>\n<p class=\"voc-p\" style=\"\"><strong>Olga Casado habl\u00f3 de que todo va s\u00faper r\u00e1pido en su vida, desde que triunf\u00f3 en Madrid,<\/strong> y que le hace mucha ilusi\u00f3n torear esta pinzoniana donde adem\u00e1s se vestir\u00e1 de forma distinta.<\/p>\n<p>\nLa plaza m\u00e1s barata de Espa\u00f1a\n<\/p>\n<p class=\"voc-p\" style=\"\">Por su parte, <strong>Milagros Romero record\u00f3 el apoyo del Ayuntamiento a la fiesta brava<\/strong>, diciendo que el coso del Descubrimiento sigue siendo la plaza m\u00e1s barata de Espa\u00f1a, y apunt\u00f3 la ilusi\u00f3n de un cartel donde la mujer es protagonista por m\u00e9ritos propios despu\u00e9s de que hayan pasado por esta plaza las principales figuras del toreo.<\/p>\n<p class=\"voc-p\" style=\"\">Se estableci\u00f3 despu\u00e9s un di\u00e1logo con los aficionados presentes, que preguntaron por diversos aspectos de su carrera a la novillera madrile\u00f1a.<\/p>\n<p>Reportar un error<\/p>\n","protected":false},"excerpt":{"rendered":"Con presencia de numerosos aficionados, la alcaldesa de Palos de la Frontera, Milagros Romero, junto a su equipo&hellip;\n","protected":false},"author":2,"featured_media":138778,"comment_status":"","ping_status":"","sticky":false,"template":"","format":"standard","meta":{"footnotes":""},"categories":[277],"tags":[373,168,10414,25,24,4649,34396,43539,25821,23,167,374],"class_list":{"0":"post-138777","1":"post","2":"type-post","3":"status-publish","4":"format-standard","5":"has-post-thumbnail","7":"category-toreo","8":"tag-bullfighting","9":"tag-deportes","10":"tag-descubrimiento","11":"tag-es","12":"tag-espana","13":"tag-femenino","14":"tag-honra","15":"tag-pinzoniana","16":"tag-prisma","17":"tag-spain","18":"tag-sports","19":"tag-toreo"},"share_on_mastodon":{"url":"","error":""},"_links":{"self":[{"href":"https:\/\/www.europesays.com\/es\/wp-json\/wp\/v2\/posts\/138777","targetHints":{"allow":["GET"]}}],"collection":[{"href":"https:\/\/www.europesays.com\/es\/wp-json\/wp\/v2\/posts"}],"about":[{"href":"https:\/\/www.europesays.com\/es\/wp-json\/wp\/v2\/types\/post"}],"author":[{"embeddable":true,"href":"https:\/\/www.europesays.com\/es\/wp-json\/wp\/v2\/users\/2"}],"replies":[{"embeddable":true,"href":"https:\/\/www.europesays.com\/es\/wp-json\/wp\/v2\/comments?post=138777"}],"version-history":[{"count":0,"href":"https:\/\/www.europesays.com\/es\/wp-json\/wp\/v2\/posts\/138777\/revisions"}],"wp:featuredmedia":[{"embeddable":true,"href":"https:\/\/www.europesays.com\/es\/wp-json\/wp\/v2\/media\/138778"}],"wp:attachment":[{"href":"https:\/\/www.europesays.com\/es\/wp-json\/wp\/v2\/media?parent=138777"}],"wp:term":[{"taxonomy":"category","embeddable":true,"href":"https:\/\/www.europesays.com\/es\/wp-json\/wp\/v2\/categories?post=138777"},{"taxonomy":"post_tag","embeddable":true,"href":"https:\/\/www.europesays.com\/es\/wp-json\/wp\/v2\/tags?post=138777"}],"curies":[{"name":"wp","href":"https:\/\/api.w.org\/{rel}","templated":true}]}}