{"id":138801,"date":"2025-09-25T21:41:11","date_gmt":"2025-09-25T21:41:11","guid":{"rendered":"https:\/\/www.europesays.com\/es\/138801\/"},"modified":"2025-09-25T21:41:11","modified_gmt":"2025-09-25T21:41:11","slug":"colas-de-hasta-tres-horas-y-modelos-exclusivos-agotados-en-15-minutos","status":"publish","type":"post","link":"https:\/\/www.europesays.com\/es\/138801\/","title":{"rendered":"colas de hasta tres horas y modelos exclusivos agotados en 15 minutos"},"content":{"rendered":"<p style=\"\">La fiebre por los Funko Pop ha <strong>desbordado<\/strong> la Comic-Con de M\u00e1laga. Desde primera hora, nada m\u00e1s abrir a las 9.45, los pasillos se han llenado de miles personas corriendo rumbo a los stands que vend\u00edan coleccionables exclusivos. A las 10.00  &#8230; ya circulaban mensajes de \u00ab<strong>no <\/strong><strong>queda<\/strong>\u00bb, encargados de la organizaci\u00f3n avisaban a los asistentes que las unidades limitadas se hab\u00edan <strong>agotado<\/strong> en apenas <strong>15 minutos<\/strong>. <\/p>\n<p class=\"voc-p\" style=\"\">\u00abLlevo ya dos horas haciendo cola. La <strong>organizaci\u00f3n<\/strong> me parece <strong>p\u00e9sima<\/strong>\u00bb, ha lamentado Antonio Castillo, un aficionado de Ciudad Real, que se ha pedido un <strong>d\u00eda de vacaciones<\/strong> para sumar un Funko exclusivo a su <strong>colecci\u00f3n de m\u00e1s de 700 piezas<\/strong>, desconoce si podr\u00e1 conseguir uno antes de regresar a casa esta tarde. Su queja resume el sentir de cientos de compradores que, tras el sprint inicial, se han topado con embudos en accesos y cajas.<\/p>\n<p><img decoding=\"async\" loading=\"lazy\" src=\"https:\/\/www.europesays.com\/es\/wp-content\/uploads\/2025\/09\/WhatsAppImage2025-09-25at14.59.40-U15051240115NdY-760x427@diario_abc.jpeg\" class=\"voc-img\" width=\"760\" height=\"427\" alt=\"Aficionados posan frente al stand mientras esperan su turno para adquirir piezas \u00fanicas\" data-voc-vtm-id=\"in-text-traffic\"\/><\/p>\n<p>Aficionados posan frente al stand mientras esperan su turno para adquirir piezas \u00fanicas<\/p>\n<p>Francis Silva<\/p>\n<p class=\"voc-p\" style=\"\">La escena dominante se ha repetido a lo largo de la ma\u00f1ana: grupos que miran el m\u00f3vil y comparten pantallazos con el temido \u00ab<strong>agotado<\/strong>\u00bb, corredores que cambian de fila en busca de una oportunidad y conversaciones sobre el supuesto n\u00famero de unidades por persona. \u00abMi amiga me ha dicho que en cuesti\u00f3n de 3 minutos se hab\u00edan acabado los \u00faltimos 50. La gente corr\u00eda;<strong> lo primero era<\/strong> entrar a por los <strong>Funkos exclusivos<\/strong>\u00bb, ha descrito Laura Mej\u00edas, otra joven que a\u00fan espera su turno en la cola del stand de funkos.<\/p>\n<p class=\"voc-p\" style=\"\">Entre los m\u00e1s afectados, Emilio Dos Santos, que ha viajado a M\u00e1laga desde Barcelona con la ilusi\u00f3n de hacerse con varios modelos limitados. \u00abVen\u00edamos a por <strong>funkos exclusivos<\/strong>, pero ya no hay\u00bb, ha explicado tras <strong>una hora y cuarto<\/strong> en la fila. En su caso, el madrug\u00f3n y el desplazamiento no han bastado: se ha quedado sin la pieza que buscaba y conf\u00eda en la reposici\u00f3n de la tarde. \u00abNos han dicho en el stand que ya se han agotado y que <strong>a las 4 vuelven a reponer<\/strong>\u00bb, ha a\u00f1adido.<\/p>\n<p><img decoding=\"async\" loading=\"lazy\" src=\"https:\/\/www.europesays.com\/es\/wp-content\/uploads\/2025\/09\/WhatsAppImage2025-09-25at14.00.17(1)-U54121550788SfY-760x427@diario_abc.jpeg\" class=\"voc-img\" width=\"760\" height=\"427\" alt=\"La cola para comprar un Funko Pop rodea gran parte de la Sala de Exhibici\u00f3n del recinto\" data-voc-vtm-id=\"in-text-traffic\"\/><\/p>\n<p>La cola para comprar un Funko Pop rodea gran parte de la Sala de Exhibici\u00f3n del recinto<\/p>\n<p>Francis Silva<\/p>\n<p class=\"voc-p\" style=\"\">La frustraci\u00f3n no es menor entre el p\u00fablico local. Carmen Palomino, malague\u00f1a, llevaba <strong>tres horas en la cola<\/strong> para un modelo exclusivo del evento cuando ha sabido que ya se hab\u00eda agotado. La joven considera que \u00abdeber\u00edan haber previsto m\u00e1s unidades\u00bb ante la <strong>avalancha de p\u00fablico<\/strong>, y que es un \u00ab<strong>grave<\/strong>\u00a0<strong>error de previsi\u00f3n<\/strong>\u00bb que a su juicio ha dejado a miles sin opciones de compra a media ma\u00f1ana. Su plan, pese a todo, es claro: \u00abAhora tendremos que comprar el que quede para llevarnos un recuerdo, y que <strong>merezca la pena la espera<\/strong> en la cola\u00bb.<\/p>\n<p class=\"voc-p\" style=\"\">Mientras tanto, el goteo de aficionados contin\u00faa entre <strong>resignaci\u00f3n<\/strong> y <strong>esperanza<\/strong> de llegar a tiempo a la reposici\u00f3n vespertina. El balance, por ahora, es claro: colas largu\u00edsimas, carreras en los pasillos y modelos exclusivos que desaparecen en un suspiro. Los compradores ya han tomado nota: quien quiera una pieza codiciada tendr\u00e1 que llegar antes\u2026 o armarse de paciencia hasta las 16.00.<\/p>\n","protected":false},"excerpt":{"rendered":"La fiebre por los Funko Pop ha desbordado la Comic-Con de M\u00e1laga. Desde primera hora, nada m\u00e1s abrir&hellip;\n","protected":false},"author":2,"featured_media":138802,"comment_status":"","ping_status":"","sticky":false,"template":"","format":"standard","meta":{"footnotes":""},"categories":[91],"tags":[43545,207,35951,146,147,25,24,43544,7751,43543,297,1264,3383,23,603],"class_list":{"0":"post-138801","1":"post","2":"type-post","3":"status-publish","4":"format-standard","5":"has-post-thumbnail","7":"category-entretenimiento","8":"tag-agotados","9":"tag-colas","10":"tag-comiccon","11":"tag-entertainment","12":"tag-entretenimiento","13":"tag-es","14":"tag-espana","15":"tag-exclusivos","16":"tag-fiebre","17":"tag-funko","18":"tag-horas","19":"tag-minutos","20":"tag-modelos","21":"tag-spain","22":"tag-tres"},"share_on_mastodon":{"url":"","error":""},"_links":{"self":[{"href":"https:\/\/www.europesays.com\/es\/wp-json\/wp\/v2\/posts\/138801","targetHints":{"allow":["GET"]}}],"collection":[{"href":"https:\/\/www.europesays.com\/es\/wp-json\/wp\/v2\/posts"}],"about":[{"href":"https:\/\/www.europesays.com\/es\/wp-json\/wp\/v2\/types\/post"}],"author":[{"embeddable":true,"href":"https:\/\/www.europesays.com\/es\/wp-json\/wp\/v2\/users\/2"}],"replies":[{"embeddable":true,"href":"https:\/\/www.europesays.com\/es\/wp-json\/wp\/v2\/comments?post=138801"}],"version-history":[{"count":0,"href":"https:\/\/www.europesays.com\/es\/wp-json\/wp\/v2\/posts\/138801\/revisions"}],"wp:featuredmedia":[{"embeddable":true,"href":"https:\/\/www.europesays.com\/es\/wp-json\/wp\/v2\/media\/138802"}],"wp:attachment":[{"href":"https:\/\/www.europesays.com\/es\/wp-json\/wp\/v2\/media?parent=138801"}],"wp:term":[{"taxonomy":"category","embeddable":true,"href":"https:\/\/www.europesays.com\/es\/wp-json\/wp\/v2\/categories?post=138801"},{"taxonomy":"post_tag","embeddable":true,"href":"https:\/\/www.europesays.com\/es\/wp-json\/wp\/v2\/tags?post=138801"}],"curies":[{"name":"wp","href":"https:\/\/api.w.org\/{rel}","templated":true}]}}