{"id":138812,"date":"2025-09-25T21:53:08","date_gmt":"2025-09-25T21:53:08","guid":{"rendered":"https:\/\/www.europesays.com\/es\/138812\/"},"modified":"2025-09-25T21:53:08","modified_gmt":"2025-09-25T21:53:08","slug":"paola-san-roman-enfrentara-un-desafio-en-la-monumental-lorenzo-garza-grupo-milenio","status":"publish","type":"post","link":"https:\/\/www.europesays.com\/es\/138812\/","title":{"rendered":"Paola San Rom\u00e1n enfrentar\u00e1 un desaf\u00edo en la Monumental Lorenzo Garza- Grupo Milenio"},"content":{"rendered":"<p>\t\t\t\t\t\t\t\t\t\t\tTom\u00e1s L\u00f3pez<\/p>\n<p>\n\t\t\t\t\tMonterrey \/ 25.09.2025 15:32:00<\/p>\n<p>En una fecha especial, <strong>la torera Paola San Rom\u00e1n reconoci\u00f3 que ser\u00e1 un desaf\u00edo regresa<\/strong><strong>r <\/strong>para lo que ser\u00e1 su segunda tarde en la Monumental Lorenzo Garza en la corrida del pr\u00f3ximo domingo 12 de octubre a las 16:30 horas.<\/p>\n<p><strong>El D\u00eda de la Raza<\/strong>, San Rom\u00e1n partir\u00e1 plaza con el rejoneador Emiliano Gamero y el matador espa\u00f1ol Marco P\u00e9rez con astados de la ganader\u00eda Santa Mar\u00eda de Xalpa.<\/p>\n<p>La matadora de toros originaria de Quer\u00e9taro cort\u00f3 dos orejas y sali\u00f3 en hombros en su debut en Monterrey en la corrida del aniversario 88 de la plaza, <strong>celebrada el pasado viernes 29 de agosto<\/strong>.<\/p>\n<p>\u201c<strong>Muy contenta de estar aqu\u00ed y con mucha ilusi\u00f3n de volver a esta plaza tan bonita<\/strong>, con toda la gente tan agradable y bueno que pudimos conectar y esperemos que as\u00ed sea tambi\u00e9n el pr\u00f3ximo 12 de octubre\u201d, declar\u00f3 Paola.<\/p>\n<p>\u201cPrimero que nada es un gran compromiso con la afici\u00f3n de Monterrey que vienen contenta de disfrutar esta siguiente corrida y pues bueno, con toda la ilusi\u00f3n de cortar las orejas\u201d.<\/p>\n<p>Indic\u00f3 siempre sale al ruedo con las ganas, la ilusi\u00f3n y el compromiso de corresponder a la expectativa de los aficionados.<\/p>\n<p>Dijo que ser\u00e1 interesante la competencia en el ruedo por alcanzar el <strong>triunfo frente a grandes toreros como son Gamero y Marco P\u00e9rez<\/strong>.<\/p>\n<p>Paola San Rom\u00e1n es parte de una dinast\u00eda en el mundo de la fiesta brava. <strong>Es nieta de Ernesto San Rom\u00e1n \u201cEl Queretano\u201d, matador de toros; <\/strong>hija del matador, Ernesto San Rom\u00e1n, y sobrina del tambi\u00e9n matador de toros, Jorge San Rom\u00e1n.<\/p>\n<p>La torera mexicana ha tenido tardes triunfadoras, luego de tomar la alternativa en la plaza de Morelia el 16 de mayo del 2015. Su <strong>confirmaci\u00f3n se vivi\u00f3 el 9 de febrero del a\u00f1o pasado en la Monumental Plaza M\u00e9xico<\/strong>, con Hilda Tenorio como padrino.<\/p>\n<p>La temporada de la Plaza Lorenzo Garza continuar\u00e1 con corridas programadas para los domingos 19 de octubre y 2 de noviembre.<\/p>\n<p>Los boletos para la corrida del 12 de octubre ya est\u00e1n a la venta en las taquillas de la Plaza Lorenzo Garza y a trav\u00e9s del sistema Superboletos.com.<\/p>\n<p>    \t<img decoding=\"async\" alt=\"__icon\" class=\"nd-related-news-detail-media-dual__icon\" src=\"https:\/\/www.milenio.com\/bundles\/appcamusassets\/dist\/images\/svg\/arrow-circle-right-solid.svg\" width=\"15\" height=\"15\" onerror=\"this.onerror=null;this.src=\\'\/bundles\/appcamusassets\/dist\/images\/logo-Milenio-2.jpg\\'\" loading=\"lazy\"\/><br \/>\n    TE RECOMENDAMOS<\/p>\n<p><\/p>\n<p>MGC<\/p>\n<p><\/p>\n","protected":false},"excerpt":{"rendered":"Tom\u00e1s L\u00f3pez Monterrey \/ 25.09.2025 15:32:00 En una fecha especial, la torera Paola San Rom\u00e1n reconoci\u00f3 que ser\u00e1&hellip;\n","protected":false},"author":2,"featured_media":138813,"comment_status":"","ping_status":"","sticky":false,"template":"","format":"standard","meta":{"footnotes":""},"categories":[277],"tags":[373,168,25,24,19944,43548,43547,43549,23,167,625,374,31192],"class_list":{"0":"post-138812","1":"post","2":"type-post","3":"status-publish","4":"format-standard","5":"has-post-thumbnail","7":"category-toreo","8":"tag-bullfighting","9":"tag-deportes","10":"tag-es","11":"tag-espana","12":"tag-la-aficion","13":"tag-monumental-lorenzo-garza","14":"tag-paola-san-roman","15":"tag-plaza-de-toros-monterrey","16":"tag-spain","17":"tag-sports","18":"tag-tauromaquia","19":"tag-toreo","20":"tag-torera"},"share_on_mastodon":{"url":"","error":""},"_links":{"self":[{"href":"https:\/\/www.europesays.com\/es\/wp-json\/wp\/v2\/posts\/138812","targetHints":{"allow":["GET"]}}],"collection":[{"href":"https:\/\/www.europesays.com\/es\/wp-json\/wp\/v2\/posts"}],"about":[{"href":"https:\/\/www.europesays.com\/es\/wp-json\/wp\/v2\/types\/post"}],"author":[{"embeddable":true,"href":"https:\/\/www.europesays.com\/es\/wp-json\/wp\/v2\/users\/2"}],"replies":[{"embeddable":true,"href":"https:\/\/www.europesays.com\/es\/wp-json\/wp\/v2\/comments?post=138812"}],"version-history":[{"count":0,"href":"https:\/\/www.europesays.com\/es\/wp-json\/wp\/v2\/posts\/138812\/revisions"}],"wp:featuredmedia":[{"embeddable":true,"href":"https:\/\/www.europesays.com\/es\/wp-json\/wp\/v2\/media\/138813"}],"wp:attachment":[{"href":"https:\/\/www.europesays.com\/es\/wp-json\/wp\/v2\/media?parent=138812"}],"wp:term":[{"taxonomy":"category","embeddable":true,"href":"https:\/\/www.europesays.com\/es\/wp-json\/wp\/v2\/categories?post=138812"},{"taxonomy":"post_tag","embeddable":true,"href":"https:\/\/www.europesays.com\/es\/wp-json\/wp\/v2\/tags?post=138812"}],"curies":[{"name":"wp","href":"https:\/\/api.w.org\/{rel}","templated":true}]}}