{"id":138816,"date":"2025-09-25T21:57:10","date_gmt":"2025-09-25T21:57:10","guid":{"rendered":"https:\/\/www.europesays.com\/es\/138816\/"},"modified":"2025-09-25T21:57:10","modified_gmt":"2025-09-25T21:57:10","slug":"mundial-kigali-sub-23-f-blasi-logra-el-bronce","status":"publish","type":"post","link":"https:\/\/www.europesays.com\/es\/138816\/","title":{"rendered":"Mundial Kigali sub-23 (F): Blasi logra el bronce"},"content":{"rendered":"<p><strong>Jueves 25 septiembre. <\/strong><strong>Fondo sub-23 f\u00e9minas. Kigali (13:05)-Kigali (16:05), 119,3 km<\/strong><\/p>\n<p style=\"text-align: justify;\"><strong><a href=\"https:\/\/x.com\/fernanferrari\" target=\"_blank\" rel=\"noopener nofollow\">Fernando Ferrari.<\/a> Kigali (Ruanda). Enviado especial <a href=\"https:\/\/www.ciclo21.com\/whatsapp-telegram-2025\/\" target=\"_blank\" rel=\"noopener nofollow\">Ciclo 21<\/a><\/strong><\/p>\n<p><strong>CLASIFICACI\u00d3N<\/strong><\/p>\n<tr class=\"rider natfr teamFrance odd\" role=\"row\">\n<td>1<\/td>\n<td>\u00a0<\/td>\n<td>\u00a0<\/td>\n<td>Gery\u00a0C\u00e9lia<\/td>\n<td>France<\/td>\n<td class=\"grey\" align=\"center\">\u00a0<\/td>\n<td align=\"right\">03:24:26<\/td>\n<\/tr>\n<tr class=\"rider natsk teamSlovakia even\" role=\"row\">\n<td>2<\/td>\n<td>\u00a0<\/td>\n<td>\u00a0<\/td>\n<td>Chladonov\u00e1\u00a0Vikt\u00f3ria<\/td>\n<td>Slovakia<\/td>\n<td class=\"grey\" align=\"center\">\u00a0<\/td>\n<td align=\"right\">+ 02<\/td>\n<\/tr>\n<tr class=\"rider nates teamSpain odd\" role=\"row\">\n<td>3<\/td>\n<td>\u00a0<\/td>\n<td>\u00a0<\/td>\n<td><strong>Blasi\u00a0Paula<\/strong><\/td>\n<td><strong>Spain<\/strong><\/td>\n<td class=\"grey\" align=\"center\">\u00a0<\/td>\n<td align=\"right\">+ <strong>12<\/strong><\/td>\n<\/tr>\n<tr class=\"rider natit teamItaly even\" role=\"row\">\n<td>4<\/td>\n<td>\u00a0<\/td>\n<td>\u00a0<\/td>\n<td>Ciabocco\u00a0Eleonora<\/td>\n<td>Italy<\/td>\n<td class=\"grey\" align=\"center\">\u00a0<\/td>\n<td align=\"right\">+ 12<\/td>\n<\/tr>\n<tr class=\"rider natfr teamFrance odd\" role=\"row\">\n<td>5<\/td>\n<td>\u00a0<\/td>\n<td>\u00a0<\/td>\n<td>Bunel\u00a0Marion<\/td>\n<td>France<\/td>\n<td class=\"grey\" align=\"center\">\u00a0<\/td>\n<td align=\"right\">+ 12<\/td>\n<\/tr>\n<tr class=\"rider natca teamCanada even\" role=\"row\">\n<td>6<\/td>\n<td>\u00a0<\/td>\n<td>\u00a0<\/td>\n<td>Holmgren\u00a0Isabella<\/td>\n<td>Canada<\/td>\n<td class=\"grey\" align=\"center\">\u00a0<\/td>\n<td align=\"right\">+ 17<\/td>\n<\/tr>\n<tr class=\"rider natru teamIndividualNeutralAthlete odd\" role=\"row\">\n<td>7<\/td>\n<td>\u00a0<\/td>\n<td>\u00a0<\/td>\n<td>Ivanchenko\u00a0Alena<\/td>\n<td>Individual Neutral Athlete<\/td>\n<td class=\"grey\" align=\"center\">\u00a0<\/td>\n<td align=\"right\">+ 20<\/td>\n<\/tr>\n<tr class=\"rider natbe teamBelgium even\" role=\"row\">\n<td>8<\/td>\n<td>\u00a0<\/td>\n<td>\u00a0<\/td>\n<td>De Schepper\u00a0Lore<\/td>\n<td>Belgium<\/td>\n<td class=\"grey\" align=\"center\">\u00a0<\/td>\n<td align=\"right\">+ 25<\/td>\n<\/tr>\n<tr class=\"rider natau teamAustralia odd\" role=\"row\">\n<td>9<\/td>\n<td>\u00a0<\/td>\n<td>\u00a0<\/td>\n<td>Appleton\u00a0Talia<\/td>\n<td>Australia<\/td>\n<td class=\"grey\" align=\"center\">\u00a0<\/td>\n<td align=\"right\">+ 3<\/td>\n<\/tr>\n<p><a href=\"https:\/\/www.ciclo21.com\/wp-content\/uploads\/2024\/09\/RWC_2025_PROFILES_RR_WU23_PROFILE-1536x297-1.png\" target=\"_blank\" rel=\"noopener nofollow\"><img fetchpriority=\"high\" decoding=\"async\" aria-describedby=\"caption-attachment-415119\" class=\"wp-image-415119 size-large lazy\" src=\"data:image\/svg+xml,%3Csvg%20xmlns=\" http:=\"\" data-src=\"https:\/\/www.europesays.com\/es\/wp-content\/uploads\/2025\/09\/RWC_2025_PROFILES_RR_WU23_PROFILE-1536x297-1-1024x198.png.webp.webp\" alt=\"\" width=\"620\" height=\"120\" data- data-\/><\/a><\/p>\n<p id=\"caption-attachment-415119\" class=\"wp-caption-text\">Perfil de la prueba \u00a9 UCIgeri\u00a0<\/p>\n<p style=\"text-align: justify;\">Dos carreras hist\u00f3ricas se estrenan en este <strong><a href=\"https:\/\/www.ciclo21.com\/mundial-2025-ruanda-programa-perfiles-selecciones\/\" target=\"_blank\" rel=\"noopener nofollow\">Mundial de Kigali<\/a><\/strong> por ser la primera vez que se celebrar\u00e1n de forma separada las competiciones femeninas sub-23 de las pruebas de la categor\u00eda \u00e9lite. S\u00ed es verdad es que desde 2022 se distingu\u00edan a las dos mejores, pero en el mismo pelot\u00f3n mezcladas como ocurre en los Campeonatos de Espa\u00f1a. En el tambi\u00e9n hist\u00f3rico primer evento africano <strong>Zoe Backstedt se colg\u00f3 el oro en la contrarreloj<\/strong> y no repetir\u00e1 porque renuncia al fondo.\u00a0<\/p>\n<p style=\"text-align: justify;\">De modo que se abre el escenario para una prueba especial donde la espa\u00f1ola<strong>\u00a0Paula Blasi<\/strong> tiene una gran ocasi\u00f3n de subir al podio ayudada por las gemelas\u00a0<strong>Luc\u00eda Ruiz, Laura Ruiz<\/strong> y la excampeona europea de pista <strong>Ainara Albert<\/strong>. La corredora del UAE World Tour -que pas\u00f3 este a\u00f1o desde su filial- acumula cuatro victorias y es la revelaci\u00f3n del a\u00f1o junto a <a href=\"https:\/\/www.ciclo21.com\/top-ciclo-21-feminas-2025-16sep\/\" target=\"_blank\" rel=\"noopener nofollow\"><strong>Usoa Ostolaza -l\u00edder del TOP Ciclo 21-<\/strong><\/a> lo que le reporta muchos n\u00fameros para disputar las medallas. Blasi genera dudas tras su mala contrarreloj individual y sus sensaciones, pero en el relevo mixto recuper\u00f3 su punto de pedal y parece que este jueves saldr\u00e1 con las opciones intactas. Y as\u00ed conf\u00eda la seleccionadora <a href=\"https:\/\/www.ciclo21.com\/gema-pascual-vamos-con-todo-con-paula-blasi-2025\/\" target=\"_blank\" rel=\"noopener nofollow\"><strong>Gema Pascual en una entrevista<\/strong><\/a> a este medio en Kigali.<\/p>\n<p style=\"text-align: justify;\">Las<strong> sub-23<\/strong> competir\u00e1n el <strong>jueves 25<\/strong> sobre <strong>119.3 kil\u00f3metros y 2435 metros<\/strong> de desnivel -igual que har\u00e1n los <strong>juniors masculinos-,<\/strong> resultantes de dar ocho vueltas al circuito local de Kigali, que incluye en cada vuelta el paso por la Cote de Kimihurura, de 800 metros al 8,1% de pendiente media y que han marcado buena parte de las resoluciones en las contrarrelojes individuales. Blasi, con buena punta de velocidad, y especialista en pruebas de un d\u00eda tiene su \u00faltima oportunidad. En 2026 en Montr\u00e9al ser\u00e1 elite.<\/p>\n<p style=\"text-align: justify;\">La brit\u00e1nica <a href=\"https:\/\/www.ciclo21.com\/mundial-zurich-junior-feminas-2024-ferguson\/\" target=\"_blank\" rel=\"noopener nofollow\"><strong>Cat Ferguson -oro j\u00fanior en 2024-<\/strong><\/a> ser\u00e1 una de las favoritas, junto con las francesas <strong>Marion Bunel, Julie Bego<\/strong> y <strong>C\u00e9lia Gery y <\/strong>la canadiense <strong>Isabella Holmgren,<\/strong> vencedora del Porvenir y del Mundial BTT XCO y rueda a seguir para Gema Pascual. La belga <strong>Lore de Schepper<\/strong>, la solitaria italiana <strong>Eleonora Ciabocco<\/strong>, la australiana <strong>Talia Appleton<\/strong>, la alemana <strong>Linda Riedmann<\/strong>, la polaca<strong> Malwina Mul<\/strong>, la luxemburguesa<strong> Marie Schreiber,<\/strong> la afgana <strong>Fariba Hashimi<\/strong> y la estadounidense<strong> Katherine Sariskov<\/strong> estar\u00e1n delante.<\/p>\n<p data-start=\"435\" data-end=\"791\"><a href=\"https:\/\/www.rtve.es\/play\/videos\/directo\/deportes\/ciclismo-prueba-sub23-femenina-mundial-ruta\/\" target=\"_blank\" rel=\"noopener nofollow\"><strong>TV DIRECTO RTVE PLAY<\/strong><\/a><\/p>\n<p><a href=\"https:\/\/www.ciclo21.com\/mundial-2025-ruanda-programa-perfiles-selecciones\/\" target=\"_blank\" rel=\"noopener nofollow\"><strong>TODAS LAS PRUEBAS Y PROGRAMA<\/strong><\/a><\/p>\n<p><a href=\"https:\/\/www.ciclo21.com\/mundial-kigali-las-selecciones-espanolas-sub-23\/\" target=\"_blank\" rel=\"noopener nofollow\"><strong>SELECCI\u00d3N ESPA\u00d1OLA SUB-23<\/strong><\/a><\/p>\n<p><a href=\"https:\/\/www.tissottiming.com\/2025\/crdwch\/live\" target=\"_blank\" rel=\"noopener nofollow\"><strong>TIEMPOS EN DIRECTO<\/strong><\/a><\/p>\n<p><a href=\"https:\/\/www.ciclo21.com\/campeones-mundo-ciclismo-espanoles-174-sanchez\/\" target=\"_blank\" rel=\"noopener nofollow\"><strong>TODOS LOS CAMPEONES DEL MUNDO ESPA\u00d1OLES<\/strong><\/a><\/p>\n<p><strong>DORSALES OFICIALES<\/strong><\/p>\n<p><a href=\"https:\/\/www.ciclo21.com\/mundial-zurich-feminas-2024-kopecky\/\" target=\"_blank\" rel=\"noopener nofollow\"><strong>Edici\u00f3n 2024: Puck Pieterse<\/strong><\/a><\/p>\n<p><strong>PALMAR\u00c9S COMPLETO<\/strong><\/p>\n","protected":false},"excerpt":{"rendered":"Jueves 25 septiembre. Fondo sub-23 f\u00e9minas. Kigali (13:05)-Kigali (16:05), 119,3 km Fernando Ferrari. Kigali (Ruanda). Enviado especial Ciclo&hellip;\n","protected":false},"author":2,"featured_media":138817,"comment_status":"","ping_status":"","sticky":false,"template":"","format":"standard","meta":{"footnotes":""},"categories":[273],"tags":[43550,43551,313,312,168,25,24,43552,43553,39237,43554,43555,23,167],"class_list":{"0":"post-138816","1":"post","2":"type-post","3":"status-publish","4":"format-standard","5":"has-post-thumbnail","7":"category-ciclismo","8":"tag-bronce-espana","9":"tag-celia-gery-francia","10":"tag-ciclismo","11":"tag-cycling","12":"tag-deportes","13":"tag-es","14":"tag-espana","15":"tag-gery-campeona","16":"tag-gery-fdj","17":"tag-mundial-kigali","18":"tag-mundial-kigali-sub-23","19":"tag-paula-blasi-bronce","20":"tag-spain","21":"tag-sports"},"share_on_mastodon":{"url":"","error":""},"_links":{"self":[{"href":"https:\/\/www.europesays.com\/es\/wp-json\/wp\/v2\/posts\/138816","targetHints":{"allow":["GET"]}}],"collection":[{"href":"https:\/\/www.europesays.com\/es\/wp-json\/wp\/v2\/posts"}],"about":[{"href":"https:\/\/www.europesays.com\/es\/wp-json\/wp\/v2\/types\/post"}],"author":[{"embeddable":true,"href":"https:\/\/www.europesays.com\/es\/wp-json\/wp\/v2\/users\/2"}],"replies":[{"embeddable":true,"href":"https:\/\/www.europesays.com\/es\/wp-json\/wp\/v2\/comments?post=138816"}],"version-history":[{"count":0,"href":"https:\/\/www.europesays.com\/es\/wp-json\/wp\/v2\/posts\/138816\/revisions"}],"wp:featuredmedia":[{"embeddable":true,"href":"https:\/\/www.europesays.com\/es\/wp-json\/wp\/v2\/media\/138817"}],"wp:attachment":[{"href":"https:\/\/www.europesays.com\/es\/wp-json\/wp\/v2\/media?parent=138816"}],"wp:term":[{"taxonomy":"category","embeddable":true,"href":"https:\/\/www.europesays.com\/es\/wp-json\/wp\/v2\/categories?post=138816"},{"taxonomy":"post_tag","embeddable":true,"href":"https:\/\/www.europesays.com\/es\/wp-json\/wp\/v2\/tags?post=138816"}],"curies":[{"name":"wp","href":"https:\/\/api.w.org\/{rel}","templated":true}]}}