{"id":138820,"date":"2025-09-25T21:59:08","date_gmt":"2025-09-25T21:59:08","guid":{"rendered":"https:\/\/www.europesays.com\/es\/138820\/"},"modified":"2025-09-25T21:59:08","modified_gmt":"2025-09-25T21:59:08","slug":"markquis-nowell-manda-un-mensaje","status":"publish","type":"post","link":"https:\/\/www.europesays.com\/es\/138820\/","title":{"rendered":"Markquis Nowell manda un mensaje"},"content":{"rendered":"<p>Markquis Nowell se present\u00f3 este jueves en sociedad como nuevo dinamitero del Baskonia a escasos d\u00edas de que el Olympiacos asome por el Buesa Arena  &#8230; para dar comienzo a la temporada 2025-26. Se baj\u00f3 del autob\u00fas con apenas un entrenamiento completado, entr\u00f3 en el polideportivo de Lasesarre de Barakaldo y revolucion\u00f3 la final de la Euskal Kopa. <\/p>\n<p class=\"v-p\">Una esperanzadora carta de presentaci\u00f3n fue la suya, con 14 puntos, 6 asistencias y 18 de valoraci\u00f3n. Con sus 172 cent\u00edmetros de altura pero con un impacto enorme, contribuy\u00f3 a modelar el primer triunfo azulgrana de una pretemporada que ya toca a su fin. En la visita al vecino bilba\u00edno, el conjunto de Paolo Galbiati descubri\u00f3 algunas de sus cartas, dej\u00f3 constancia de algunas de las virtudes y no pocos contratiempos que le pueden acuciar durante el curso, pero guard\u00f3 un as infalible en su jugador reci\u00e9n llegado.<\/p>\n<p class=\"v-p\">Con todas las reservas ante un ensayo de preparaci\u00f3n, la realidad es que Nowell inyect\u00f3 en la escuadra azulgrana algo que apenas hab\u00eda asomado durante la fase de preparaci\u00f3n. Rescat\u00f3 el arte del pase, contribuy\u00f3 a insuflar fluidez al juego de ataque y se esforz\u00f3 por nutrir a sus interiores, con Diop y Samanic como principales beneficiados. Lo que toda la vida han hecho los buenos bases. Y Nowell apunta a serlo. <\/p>\n<p class=\"v-scr__t\">Bilbao Basket<\/p>\n<p class=\"v-scr__p v-scr__p--3\">Frey (10), Normantas (6), Hilliard (14), Petrasek (4), Hlinason (15) -quinteto inicial-; Jaworski (14), Krampelj (14), Zecevic, Pantzar (12), Sylla (2), Font y Lazarevic.<\/p>\n<p class=\"v-scr__n-c v-scr__n-c--1 \">\n 91\n<\/p>\n<p class=\"v-scr__n-c v-scr__n-c--2\">\n&#8211;\n<\/p>\n<p class=\"v-scr__n-c v-scr__n-c--3 \">\n 95\n<\/p>\n<p class=\"v-scr__t\">Baskonia<\/p>\n<p class=\"v-scr__p v-scr__p--3\">Forrest (11), Joksimovic (4), Diallo (24), Frisch, Diop (6) -quinteto inicial-; Nowell (14), Villar, Spagnolo (3), Royo (11) y Samanic (22). <\/p>\n<ul class=\"v-u\">\n<li class=\"v-u__l\">\n<p class=\"v-p\">\nParciales<br \/>\n22-18, 18-17 (40-35 al descanso), 30-36, 21-24, 91-95 (final)\n<\/p>\n<\/li>\n<li class=\"v-u__l\">\n<p class=\"v-p\">\n\u00c1rbitro<br \/>\nJuan Carlos Garc\u00eda Gonz\u00e1lez, Sergio Manuel y Rub\u00e9n S\u00e1nchez Mohedas. Eliminados por Faltas Diop (M. 31) y Nowell (M. 40).\n<\/p>\n<\/li>\n<li class=\"v-u__l\">\n<p class=\"v-p\">\nIncidencias<br \/>\nPartido disputado en el polideportivo Lasesarre de Barakaldo ante cerca de 2.000 personas. Final de la Euskal Kopa que gana el Baskonia por segundo a\u00f1o consecutivo.\n<\/p>\n<\/li>\n<\/ul>\n<p class=\"v-p\">La menuda figura del neoyorkina, pura electricidad condensada, se agigant\u00f3 en un encuentro en el que el Baskonia logr\u00f3 imponer su agresividad despu\u00e9s de un descanso que lleg\u00f3 un minuto y 49 segundos antes de tiempo debido a la rotura de una canasta. El estropicio producido por Diallo tras un mate dej\u00f3 la estructura desanclada, lo que llev\u00f3 a acortar un segundo cuarto que mand\u00f3 a los jugadores al vestuario con un 40-35 a favor de lo bilba\u00ednos. Hasta ese momento, el Baskonia hab\u00eda sido un equipo dominado por un rival m\u00e1s r\u00edtmico, asentado en el control del rebote, la cruz azulgrana. Pero lleg\u00f3 el tercer cuarto, y asom\u00f3 un plantel vitoriano que se acerc\u00f3 a lo que desea Galbiati, un grupo que se retroalimenta con una rotaci\u00f3n constante que eleva el grado de agresividad hasta la zona roja de combusti\u00f3n. Ah\u00ed se desat\u00f3 Nowell, pero tambi\u00e9n las transiciones fulminantes de Hamidou Diallo. <\/p>\n<p class=\"v-p\"><strong>Un desenlace magistral<\/strong><\/p>\n<p class=\"v-p\">Un parcial de 30-36 en el tercer cap\u00edtulo colocaba al Baskonia por delante en el marcador (70-71), preparado para intensificar el martilleo en la \u00faltima entrega. Sin Howard, Sedekerskis, Luwawu-Cabarrot ni Diakite, los azulgranas parec\u00edan decididos a no dejar pasar la oportunidad de abrir la cuenta de triunfos en la pretemporada. Ni la torcedura de tobillo de Diallo, el coraz\u00f3n en un pu\u00f1o, fren\u00f3 a un Baskonia que abri\u00f3 el foco ante un Bilbao Basket que trataba de sacar partido de Hilliard y de alg\u00fan exceso de aceleraci\u00f3n alavesa. El triple del exbaskonista apret\u00f3 el duelo (84-86, minuto 38), pero Nowell hizo saltar la banca gracias a una conexi\u00f3n telep\u00e1tica con Samanic, un socio perfecto en el &#8216;dos por dos&#8217; al que supo encontrar en posiciones claras de anotaci\u00f3n. Y de postre, un robo de bal\u00f3n de lo m\u00e1s oportuno y un posterior triple esquinado de factura tan compleja como impecable para liquidar el choque con un 88-93 a 46 segundos del final. Un broche perfecto al debut de la nueva br\u00fajula baskonista. <\/p>\n","protected":false},"excerpt":{"rendered":"Markquis Nowell se present\u00f3 este jueves en sociedad como nuevo dinamitero del Baskonia a escasos d\u00edas de que&hellip;\n","protected":false},"author":2,"featured_media":138821,"comment_status":"","ping_status":"","sticky":false,"template":"","format":"standard","meta":{"footnotes":""},"categories":[269],"tags":[299,298,168,25,24,11787,41446,8079,41447,23,167],"class_list":{"0":"post-138820","1":"post","2":"type-post","3":"status-publish","4":"format-standard","5":"has-post-thumbnail","7":"category-baloncesto","8":"tag-baloncesto","9":"tag-basketball","10":"tag-deportes","11":"tag-es","12":"tag-espana","13":"tag-manda","14":"tag-markquis","15":"tag-mensaje","16":"tag-nowell","17":"tag-spain","18":"tag-sports"},"share_on_mastodon":{"url":"","error":""},"_links":{"self":[{"href":"https:\/\/www.europesays.com\/es\/wp-json\/wp\/v2\/posts\/138820","targetHints":{"allow":["GET"]}}],"collection":[{"href":"https:\/\/www.europesays.com\/es\/wp-json\/wp\/v2\/posts"}],"about":[{"href":"https:\/\/www.europesays.com\/es\/wp-json\/wp\/v2\/types\/post"}],"author":[{"embeddable":true,"href":"https:\/\/www.europesays.com\/es\/wp-json\/wp\/v2\/users\/2"}],"replies":[{"embeddable":true,"href":"https:\/\/www.europesays.com\/es\/wp-json\/wp\/v2\/comments?post=138820"}],"version-history":[{"count":0,"href":"https:\/\/www.europesays.com\/es\/wp-json\/wp\/v2\/posts\/138820\/revisions"}],"wp:featuredmedia":[{"embeddable":true,"href":"https:\/\/www.europesays.com\/es\/wp-json\/wp\/v2\/media\/138821"}],"wp:attachment":[{"href":"https:\/\/www.europesays.com\/es\/wp-json\/wp\/v2\/media?parent=138820"}],"wp:term":[{"taxonomy":"category","embeddable":true,"href":"https:\/\/www.europesays.com\/es\/wp-json\/wp\/v2\/categories?post=138820"},{"taxonomy":"post_tag","embeddable":true,"href":"https:\/\/www.europesays.com\/es\/wp-json\/wp\/v2\/tags?post=138820"}],"curies":[{"name":"wp","href":"https:\/\/api.w.org\/{rel}","templated":true}]}}