{"id":138828,"date":"2025-09-25T22:03:08","date_gmt":"2025-09-25T22:03:08","guid":{"rendered":"https:\/\/www.europesays.com\/es\/138828\/"},"modified":"2025-09-25T22:03:08","modified_gmt":"2025-09-25T22:03:08","slug":"el-escritor-andreu-martin-recibe-el-29-premi-trajectoria-de-la-setmana-del-llibre-en-catala","status":"publish","type":"post","link":"https:\/\/www.europesays.com\/es\/138828\/","title":{"rendered":"El escritor Andreu Mart\u00edn recibe el 29 Premi Traject\u00f2ria de La Setmana del Llibre en Catal\u00e0"},"content":{"rendered":"<p data-gtm-element-container=\"modulo-texto-link\" class=\"paragraph\">BARCELONA, 25 (EUROPA PRESS)\n\t\t\t\t<\/p>\n<p data-gtm-element-container=\"modulo-texto-link\" class=\"paragraph\">El escritor Andreu Mart\u00edn ha recibido este jueves el 29 Premi Traject\u00f2ria de La Setmana del Llibre en Catal\u00e0, en un acto en el Passeig Llu\u00eds Companys de Barcelona.\n\t\t\t\t<\/p>\n<p data-gtm-element-container=\"modulo-texto-link\" class=\"paragraph\">Se ha distinguido a Mart\u00edn por ser \u201cun narrador incansable, creador de personajes imborrables y pionero de la novela negra juvenil en catal\u00e1n\u201d, ha informado La Setmana en un apunte en &#8216;X&#8217; recogido por Europa Press.\n\t\t\t\t<\/p>\n<p data-gtm-element-container=\"modulo-texto-link\" class=\"paragraph\">El galard\u00f3n, que se otorga desde 1997, es un premio votado por los profesionales del sector editorial que distingue a personas o entidades por su \u201ccontribuci\u00f3n relevante y continuada a la cultura catalana, especialmente en el libro y la literatura\u201d.\n\t\t\t\t<\/p>\n<p data-gtm-element-container=\"modulo-texto-link\" class=\"paragraph\">El acto ha empezado con un minuto de silencio en recuerdo a las v\u00edctimas de la guerra de Israel en Gaza, y con el parlamento del presidente de la Associaci\u00f3 d&#8217;Editors en Llengua Catalana, \u00cdlya P\u00e9rdigo.\n\t\t\t\t<\/p>\n<p data-gtm-element-container=\"modulo-texto-link\" class=\"paragraph\">A lo largo de su trayectoria, Mart\u00edn ha escrito alrededor de 50 novelas para adultos, y m\u00e1s de 60 novelas infantiles y juveniles.\n\t\t\t\t<\/p>\n","protected":false},"excerpt":{"rendered":"BARCELONA, 25 (EUROPA PRESS) El escritor Andreu Mart\u00edn ha recibido este jueves el 29 Premi Traject\u00f2ria de La&hellip;\n","protected":false},"author":2,"featured_media":138829,"comment_status":"","ping_status":"","sticky":false,"template":"","format":"standard","meta":{"footnotes":""},"categories":[172],"tags":[224,146,147,25,24,225,23],"class_list":{"0":"post-138828","1":"post","2":"type-post","3":"status-publish","4":"format-standard","5":"has-post-thumbnail","7":"category-libros","8":"tag-books","9":"tag-entertainment","10":"tag-entretenimiento","11":"tag-es","12":"tag-espana","13":"tag-libros","14":"tag-spain"},"share_on_mastodon":{"url":"","error":""},"_links":{"self":[{"href":"https:\/\/www.europesays.com\/es\/wp-json\/wp\/v2\/posts\/138828","targetHints":{"allow":["GET"]}}],"collection":[{"href":"https:\/\/www.europesays.com\/es\/wp-json\/wp\/v2\/posts"}],"about":[{"href":"https:\/\/www.europesays.com\/es\/wp-json\/wp\/v2\/types\/post"}],"author":[{"embeddable":true,"href":"https:\/\/www.europesays.com\/es\/wp-json\/wp\/v2\/users\/2"}],"replies":[{"embeddable":true,"href":"https:\/\/www.europesays.com\/es\/wp-json\/wp\/v2\/comments?post=138828"}],"version-history":[{"count":0,"href":"https:\/\/www.europesays.com\/es\/wp-json\/wp\/v2\/posts\/138828\/revisions"}],"wp:featuredmedia":[{"embeddable":true,"href":"https:\/\/www.europesays.com\/es\/wp-json\/wp\/v2\/media\/138829"}],"wp:attachment":[{"href":"https:\/\/www.europesays.com\/es\/wp-json\/wp\/v2\/media?parent=138828"}],"wp:term":[{"taxonomy":"category","embeddable":true,"href":"https:\/\/www.europesays.com\/es\/wp-json\/wp\/v2\/categories?post=138828"},{"taxonomy":"post_tag","embeddable":true,"href":"https:\/\/www.europesays.com\/es\/wp-json\/wp\/v2\/tags?post=138828"}],"curies":[{"name":"wp","href":"https:\/\/api.w.org\/{rel}","templated":true}]}}