{"id":138832,"date":"2025-09-25T22:05:08","date_gmt":"2025-09-25T22:05:08","guid":{"rendered":"https:\/\/www.europesays.com\/es\/138832\/"},"modified":"2025-09-25T22:05:08","modified_gmt":"2025-09-25T22:05:08","slug":"25-anos-de-metal-extremo-desde-lugo","status":"publish","type":"post","link":"https:\/\/www.europesays.com\/es\/138832\/","title":{"rendered":"25 a\u00f1os de metal extremo desde Lugo"},"content":{"rendered":"<p>Todo comenz\u00f3 a finales de los a\u00f1os 90, cuando <strong>Claudio<\/strong>, <strong>Adri\u00e1n <\/strong>y <strong>\u00d3scar <\/strong>(el \u00fanico miembro fundador que contin\u00faa en la banda) decidieron formar un grupo de m\u00fasica extrema con influencias que iban desde el <strong>death metal<\/strong> y el thrash hasta el\u00a0hardcore punk.<\/p>\n<p>Entre 1998 y 1999 se unieron <strong>Lito <\/strong>y <strong>Julio<\/strong>, consolidando as\u00ed un proyecto inicial bajo el nombre <strong>Barbarianth<\/strong>.<\/p>\n<p>En el a\u00f1o 2000, gracias a los chats de <strong>MiRC<\/strong>, conocieron a otros j\u00f3venes de la ciudad con intereses similares: <strong>Venomous Prophecies<\/strong>, una banda m\u00e1s orientada hacia el Black Metal, formada por <strong>Touto<\/strong>, <strong>Dani <\/strong>y <strong>Luis<\/strong>.<\/p>\n<p><strong>Ambas agrupaciones decidieron unirse <\/strong>para completar sus alineaciones y, en diciembre de ese mismo a\u00f1o, naci\u00f3 oficialmente <a target=\"_blank\" rel=\"nofollow noopener\" href=\"https:\/\/www.barbarianprophecies.com\/index.html\"><strong>Barbarian Prophecies<\/strong><\/a>.<\/p>\n<p>Tras un a\u00f1o de ensayos y ajustes, la formaci\u00f3n qued\u00f3 estable con, <strong>Claudio <\/strong>y <strong>\u00d3scar <\/strong>(guitarras) <strong>Adri\u00e1n <\/strong>(bajo), <strong>Dani <\/strong>(bater\u00eda) y <strong>Touto <\/strong>(voz), manteni\u00e9ndose as\u00ed durante cinco a\u00f1os.<\/p>\n<p>Lo que se a\u00f1ora de los primeros a\u00f1os<\/p>\n<p><img decoding=\"async\" width=\"1011\" height=\"569\" alt=\"Barbarian Prophecies 2002\" src=\"https:\/\/www.europesays.com\/es\/wp-content\/uploads\/2025\/09\/2025092423462545163.jpg\" loading=\"lazy\"  \/><br \/>\nBarbarian Prophecies 2002<\/p>\n<p>\u00d3scar recuerda que <strong>los comienzos fueron complicados<\/strong>: \u00abEl acceso a equipo era caro y limitado, y las grabaciones de calidad profesional eran pr\u00e1cticamente inexistentes para bandas amateur\u00bb, afirma.<\/p>\n<p>Aun as\u00ed, <strong>destaca la ilusi\u00f3n de aquellos a\u00f1os y la camarader\u00eda que exist\u00eda en la escena<\/strong>. Hoy, \u00abaunque es m\u00e1s f\u00e1cil grabar, tocar fuera de casa y conectar con otras bandas\u00bb, siente que \u00abesa uni\u00f3n era m\u00e1s genuina antes\u00bb.<\/p>\n<p>Con los a\u00f1os, el estilo de <a target=\"_blank\" rel=\"nofollow noopener\" href=\"https:\/\/www.instagram.com\/barbarian_prophecies\/%3Fhl%3Des\">Barbarian Prophecies<\/a> ha evolucionado hacia una mayor complejidad y madurez, reflejado por el paso de distintos miembros y la propia evoluci\u00f3n de sus integrantes.<\/p>\n<p>De pasatiempo a forma de vida<\/p>\n<p>Aunque para la banda sigue siendo un pasatiempo, \u00d3scar reconoce que ya es parte de su vida: \u00abSon muchos a\u00f1os y se ha convertido en algo m\u00e1s\u00bb.<\/p>\n<p>Adem\u00e1s de su propia m\u00fasica, <strong>el grupo ha impulsado la escena ayudando a otros artistas, organizando conciertos y festivales <\/strong>y colaborando activamente con la asociaci\u00f3n cultural <a target=\"_blank\" rel=\"nofollow noopener\" href=\"https:\/\/www.facebook.com\/burilacde\/\"><strong>Buril Acde<\/strong><\/a>, en Sarria.<\/p>\n<p>M\u00e1s all\u00e1 de su legado discogr\u00e1fico, esperan que su mayor contribuci\u00f3n haya sido \u00abmantener viva la llama del underground y crear comunidad\u00bb.<\/p>\n<p>Lugo y la importancia de espacios para el directo<\/p>\n<p>La situaci\u00f3n cultural en <strong>Lugo ha mejorado en las \u00faltimas d\u00e9cadas<\/strong>: \u00abHoy la ciudad cuenta con salas ic\u00f3nicas como el <a target=\"_blank\" rel=\"nofollow noopener\" href=\"https:\/\/www.clavicembalo.gal\/\">Clavic\u00e9mbalo<\/a>, la sala <a target=\"_blank\" rel=\"nofollow noopener\" href=\"https:\/\/salajagger.com\/\">Jagger<\/a>, el <a target=\"_blank\" rel=\"nofollow noopener\" href=\"https:\/\/www.facebook.com\/p\/El-Diablo-Bar-Lugo-100057616151019\/?locale=es_ES\">Diablo<\/a> o el <a target=\"_blank\" rel=\"nofollow noopener\" href=\"https:\/\/www.instagram.com\/chickenrunlugo\/\">Sin City<\/a>, adem\u00e1s de un ayuntamiento que ha apostado m\u00e1s por dinamizar la vida cultural\u00bb, se\u00f1ala \u00d3scar.<\/p>\n<p><strong>Sin embargo, siguen faltando locales de gran capacidad<\/strong>. Para suplir esa carencia, \u00abBuril Acde se ha convertido en un punto de referencia para conciertos y festivales\u00bb, se\u00f1ala \u00d3scar, \u00abentre ellos el hist\u00f3rico <a target=\"_blank\" rel=\"nofollow noopener\" href=\"https:\/\/www.instagram.com\/napalm_fest\/?hl=es\"><strong>Napalm Fest<\/strong><\/a>, que el pr\u00f3ximo 18 de octubre <strong>celebra su 20\u00aa edici\u00f3n<\/strong>\u00ab.<\/p>\n<p>Una formaci\u00f3n que fluye, pero se mantiene unida<\/p>\n<p>\u00d3scar es realista: <strong>\u00abNunca se sabe\u00bb si esta ser\u00e1 la alineaci\u00f3n definitiva<\/strong>, pero por ahora se sienten c\u00f3modos y comparten objetivos.<\/p>\n<p>La <strong>formaci\u00f3n actual <\/strong>est\u00e1 compuesta por:<\/p>\n<ul>\n<li><strong>\u00d3scar <\/strong>Guitarra (fundador)<\/li>\n<li><strong>Arnt <\/strong>Guitarra (15 a\u00f1os en la banda)<\/li>\n<li><strong>Alicia <\/strong>Bajo y voces (desde 2014)<\/li>\n<li><strong>Diego <\/strong>Bater\u00eda (6 a\u00f1os en la banda)<\/li>\n<\/ul>\n<p><img decoding=\"async\" width=\"1280\" height=\"720\" alt=\"Barbarian Prophecies Line up\" src=\"https:\/\/www.europesays.com\/es\/wp-content\/uploads\/2025\/09\/2025092423501196438.jpg\" loading=\"lazy\"  \/><br \/>\nBarbarian Prophecies<\/p>\n<p>El futuro<\/p>\n<p>\u00ab<strong>No hay planes a largo plazo<\/strong>\u00ab, afirma \u00d3scar, pero la motivaci\u00f3n sigue intacta: \u00abMientras la salud me lo permita, seguir\u00e9 en la m\u00fasica, porque es una parte fundamental de mi vida\u00bb.<\/p>\n<p>La filosof\u00eda de Barbarian Prophecies sigue siendo \u00ab<strong>avanzar poco a poco, sin grandes metas pero sin descanso<\/strong>\u00ab, afirma.<\/p>\n<blockquote>\n<p>\u00abLa filosof\u00eda del grupo sigue siendo la misma que en sus inicios: avanzar sin prisa pero sin descanso\u00bb, asegura \u00d3scar<\/p>\n<\/blockquote>\n<p>Nuevo disco<\/p>\n<p>Durante su reciente <strong>concierto por el 25 aniversario<\/strong> celebrado en el Clavi, interpretaron temas del que ser\u00e1 <strong>su pr\u00f3ximo \u00e1lbum: Echoes<\/strong>.<\/p>\n<p>Este nuevo trabajo, grabado en <a target=\"_blank\" rel=\"nofollow noopener\" href=\"https:\/\/www.kollapsestudio.com\/\"><strong>Kollapse Studio<\/strong><\/a> (Lugo) con Iv\u00e1n Ferro, <strong>representa \u00abun paso m\u00e1s en la evoluci\u00f3n de su sonido, con influencias variadas, estructuras m\u00e1s complejas y una producci\u00f3n muy cuidada\u00bb<\/strong>.<\/p>\n<p><strong>El lanzamiento vendr\u00e1 acompa\u00f1ado de material audiovisual <\/strong>realizado por <a target=\"_blank\" rel=\"nofollow noopener\" href=\"https:\/\/www.60rafagas.com\/\">60 R\u00e1fagas<\/a>, reforzando la <strong>apuesta <\/strong>del grupo <strong>por ofrecer un producto de calidad tanto en lo sonoro como en lo visual<\/strong>.<\/p>\n<p>Discograf\u00eda<\/p>\n<p>                        <script async src=\"\/\/www.instagram.com\/embed.js\"><\/script><\/p>\n","protected":false},"excerpt":{"rendered":"Todo comenz\u00f3 a finales de los a\u00f1os 90, cuando Claudio, Adri\u00e1n y \u00d3scar (el \u00fanico miembro fundador que&hellip;\n","protected":false},"author":2,"featured_media":138833,"comment_status":"","ping_status":"","sticky":false,"template":"","format":"standard","meta":{"footnotes":""},"categories":[170],"tags":[146,147,25,24,9636,7318,3963,184,185,23],"class_list":{"0":"post-138832","1":"post","2":"type-post","3":"status-publish","4":"format-standard","5":"has-post-thumbnail","7":"category-musica","8":"tag-entertainment","9":"tag-entretenimiento","10":"tag-es","11":"tag-espana","12":"tag-extrema","13":"tag-lugo","14":"tag-metal","15":"tag-music","16":"tag-musica","17":"tag-spain"},"share_on_mastodon":{"url":"","error":""},"_links":{"self":[{"href":"https:\/\/www.europesays.com\/es\/wp-json\/wp\/v2\/posts\/138832","targetHints":{"allow":["GET"]}}],"collection":[{"href":"https:\/\/www.europesays.com\/es\/wp-json\/wp\/v2\/posts"}],"about":[{"href":"https:\/\/www.europesays.com\/es\/wp-json\/wp\/v2\/types\/post"}],"author":[{"embeddable":true,"href":"https:\/\/www.europesays.com\/es\/wp-json\/wp\/v2\/users\/2"}],"replies":[{"embeddable":true,"href":"https:\/\/www.europesays.com\/es\/wp-json\/wp\/v2\/comments?post=138832"}],"version-history":[{"count":0,"href":"https:\/\/www.europesays.com\/es\/wp-json\/wp\/v2\/posts\/138832\/revisions"}],"wp:featuredmedia":[{"embeddable":true,"href":"https:\/\/www.europesays.com\/es\/wp-json\/wp\/v2\/media\/138833"}],"wp:attachment":[{"href":"https:\/\/www.europesays.com\/es\/wp-json\/wp\/v2\/media?parent=138832"}],"wp:term":[{"taxonomy":"category","embeddable":true,"href":"https:\/\/www.europesays.com\/es\/wp-json\/wp\/v2\/categories?post=138832"},{"taxonomy":"post_tag","embeddable":true,"href":"https:\/\/www.europesays.com\/es\/wp-json\/wp\/v2\/tags?post=138832"}],"curies":[{"name":"wp","href":"https:\/\/api.w.org\/{rel}","templated":true}]}}