{"id":13884,"date":"2025-07-30T12:02:08","date_gmt":"2025-07-30T12:02:08","guid":{"rendered":"https:\/\/www.europesays.com\/es\/13884\/"},"modified":"2025-07-30T12:02:08","modified_gmt":"2025-07-30T12:02:08","slug":"javier-bardem-exige-que-detengan-el-rodaje-de-la-odisea-y-presiona-a-warner-deben-abandonar-el-sahara-occidental-vandal","status":"publish","type":"post","link":"https:\/\/www.europesays.com\/es\/13884\/","title":{"rendered":"Javier Bardem exige que detengan el rodaje de &#039;La Odisea&#039; y presiona a Warner: &#039;Deben abandonar el S\u00e1hara Occidental&#039; &#8211; Vandal"},"content":{"rendered":"<ol>\n<li><a href=\"https:\/\/news.google.com\/rss\/articles\/CBMi7wFBVV95cUxOcXhXWFlnQWdxVllGcFNXb3VDUC1CSUFwYldSdTVaVUtTNmVfZVpIZXp1OWdLTFRXVVlCZlN6YWczc0RydGRIaUstR0RmQVNMVWFSSVdGem1oUFVIVEIwR2NjZ0wyS1BwUG9EVThlUzJ4MXV5VkdPc0JPdW9CRF9PRXNhaldfVWhuZG1IeXZySHIxNUt1NGY1bnlKMDB6OVM1RXNLNjRHbmNobGNRQjc1aEhoN0haYXQ1UzlCcDdVSEZnaDZzb0tjSFpNU0MtRXRQZDJLZjFLeTlTTDFOTFBRWXBfZFpfQlE1dmd5cG8yRdIB9AFBVV95cUxPbFU1NVhMQ3RJdDk1NlZrMEFFNXRkSVBKYV9XWHBodlROcHN3bDFuNVFYaWFxdndqZThOQ2VYYTFiNnAyd1ZGNmNpMFlZNFhJQW5sSVdhWFY3QkJQU0ZOYzdBSnhqN2l0MEJSZGstaG5qNVpRYnplcnV0UkxscXVDWjlmaXRUNjRnbmRrdEd5Z2xkQmp0RnlSMWVJcTBPdjlQMUh4c2Jjc2M5b0xpbXhBQVh6OFZXRmF2YnRQcFJGZXpHN1QyNkJWRVdJRnJSSmdYdXNiSm5rX1FqbTh0LW5uQWFuQ3B0S2h3WEJvQWJXSWNIdkRE?oc=5\" target=\"_blank\" rel=\"nofollow noopener\">Javier Bardem exige que detengan el rodaje de &#8216;La Odisea&#8217; y presiona a Warner: &#8216;Deben abandonar el S\u00e1hara Occidental&#8217;<\/a>&nbsp;&nbsp;Vandal<\/li>\n<li><a href=\"https:\/\/news.google.com\/rss\/articles\/CBMiwAFBVV95cUxPVk5fRTd6S2NFdWhRR0VsTTFYYnNBMVNNc01lNWJ6NEtzNWZlb3N4TUg0X0xHMXAyN0k1QzNxalV0U095aWk0amU4MUZkcm5IRkI1ZGxtLW5BcjUyakZubnFFbkRhVm1wQkJ6R2VNOGtnZDlfd0s1M2lKelhMSTF2bkNVa1BhWk5kTHplSEZ6eFFhSEpDNWV5XzRuUTZ5NFNZd1hQODdwVjdxUnpyYVVmbkphRGFidEtucDFwLXp3X0g?oc=5\" target=\"_blank\" rel=\"nofollow noopener\">Christopher Nolan desata la pol\u00e9mica por rodar \u2018La odisea\u2019 en el S\u00e1hara Occidental<\/a>&nbsp;&nbsp;EL PA\u00cdS<\/li>\n<li><a href=\"https:\/\/news.google.com\/rss\/articles\/CBMi3AFBVV95cUxNMGxpXzZRUlY0Q2lWV1pTd0MzUjFucjloWm41aG9ZdFBmQkNpMmFKSExrX21TQ2g5NV9WNlJHSUloVFJoVEEtdGpVSWhOaTN4VWNpWk51eUpkT3llT0pHNkNjN0lINTNRaXFCVTRhNkdzUkYtSjRlNk5JQ2VubTh6MTlKTV9WUEZhdms0dkhxSkNOZHFCX2NoNF9PZDNwWmx5aWhEdWM4UjgxWUR5ejVlZ1F1NXRQZUFXaHhLcDNrdXFhVlljbFVXN0YyOTVkNmxjNDZ4M0t2cTNqdFNt0gHiAUFVX3lxTE1MQjVlQkVGekU5LXA1eXk5NW04V1dydHdaRU9NY2JZU050QVhrd0ZscGMyT3FMdjlnTnpwV0JzQWp6a3JSR1RFUnZvYVBOM09JdURxZjZsd2JFZ3lRbjVsTGY2NTFGS0d0a2o4U0JfendXaldWMTBRTkFiWUhQVXh3LXFQOUtOOWFmd1ZlQVdlNnR6dklOaVB4YkZ5Q1FIVkU4VE80UnQ4cHBRN2c2SFpGaWxCejFXRmlLRHVQTlZ1OTMxNENpM1pfRE9jSnBhTEZ4Zm8tQnBYTnBsRy1QZlAtNUE?oc=5\" target=\"_blank\" rel=\"nofollow noopener\">Nolan, acusado de legitimar la ocupaci\u00f3n marroqu\u00ed en el S\u00e1hara Occidental por &#8216;La Odisea&#8217;<\/a>&nbsp;&nbsp;El Confidencial<\/li>\n<li><a href=\"https:\/\/news.google.com\/rss\/articles\/CBMiuwFBVV95cUxQU3FZVDFLOFByTUo1VHR3YlpFVFlEWGR4Q3F1RUZfQ2dyT1FsRm1idm1JNWo2UFd5QTVVVjE0NXhjbDF2TC0tTmhmRjNvN05rMUZYeHhkYU5xNWtxS01SWFlUR1lYelZwbkk5ZUMtelZPZmlpUmN2d29jbDhfc2lsRHdJTTZHYkFjTzE3czNhaXJmOTI2NEMwcjV6N3JVZXhfQUt0cDBKS0RnY0JHalJPZnMydmlOSDNkZWRV?oc=5\" target=\"_blank\" rel=\"nofollow noopener\">Javier Bardem se une a la petici\u00f3n de que Nolan detenga el rodaje de &#8216;La Odisea&#8217; en el S\u00e1hara Occidental<\/a>&nbsp;&nbsp;20Minutos<\/li>\n<li><a href=\"https:\/\/news.google.com\/rss\/articles\/CBMixAFBVV95cUxQY29fMEtONWJ6TzVMdUNvTldCM0xBcXNsT0ZEbHpMOHY4N0E4M1M0N0FXTm9Lb0lWYzNudnJxZE1lYW5vUXpwMldhZk9tcDRYR19wckp5eTRkVXR2dUdwS3dGQkpCdjVaR3U3VlpnbUxYV2pRMksxN1F6VlRxdjd4bzJadFU0T19WdzVCZzhzamZyTHk5NGN0dTJHakZkWWk3TVZyRWtVb3lNaG8ycEhQZHhuekotYmlFT2tHWkdNUHlnUVFX0gHKAUFVX3lxTFBnM3JtTm4yYkR1T1pFQ1NOUkJ2RE95ZmpoanJOS0sxemRscGY2NkRSRE9Nd0F6STFpZVBnSzdVeWlZaWhpQ2MzWG81RGhfb0ZvUmdBTU10Um9YYWFta1RqRXBSMkZQeTJRWk1EbzZrSGlMbDZ3STlyT3RaSnVvRFU1eEVZcUtBQlI4OUctckpTYVNGckYzci1PV25LRHZTcHdkSXhmbTh6TW9nZV9zdG52ckFRcXNvc2cwMGhvZ3c1eXdxVV9xeVdEQXc?oc=5\" target=\"_blank\" rel=\"nofollow noopener\">Royal Air Maroc conecta el S\u00e1hara Marroqu\u00ed con el coraz\u00f3n de Hollywood<\/a>&nbsp;&nbsp;Atalayar<\/li>\n<\/ol>\n","protected":false},"excerpt":{"rendered":"Javier Bardem exige que detengan el rodaje de &#8216;La Odisea&#8217; y presiona a Warner: &#8216;Deben abandonar el S\u00e1hara&hellip;\n","protected":false},"author":2,"featured_media":13885,"comment_status":"","ping_status":"","sticky":false,"template":"","format":"standard","meta":{"footnotes":""},"categories":[174],"tags":[255,146,147,25,24,2065,256,23],"class_list":{"0":"post-13884","1":"post","2":"type-post","3":"status-publish","4":"format-standard","5":"has-post-thumbnail","7":"category-famosos","8":"tag-celebrities","9":"tag-entertainment","10":"tag-entretenimiento","11":"tag-es","12":"tag-espana","13":"tag-faltan-tags","14":"tag-famosos","15":"tag-spain"},"share_on_mastodon":{"url":"","error":""},"_links":{"self":[{"href":"https:\/\/www.europesays.com\/es\/wp-json\/wp\/v2\/posts\/13884","targetHints":{"allow":["GET"]}}],"collection":[{"href":"https:\/\/www.europesays.com\/es\/wp-json\/wp\/v2\/posts"}],"about":[{"href":"https:\/\/www.europesays.com\/es\/wp-json\/wp\/v2\/types\/post"}],"author":[{"embeddable":true,"href":"https:\/\/www.europesays.com\/es\/wp-json\/wp\/v2\/users\/2"}],"replies":[{"embeddable":true,"href":"https:\/\/www.europesays.com\/es\/wp-json\/wp\/v2\/comments?post=13884"}],"version-history":[{"count":0,"href":"https:\/\/www.europesays.com\/es\/wp-json\/wp\/v2\/posts\/13884\/revisions"}],"wp:featuredmedia":[{"embeddable":true,"href":"https:\/\/www.europesays.com\/es\/wp-json\/wp\/v2\/media\/13885"}],"wp:attachment":[{"href":"https:\/\/www.europesays.com\/es\/wp-json\/wp\/v2\/media?parent=13884"}],"wp:term":[{"taxonomy":"category","embeddable":true,"href":"https:\/\/www.europesays.com\/es\/wp-json\/wp\/v2\/categories?post=13884"},{"taxonomy":"post_tag","embeddable":true,"href":"https:\/\/www.europesays.com\/es\/wp-json\/wp\/v2\/tags?post=13884"}],"curies":[{"name":"wp","href":"https:\/\/api.w.org\/{rel}","templated":true}]}}