{"id":138843,"date":"2025-09-25T22:12:11","date_gmt":"2025-09-25T22:12:11","guid":{"rendered":"https:\/\/www.europesays.com\/es\/138843\/"},"modified":"2025-09-25T22:12:11","modified_gmt":"2025-09-25T22:12:11","slug":"los-huties-dicen-que-ataques-israelies-dejaron-ocho-muertos-y-142-heridos-en-la-capital-de-yemen","status":"publish","type":"post","link":"https:\/\/www.europesays.com\/es\/138843\/","title":{"rendered":"Los hut\u00edes dicen que ataques israel\u00edes dejaron ocho muertos y 142 heridos en la capital de Yemen"},"content":{"rendered":"<p>    <img src=\"https:\/\/www.europesays.com\/es\/wp-content\/uploads\/2025\/09\/2025-09-25T183A283A40Z-90068521.jpg\" width=\"1024\" height=\"682\" alt=\"\" loading=\"eager\" decoding=\"sync\" fetchpriority=\"high\"\/><\/p>\n<p>            afp_tickers        <\/p>\n<p>        Este contenido fue publicado en    <\/p>\n<p>        25 septiembre 2025 &#8211; 21:27\n<\/p>\n<p>Una serie de ataques israel\u00edes en San\u00e1 dejaron el jueves ocho muertos y 142 heridos, seg\u00fan un balance revisado divulgado por los rebeldes hut\u00edes, que controlan la capital de Yemen.<\/p>\n<p>El portavoz del Ministerio de Salud hut\u00ed, Anees Alasbahi, escribi\u00f3 en la red social X que el balance hab\u00eda \u00absubido a ocho m\u00e1rtires y 142 heridos\u00bb, mientras los rescatistas siguen buscando v\u00edctimas bajo los escombros.<\/p>\n<p>El balance anterior daba cuenta de al menos dos muertos y 48 heridos, seg\u00fan la misma fuente.<\/p>\n<p>Tras los ataques, el ministro de Defensa de Israel declar\u00f3 el jueves que el ej\u00e9rcito atac\u00f3 una serie de objetivos hut\u00edes en San\u00e1, luego de que el mi\u00e9rcoles un ataque con drones hut\u00edes\u00a0dej\u00f3 22 heridos en el sur de Israel.<\/p>\n<p>Colaboradores de AFP en San\u00e1 indicaron que escucharon explosiones en la ciudad, y vieron columnas de humo elev\u00e1ndose en tres lugares diferentes de la capital.<\/p>\n<p>La \u00abbrutalidad\u00bb israel\u00ed \u00abcaus\u00f3 varias v\u00edctimas civiles\u00bb, declar\u00f3 el portavoz del ministerio de Salud hut\u00ed.<\/p>\n<p>De su lado, el ministro de Defensa israel\u00ed, Israel Katz, escribi\u00f3 en X: \u00abAcabamos de asestar un golpe contundente a numerosos objetivos terroristas de la organizaci\u00f3n terrorista hut\u00ed en San\u00e1\u00bb.<\/p>\n<p>Katz precis\u00f3 que el ej\u00e9rcito hab\u00eda \u00abatacado varios campamentos militares, incluyendo un campamento del estado mayor hut\u00ed, eliminado a decenas de operativos terroristas hut\u00edes y destruido almacenes de drones y armamentos\u00bb.\u00a0<\/p>\n<p>El canal de televisi\u00f3n de los rebeldes proiran\u00edes, Al-Masirah, hab\u00eda anunciado anteriormente ataques a\u00e9reos israel\u00edes en San\u00e1.<\/p>\n<p>El ataque ocurri\u00f3 mientras Al-Massirah acababa de anunciar el inicio de la transmisi\u00f3n de un discurso del l\u00edder de los rebeldes respaldados por Ir\u00e1n, Abdelmalek al Huthi.<\/p>\n<p>La ciudad costera israel\u00ed de Eilat, en el mar Rojo, fue alcanzada el mi\u00e9rcoles por un dron disparado desde Yemen, inform\u00f3 el ej\u00e9rcito israel\u00ed, y los servicios de emergencia reportaron 22 heridos, dos de ellos en estado grave.<\/p>\n<p>Los rebeldes hut\u00edes respaldados por Ir\u00e1n en Yemen se atribuyeron la responsabilidad del ataque, que ocurri\u00f3 el segundo d\u00eda de Rosh Hashan\u00e1, el A\u00f1o Nuevo jud\u00edo.<\/p>\n<p>Esta fue la segunda vez que Eilat, un balneario en el extremo sur de Israel, es alcanzada por un dron en menos de una semana, seg\u00fan las autoridades israel\u00edes.<\/p>\n<p>lba-acc\/crb\/cab\/pb\/eg<\/p>\n","protected":false},"excerpt":{"rendered":"afp_tickers Este contenido fue publicado en 25 septiembre 2025 &#8211; 21:27 Una serie de ataques israel\u00edes en San\u00e1&hellip;\n","protected":false},"author":2,"featured_media":138844,"comment_status":"","ping_status":"","sticky":false,"template":"","format":"standard","meta":{"footnotes":""},"categories":[42],"tags":[17,18,636,13,14,11,61,62,63,64,19,20,9,10,15,16,90,12,21,22,65,66,67],"class_list":{"0":"post-138843","1":"post","2":"type-post","3":"status-publish","4":"format-standard","5":"has-post-thumbnail","7":"category-internacional","8":"tag-breaking-news","9":"tag-breakingnews","10":"tag-conflict","11":"tag-featured-news","12":"tag-featurednews","13":"tag-headlines","14":"tag-internacional","15":"tag-international","16":"tag-international-news","17":"tag-internationalnews","18":"tag-latest-news","19":"tag-latestnews","20":"tag-news","21":"tag-noticias","22":"tag-noticias-destacadas","23":"tag-noticiasdestacadas","24":"tag-ticker","25":"tag-titulares","26":"tag-ultimas-noticias","27":"tag-ultimasnoticias","28":"tag-world","29":"tag-world-news","30":"tag-worldnews"},"share_on_mastodon":{"url":"","error":""},"_links":{"self":[{"href":"https:\/\/www.europesays.com\/es\/wp-json\/wp\/v2\/posts\/138843","targetHints":{"allow":["GET"]}}],"collection":[{"href":"https:\/\/www.europesays.com\/es\/wp-json\/wp\/v2\/posts"}],"about":[{"href":"https:\/\/www.europesays.com\/es\/wp-json\/wp\/v2\/types\/post"}],"author":[{"embeddable":true,"href":"https:\/\/www.europesays.com\/es\/wp-json\/wp\/v2\/users\/2"}],"replies":[{"embeddable":true,"href":"https:\/\/www.europesays.com\/es\/wp-json\/wp\/v2\/comments?post=138843"}],"version-history":[{"count":0,"href":"https:\/\/www.europesays.com\/es\/wp-json\/wp\/v2\/posts\/138843\/revisions"}],"wp:featuredmedia":[{"embeddable":true,"href":"https:\/\/www.europesays.com\/es\/wp-json\/wp\/v2\/media\/138844"}],"wp:attachment":[{"href":"https:\/\/www.europesays.com\/es\/wp-json\/wp\/v2\/media?parent=138843"}],"wp:term":[{"taxonomy":"category","embeddable":true,"href":"https:\/\/www.europesays.com\/es\/wp-json\/wp\/v2\/categories?post=138843"},{"taxonomy":"post_tag","embeddable":true,"href":"https:\/\/www.europesays.com\/es\/wp-json\/wp\/v2\/tags?post=138843"}],"curies":[{"name":"wp","href":"https:\/\/api.w.org\/{rel}","templated":true}]}}