{"id":138845,"date":"2025-09-25T22:13:10","date_gmt":"2025-09-25T22:13:10","guid":{"rendered":"https:\/\/www.europesays.com\/es\/138845\/"},"modified":"2025-09-25T22:13:10","modified_gmt":"2025-09-25T22:13:10","slug":"retiran-bomberos-de-la-brif-de-lubia-de-un-incendio-en-guadalajara-por-posible-intoxicacion-por-humo","status":"publish","type":"post","link":"https:\/\/www.europesays.com\/es\/138845\/","title":{"rendered":"Retiran bomberos de la BRIF de Lubia de un incendio en Guadalajara por posible intoxicaci\u00f3n por humo"},"content":{"rendered":"<p>            Publicado por<\/p>\n<p>Heraldo-Diario de Soria<\/p>\n<p>        Guadalajara<\/p>\n<p class=\"c-detail__info__more\">\n            Creado:<br \/>\n            <a class=\"c-detail__info__more__date\" href=\"https:\/\/www.heraldodiariodesoria.es\/hemeroteca\/250925\/\" rel=\"nofollow noopener\" target=\"_blank\"><br \/>\n                25.09.2025 | 20:17<br \/>\n            <\/a>\n        <\/p>\n<p class=\"c-detail__info__more\">\n            Actualizado:<br \/>\n            25.09.2025 | 20:31\n        <\/p>\n<p class=\"paragraph\">Varios <b>bomberos de la BRIF de Lubia<\/b> han tenido que ser <b>evacuados <\/b>de un<a href=\"https:\/\/www.heraldodiariodesoria.es\/soria\/250922\/202961\/brif-lubia-gran-incendio-guadalajara-fuego-activo-pinares-burgos.html\" rel=\"nofollow noopener\" target=\"_blank\"> <b>incendio forestal en Guadalajara<\/b><\/a> por posible <b>intoxicaci\u00f3n por humo<\/b>. \u00abUno de ellos ha sido evaluado por el recurso sanitario movilizado en el Puesto de Mando Avanzado\u00bb, se\u00f1alan fuentes oficiales de la comunidad de <b>Castilla-La Mancha<\/b>.<\/p>\n<p class=\"paragraph\">Aunque no se ha precisado cu\u00e1ntos afectados hay, s\u00ed se recoge que miembros de la Brigada de Refuerzo en Incendios Forestales del Ministerio para la Transici\u00f3n Ecol\u00f3gica y el Reto Demogr\u00e1fico con base en Lubia (Soria) han sido <b>retirados del incendio<\/b> forestal de <b>Pe\u00f1alba de la Sierra<\/b> tras sufrir una posible intoxicaci\u00f3n por humo, informa Europa Press.<\/p>\n<p class=\"paragraph\">As\u00ed lo ha informado el Servicio de Prevenci\u00f3n y Extinci\u00f3n de Incendios Forestales de Castilla-La Mancha (<b>Infocam<\/b>) a trav\u00e9s de su cuenta oficial en la red social X, apuntando que uno de los efectivos evacuados ha sido evaluado por el recurso sanitario movilizado en el Puesto de Mando Avanzado.\u00a0Adem\u00e1s, han se\u00f1alado que los medios a\u00e9reos adscritos siguen trabajando.<\/p>\n<p class=\"paragraph\">Concretamente, seg\u00fan los datos del Sistema de Informaci\u00f3n de Incendios Forestales de Castilla-La Mancha (<b>Fidias<\/b>), sobre las 19.30 horas de este jueves, un total de <b>13 medios a\u00e9reos, junto a otros 15 medios terrestres y 129 efectivos<\/b>, continuaban trabajando en las labores de control y extinci\u00f3n del incendio, que contin\u00faa azotando la zona forestal alcarre\u00f1a desde el pasado domingo.<\/p>\n<p class=\"paragraph\">El fuego, detectado a las 8.13 horas de la ma\u00f1ana del domingo contin\u00faa sin estar bajo control. A lo largo de los <b>m\u00e1s de cinco d\u00edas de operativo<\/b>, han participado un total de 104 medios de extinci\u00f3n, 36 de ellos a\u00e9reos, y 471 personas.<\/p>\n","protected":false},"excerpt":{"rendered":"Publicado por Heraldo-Diario de Soria Guadalajara Creado: 25.09.2025 | 20:17 Actualizado: 25.09.2025 | 20:31 Varios bomberos de la&hellip;\n","protected":false},"author":2,"featured_media":138846,"comment_status":"","ping_status":"","sticky":false,"template":"","format":"standard","meta":{"footnotes":""},"categories":[8],"tags":[4343,17,18,43557,4091,25,24,13,14,439,11,4342,19,20,9,10,15,16,23,12,21,22],"class_list":{"0":"post-138845","1":"post","2":"type-post","3":"status-publish","4":"format-standard","5":"has-post-thumbnail","7":"category-espana","8":"tag-bomberos","9":"tag-breaking-news","10":"tag-breakingnews","11":"tag-brif-de-lubia","12":"tag-castilla-la-mancha","13":"tag-es","14":"tag-espana","15":"tag-featured-news","16":"tag-featurednews","17":"tag-guadalajara","18":"tag-headlines","19":"tag-incendios","20":"tag-latest-news","21":"tag-latestnews","22":"tag-news","23":"tag-noticias","24":"tag-noticias-destacadas","25":"tag-noticiasdestacadas","26":"tag-spain","27":"tag-titulares","28":"tag-ultimas-noticias","29":"tag-ultimasnoticias"},"share_on_mastodon":{"url":"","error":""},"_links":{"self":[{"href":"https:\/\/www.europesays.com\/es\/wp-json\/wp\/v2\/posts\/138845","targetHints":{"allow":["GET"]}}],"collection":[{"href":"https:\/\/www.europesays.com\/es\/wp-json\/wp\/v2\/posts"}],"about":[{"href":"https:\/\/www.europesays.com\/es\/wp-json\/wp\/v2\/types\/post"}],"author":[{"embeddable":true,"href":"https:\/\/www.europesays.com\/es\/wp-json\/wp\/v2\/users\/2"}],"replies":[{"embeddable":true,"href":"https:\/\/www.europesays.com\/es\/wp-json\/wp\/v2\/comments?post=138845"}],"version-history":[{"count":0,"href":"https:\/\/www.europesays.com\/es\/wp-json\/wp\/v2\/posts\/138845\/revisions"}],"wp:featuredmedia":[{"embeddable":true,"href":"https:\/\/www.europesays.com\/es\/wp-json\/wp\/v2\/media\/138846"}],"wp:attachment":[{"href":"https:\/\/www.europesays.com\/es\/wp-json\/wp\/v2\/media?parent=138845"}],"wp:term":[{"taxonomy":"category","embeddable":true,"href":"https:\/\/www.europesays.com\/es\/wp-json\/wp\/v2\/categories?post=138845"},{"taxonomy":"post_tag","embeddable":true,"href":"https:\/\/www.europesays.com\/es\/wp-json\/wp\/v2\/tags?post=138845"}],"curies":[{"name":"wp","href":"https:\/\/api.w.org\/{rel}","templated":true}]}}