{"id":138851,"date":"2025-09-25T22:22:14","date_gmt":"2025-09-25T22:22:14","guid":{"rendered":"https:\/\/www.europesays.com\/es\/138851\/"},"modified":"2025-09-25T22:22:14","modified_gmt":"2025-09-25T22:22:14","slug":"edwards-vs-brady-como-ver-ufc-londres-cartelera-y-que-saber","status":"publish","type":"post","link":"https:\/\/www.europesays.com\/es\/138851\/","title":{"rendered":"Edwards vs Brady: C\u00f3mo ver UFC Londres, cartelera y qu\u00e9 saber"},"content":{"rendered":"<p><strong>UFC regresa a Londres el s\u00e1bado 22 de marzo con una cartelera <a href=\"https:\/\/espndeportes.espn.com\/mma\/fightcenter\/_\/id\/600051194\/liga\/ufc\" target=\"_blank\" rel=\"nofollow noopener\">Fight Night en el O2 Arena<\/a><\/strong> encabezada por el regreso del ex campe\u00f3n de peso welter <strong><a href=\"https:\/\/espndeportes.espn.com\/mma\/peleador\/_\/id\/3152929\/leon-edwards\" target=\"_blank\" rel=\"nofollow noopener\">Leon Edwards<\/a><\/strong>, quien se enfrenta al contendiente en ascenso <strong><a href=\"https:\/\/espndeportes.espn.com\/mma\/peleador\/_\/id\/4295192\/sean-brady\" target=\"_blank\" rel=\"nofollow noopener\">Sean Brady<\/a><\/strong>.<\/p>\n<p><a href=\"https:\/\/espndeportes.espn.com\/watch\/player\/_\/id\/973383be-e8f6-4e1a-bf79-71c3fd5e8c67#bucketId=1\" target=\"_blank\" rel=\"nofollow noopener\"><strong>Todas las peleas en el O2 Arena se podr\u00e1n ver por ESPN+ en EE. UU.<\/strong><\/a>, con la tarjeta principal comenzando a las 2 p.m. CDMX \/ 4 p.m. ET y las preliminares abriendo el show a las 11 a.m. CDMX \/ 1 p.m. ET. El evento en M\u00e9xico se puede ver por FOX Sports. <strong>Ser\u00e1 el primer evento de UFC en Londres en dos a\u00f1os,<\/strong> ya que el evento del a\u00f1o pasado se celebr\u00f3 en Manchester.<\/p>\n<p><strong>Edwards<\/strong> (22-4) est\u00e1 de vuelta en el oct\u00e1gono por primera vez desde que <a href=\"https:\/\/www.espn.com.ar\/artes-marciales-mixtas\/nota\/_\/id\/13962967\/ufc-304-leon-edwards-vs-belal-muhammad-nuevo-campeon-welter\" target=\"_blank\" rel=\"nofollow noopener\">perdi\u00f3 el t\u00edtulo de peso welter ante<\/a> <a href=\"https:\/\/espndeportes.espn.com\/mma\/peleador\/_\/id\/3172112\/belal-muhammad\" target=\"_blank\" rel=\"nofollow noopener\">Belal Muhammad<\/a> en UFC 304 en Manchester en julio pasado. Fue la primera derrota de Edwards en nueve a\u00f1os.<\/p>\n<p><a href=\"https:\/\/www.espn.com.ar\/artes-marciales-mixtas\/nota\/_\/id\/14142506\/brady-vs-burns-resultado-ufc-fight-night-decision-unanime\" target=\"_blank\" rel=\"nofollow noopener\"><strong>Brady<\/strong> (17-1) ha ganado sus dos \u00faltimas peleas<\/a> desde que sufri\u00f3 la \u00fanica derrota de su carrera contra Muhammad en octubre de 2022.<\/p>\n<p><strong>Edwards<\/strong> ocupa el puesto No. 2 en peso welter en el <a href=\"https:\/\/www.espn.com.ar\/artes-marciales-mixtas\/nota\/_\/id\/5372222\/mma-ufc-ranking-divisional-espn\" target=\"_blank\" rel=\"nofollow noopener\">ranking de ESPN<\/a>, mientras que <strong>Brady<\/strong> es el No. 5; <a href=\"https:\/\/www.ufc.com\/rankings\" target=\"_blank\" rel=\"nofollow noopener\">UFC clasifica a <strong>Edwards<\/strong> y <strong>Brady<\/strong> en los puestos No. 1 y No. 5<\/a>, respectivamente.<\/p>\n<p>El evento coestelar es una contienda de peso semipesado entre el ex campe\u00f3n n\u00famero 3 del ranking, <strong><a href=\"https:\/\/espndeportes.espn.com\/mma\/peleador\/_\/id\/2506250\/jan-blachowicz\" target=\"_blank\" rel=\"nofollow noopener\">Jan B\u0142achowicz<\/a><\/strong> (29-10-1), y el neozeland\u00e9s n\u00famero 6 del ranking, <strong><a href=\"https:\/\/espndeportes.espn.com\/mma\/peleador\/_\/id\/4695736\/carlos-ulberg\" target=\"_blank\" rel=\"nofollow noopener\">Carlos Ulberg<\/a><\/strong> (12-1).<\/p>\n<p>La transmisi\u00f3n de <a href=\"https:\/\/espndeportes.espn.com\/watch\/player\/_\/id\/973383be-e8f6-4e1a-bf79-71c3fd5e8c67#bucketId=1\" target=\"_blank\" rel=\"nofollow noopener\">UFC Fight Night: Edwards vs. Brady<strong> el s\u00e1bado 22 de marzo comienza a las 11 a.m. CDMX \/ 1 p.m. ET<\/strong><\/a> con las preliminares; la cartelera principal comienza a las 2 p.m. CDMX \/ 4 p.m. ET.<\/p>\n<p>El evento en M\u00e9xico se puede ver por FOX Sports.<\/p>\n<p><strong><a href=\"https:\/\/espndeportes.espn.com\/watch\/player\/_\/id\/973383be-e8f6-4e1a-bf79-71c3fd5e8c67#bucketId=1\" target=\"_blank\" rel=\"nofollow noopener\">Mira todas las peleas en ESPN+ (en EE. UU.)<\/a>: <a href=\"https:\/\/plus.espn.com\/es\/ufc?om-navmethod=espnplus-story:12136973\" target=\"_blank\" rel=\"nofollow noopener\">Consigue ESPN+ aqu\u00ed<\/a>.<\/strong><\/p>\n<p><strong>Mira m\u00e1s de UFC en ESPN Deportes, ESPN (en EE. UU.): <a href=\"http:\/\/www.espn.com\/espn\/apps\/espn\" target=\"_blank\" rel=\"nofollow noopener\">Descarga la aplicaci\u00f3n de ESPN<\/a> | <a href=\"https:\/\/espndeportes.espn.com\/watch\/\" target=\"_blank\" rel=\"nofollow noopener\">WatchESPN<\/a> | <a href=\"https:\/\/espndeportes.espn.com\/watch\/schedule\/\" target=\"_blank\" rel=\"nofollow noopener\">TV<\/a><\/strong><\/p>\n<p><strong>\u00bfNo tienes ESPN? <a href=\"https:\/\/promo.espn.com\/espn\/contests\/instantaccess\/\" target=\"_blank\" rel=\"nofollow noopener\">Consigue acceso instant\u00e1neo<\/a>.<\/strong><\/p>\n<p><strong>Tambi\u00e9n est\u00e1 <a href=\"https:\/\/espndeportes.espn.com\/mma\/fightcenter\" target=\"_blank\" rel=\"nofollow noopener\">FightCenter<\/a><\/strong>, que ofrece actualizaciones en vivo para cada cartelera de UFC.<\/p>\n<p>La cartelera de UFC Fight Night: Edwards vs. Brady<\/p>\n<p><strong>ESPN+ en EE. UU.<\/strong>, 2 p.m. CDMX \/ 4 p.m. ET<\/p>\n<p>\u2022 Peso Welter: Leon Edwards (22-4) vs. Sean Brady (17-1)<\/p>\n<p>\u2022 Peso Semipesado: Jan Blachowicz (29-10-1) vs. Carlos Ulberg (12-1)<\/p>\n<p>\u2022 Peso Welter: Gunnar Nelson (19-5-1) vs. Kevin Holland (26-13)<\/p>\n<p>\u2022 Peso Paja: Molly McCann (14-7) vs. Alexia Thainara (11-1)<\/p>\n<p>\u2022 Peso Ligero: Jordan Vucenic (13-3) vs. Chris Duncan (12-2)<\/p>\n<p>\u2022 Peso Pluma: Nathaniel Wood (20-6) vs. Morgan Charri\u00e8re (20-10-1)<\/p>\n<p><strong>ESPN+ en EE. UU.<\/strong>, 11 a.m. CDMX \/ 1 p.m. ET<\/p>\n<p>\u2022 Peso Ligero: Jai Herbert (13-5-1) vs. Chris Padilla (15-6)<\/p>\n<p>\u2022 Peso Mosca masculino: Lone&#8217;er Kavanagh (8-0) vs. Felipe dos Santos (8-2)<\/p>\n<p>\u2022 Peso Pesado: Marcin Tybura (26-9) vs. Mick Parkin (10-0)<\/p>\n<p>\u2022 Peso Mediano: Christian Leroy Duncan (10-2) vs. Andrey Pulyaev (9-2)<\/p>\n<p>\u2022 Peso Paja: Shauna Bannon (6-1) vs. Puja Tomar (9-4)<\/p>\n<p>\u2022 Peso Gallo masculino: Nathan Fletcher (9-1) vs. Caol\u00e1n Loughran (9-2)<\/p>\n<p>\u2022 Peso Ligero: Guram Kutateladze (13-4) vs. Kau\u00ea Fernandes (9-2)<\/p>\n","protected":false},"excerpt":{"rendered":"UFC regresa a Londres el s\u00e1bado 22 de marzo con una cartelera Fight Night en el O2 Arena&hellip;\n","protected":false},"author":2,"featured_media":138852,"comment_status":"","ping_status":"","sticky":false,"template":"","format":"standard","meta":{"footnotes":""},"categories":[276],"tags":[168,25,24,23,167,343],"class_list":{"0":"post-138851","1":"post","2":"type-post","3":"status-publish","4":"format-standard","5":"has-post-thumbnail","7":"category-ufc","8":"tag-deportes","9":"tag-es","10":"tag-espana","11":"tag-spain","12":"tag-sports","13":"tag-ufc"},"share_on_mastodon":{"url":"","error":""},"_links":{"self":[{"href":"https:\/\/www.europesays.com\/es\/wp-json\/wp\/v2\/posts\/138851","targetHints":{"allow":["GET"]}}],"collection":[{"href":"https:\/\/www.europesays.com\/es\/wp-json\/wp\/v2\/posts"}],"about":[{"href":"https:\/\/www.europesays.com\/es\/wp-json\/wp\/v2\/types\/post"}],"author":[{"embeddable":true,"href":"https:\/\/www.europesays.com\/es\/wp-json\/wp\/v2\/users\/2"}],"replies":[{"embeddable":true,"href":"https:\/\/www.europesays.com\/es\/wp-json\/wp\/v2\/comments?post=138851"}],"version-history":[{"count":0,"href":"https:\/\/www.europesays.com\/es\/wp-json\/wp\/v2\/posts\/138851\/revisions"}],"wp:featuredmedia":[{"embeddable":true,"href":"https:\/\/www.europesays.com\/es\/wp-json\/wp\/v2\/media\/138852"}],"wp:attachment":[{"href":"https:\/\/www.europesays.com\/es\/wp-json\/wp\/v2\/media?parent=138851"}],"wp:term":[{"taxonomy":"category","embeddable":true,"href":"https:\/\/www.europesays.com\/es\/wp-json\/wp\/v2\/categories?post=138851"},{"taxonomy":"post_tag","embeddable":true,"href":"https:\/\/www.europesays.com\/es\/wp-json\/wp\/v2\/tags?post=138851"}],"curies":[{"name":"wp","href":"https:\/\/api.w.org\/{rel}","templated":true}]}}