{"id":138855,"date":"2025-09-25T22:25:08","date_gmt":"2025-09-25T22:25:08","guid":{"rendered":"https:\/\/www.europesays.com\/es\/138855\/"},"modified":"2025-09-25T22:25:08","modified_gmt":"2025-09-25T22:25:08","slug":"diego-camargo-conquista-en-solitario-la-etapa-reina-del-clasico-rcn-y-se-viste-de-lider-ciclismo","status":"publish","type":"post","link":"https:\/\/www.europesays.com\/es\/138855\/","title":{"rendered":"Diego Camargo conquista en solitario la etapa reina del Cl\u00e1sico RCN y se viste de l\u00edder &#8211; Ciclismo"},"content":{"rendered":"<ol>\n<li><a href=\"https:\/\/news.google.com\/rss\/articles\/CBMiakFVX3lxTE5fa0xjbExveEVoZUlzd0IyR1dYYndYTFlDMU4xeVdGRTdTZ05OSGRrR0RxWFFqMlg4Q25Dd3BWRHZkbVlxUmp3NG9ETEhQd3Fwc1p3WkZMZmdPTmhFWkpQWGhMWGZoQUxtd2c?oc=5\" target=\"_blank\" rel=\"nofollow noopener\">Diego Camargo conquista en solitario la etapa reina del Cl\u00e1sico RCN y se viste de l\u00edder<\/a>&nbsp;&nbsp;Ciclismo<\/li>\n<li><a href=\"https:\/\/news.google.com\/rss\/articles\/CBMisAFBVV95cUxNZUhvdloyVVZoeEFPa0xyX3BEc2tfbkVjT1VTcGxuTExDSFFua0RyQXNKTVgtTkt1SUEzeGlCQlhadVpyX3gzUnkwcnc1bkdycXJjRmRLTmlwbm5pMGhsU2pmVUtSMmhER2YtbXZhTGxydUdCVUw3ejhHTHNpajdCTkhyckowa2ZsamxoTmNfOE9TRVZjUl9MTlJTZ3lrZXpsbld2U0pvOGVpNTJQa3g1Qw?oc=5\" target=\"_blank\" rel=\"nofollow noopener\">Hoy v\u00edas principales de Ibagu\u00e9 tendr\u00e1n cierres viales en Ibagu\u00e9<\/a>&nbsp;&nbsp;Emisora Ondas de Ibagu\u00e9<\/li>\n<li><a href=\"https:\/\/news.google.com\/rss\/articles\/CBMilwFBVV95cUxOSmlEZ3hndEdkOVZObkVXNmpEbXNqOTRWNXhXQXRweUVyT1VhR3F5a2NBV0c1Q1VQOVkyZjQxdkJfTDBieVBlS3VMakxUbGhtLVE3RmV3TUlJcWdDOUZFblpUVXQ0R2lOUGJZMV9HR2tHbnliNXhzXzlrSzNuYmppLThjSkhKbmtTTi1ia1hZYXRGY2xwSUI4?oc=5\" target=\"_blank\" rel=\"nofollow noopener\">Carretera m\u00e1s Linda de Colombia, escenario del Cl\u00e1sico RCN<\/a>&nbsp;&nbsp;UNIMINUTO Radio<\/li>\n<li><a href=\"https:\/\/news.google.com\/rss\/articles\/CBMiwwFBVV95cUxNRFIxYUdnRW1IaVlja0RGQ2NHQVpTSFBaNWtsMmo5UHVDVWZCd0ZjMWxHbkVWZGgxLTlTZ3JibkpNbHNqV2hrMHFidklFY0IxZUNPN09HVlItSUlPeFd0cF9fZ1gwNlRxU1dQOW9EMDdTckZJTnBqYXlHZGdVQ0t0WTV6aFcxR2dnNXFya0NUemU1RmRJckhENlVXNllJdUFrZFFmT05nUlpjT0dvZGg1WVU3Nmt6WVhFWmhIZEYyOTd5VUnSAdcBQVVfeXFMT3p6aVA3bFNCaDhFWWVmVVl5ekhPTEhDOVJmb0tHUV9QNHF4UnU2bVRDQnFPYVI3YkZWaWMwR05ndjVsM0VnazJzY3BWNkttdDZJMWRsVkNfY0x1ek9CbV9QRDFTdFpMT3l3aEVQQVJtbHpnVTdWVjNaTUJsWUR5WkRRUy1QdDV6TGdiaTRwWkEzTmxjT095UjRjdVlGRTA2UkVtS21TN0RnbFR5cGR5SlhGaHlPQjR6eVppSEtVN3RmMFJ3Ry1TZHVHSDRsaEtlSXZ6S0pMaDA?oc=5\" target=\"_blank\" rel=\"nofollow noopener\">Cierres viales en Tolima por una competencia cicl\u00edstica este 24 y 25 de septiembre: rutas y horarios<\/a>&nbsp;&nbsp;Caracol Radio<\/li>\n<li><a href=\"https:\/\/news.google.com\/rss\/articles\/CBMirwFBVV95cUxQR3dzakZrSWtaTDV5bTY0ckc5UGNuRktPTTAyNmgyWFhyaHowMnRoT3dIaThpdURGamt0RVdxeTAzYW1KRWFEbEFudV9rMjB1UWRCWGVxTGxJdTB4YThRZ24xLUhOT2ZYNXRvMi1NTlpKdlJVUGtOeFl0VXo1czBLaWwzSjhrS2JadUUyMTVrN2ozczNpeHVfbDJGNXVxU3lrcWlrdTdXRGRPd285WlNz?oc=5\" target=\"_blank\" rel=\"nofollow noopener\">Cierres viales en Manizales por el Cl\u00e1sico RCN Sistecr\u00e9dito 2025<\/a>&nbsp;&nbsp;Centro de Informaci\u00f3n \u2013 Alcald\u00eda de Manizales<\/li>\n<\/ol>\n","protected":false},"excerpt":{"rendered":"Diego Camargo conquista en solitario la etapa reina del Cl\u00e1sico RCN y se viste de l\u00edder&nbsp;&nbsp;Ciclismo Hoy v\u00edas&hellip;\n","protected":false},"author":2,"featured_media":138856,"comment_status":"","ping_status":"","sticky":false,"template":"","format":"standard","meta":{"footnotes":""},"categories":[273],"tags":[43558,313,1757,10084,312,168,15477,158,41445,25,24,37761,23,167],"class_list":{"0":"post-138855","1":"post","2":"type-post","3":"status-publish","4":"format-standard","5":"has-post-thumbnail","7":"category-ciclismo","8":"tag-camargo","9":"tag-ciclismo","10":"tag-ciclista","11":"tag-colombiano","12":"tag-cycling","13":"tag-deportes","14":"tag-diego","15":"tag-el","16":"tag-epm","17":"tag-es","18":"tag-espana","19":"tag-medellin","20":"tag-spain","21":"tag-sports"},"share_on_mastodon":{"url":"","error":""},"_links":{"self":[{"href":"https:\/\/www.europesays.com\/es\/wp-json\/wp\/v2\/posts\/138855","targetHints":{"allow":["GET"]}}],"collection":[{"href":"https:\/\/www.europesays.com\/es\/wp-json\/wp\/v2\/posts"}],"about":[{"href":"https:\/\/www.europesays.com\/es\/wp-json\/wp\/v2\/types\/post"}],"author":[{"embeddable":true,"href":"https:\/\/www.europesays.com\/es\/wp-json\/wp\/v2\/users\/2"}],"replies":[{"embeddable":true,"href":"https:\/\/www.europesays.com\/es\/wp-json\/wp\/v2\/comments?post=138855"}],"version-history":[{"count":0,"href":"https:\/\/www.europesays.com\/es\/wp-json\/wp\/v2\/posts\/138855\/revisions"}],"wp:featuredmedia":[{"embeddable":true,"href":"https:\/\/www.europesays.com\/es\/wp-json\/wp\/v2\/media\/138856"}],"wp:attachment":[{"href":"https:\/\/www.europesays.com\/es\/wp-json\/wp\/v2\/media?parent=138855"}],"wp:term":[{"taxonomy":"category","embeddable":true,"href":"https:\/\/www.europesays.com\/es\/wp-json\/wp\/v2\/categories?post=138855"},{"taxonomy":"post_tag","embeddable":true,"href":"https:\/\/www.europesays.com\/es\/wp-json\/wp\/v2\/tags?post=138855"}],"curies":[{"name":"wp","href":"https:\/\/api.w.org\/{rel}","templated":true}]}}