{"id":138859,"date":"2025-09-25T22:27:08","date_gmt":"2025-09-25T22:27:08","guid":{"rendered":"https:\/\/www.europesays.com\/es\/138859\/"},"modified":"2025-09-25T22:27:08","modified_gmt":"2025-09-25T22:27:08","slug":"diallo-se-retira-lesionado-tras-torcerse-el-tobillo","status":"publish","type":"post","link":"https:\/\/www.europesays.com\/es\/138859\/","title":{"rendered":"Diallo se retira lesionado tras torcerse el tobillo"},"content":{"rendered":"<p class=\"v-mdl-ath__p v-mdl-ath__p--6\">\nJueves, 25 de septiembre 2025, 22:03<\/p>\n<p>| Actualizado 22:13h.<\/p>\n<p class=\"v-p\">Accidentada Euskal Kopa. Si el partido entre el Baskonia y el Bilbao Basket se ha suspendido temporalmente debido a un problema en una de las canastas, los contratiempos han golpeado m\u00e1s tarde a la escuadra azulgrana. Y de la peor manera, en forma de lesi\u00f3n. A falta de cinco minutos para la conclusi\u00f3n del partido Hami Diallo ha tenido que abandonar la pista lesionado. <\/p>\n<p class=\"v-p\">La acci\u00f3n se ha producido en una jugada defensiva. Diallo trataba de evitar que los &#8216;hombres de negro&#8217; pudiesen coger un rebote. En el momento de fijar la posici\u00f3n, el escolta azulgrana se ha torcido el tobillo derecho. Sus gestos de dolor han hecho saltar las alarmas. <\/p>\n<p class=\"v-p\">El jugador se ha retirado renqueante al banquillo bajo una ovaci\u00f3n del p\u00fablico que ha poblado las gradas. Tras tomar sitio, su rostro evidenciaba que algo no iba bien. El jugador ya no ha vuelto a participar en lo que restaba de partido. Por el momento se desconoce el alcance de la lesi\u00f3n a menos de una semana de que el equipo inicie el martes la temporada ante el Olympiacos.<\/p>\n<p>Comenta<\/p>\n<p>Reporta un error<\/p>\n","protected":false},"excerpt":{"rendered":"Jueves, 25 de septiembre 2025, 22:03 | Actualizado 22:13h. Accidentada Euskal Kopa. Si el partido entre el Baskonia&hellip;\n","protected":false},"author":2,"featured_media":138860,"comment_status":"","ping_status":"","sticky":false,"template":"","format":"standard","meta":{"footnotes":""},"categories":[269],"tags":[299,298,168,4038,25,24,14498,15896,23,167,25610,43560,575],"class_list":{"0":"post-138859","1":"post","2":"type-post","3":"status-publish","4":"format-standard","5":"has-post-thumbnail","7":"category-baloncesto","8":"tag-baloncesto","9":"tag-basketball","10":"tag-deportes","11":"tag-diallo","12":"tag-es","13":"tag-espana","14":"tag-lesionado","15":"tag-retira","16":"tag-spain","17":"tag-sports","18":"tag-tobillo","19":"tag-torcerse","20":"tag-tras"},"share_on_mastodon":{"url":"","error":""},"_links":{"self":[{"href":"https:\/\/www.europesays.com\/es\/wp-json\/wp\/v2\/posts\/138859","targetHints":{"allow":["GET"]}}],"collection":[{"href":"https:\/\/www.europesays.com\/es\/wp-json\/wp\/v2\/posts"}],"about":[{"href":"https:\/\/www.europesays.com\/es\/wp-json\/wp\/v2\/types\/post"}],"author":[{"embeddable":true,"href":"https:\/\/www.europesays.com\/es\/wp-json\/wp\/v2\/users\/2"}],"replies":[{"embeddable":true,"href":"https:\/\/www.europesays.com\/es\/wp-json\/wp\/v2\/comments?post=138859"}],"version-history":[{"count":0,"href":"https:\/\/www.europesays.com\/es\/wp-json\/wp\/v2\/posts\/138859\/revisions"}],"wp:featuredmedia":[{"embeddable":true,"href":"https:\/\/www.europesays.com\/es\/wp-json\/wp\/v2\/media\/138860"}],"wp:attachment":[{"href":"https:\/\/www.europesays.com\/es\/wp-json\/wp\/v2\/media?parent=138859"}],"wp:term":[{"taxonomy":"category","embeddable":true,"href":"https:\/\/www.europesays.com\/es\/wp-json\/wp\/v2\/categories?post=138859"},{"taxonomy":"post_tag","embeddable":true,"href":"https:\/\/www.europesays.com\/es\/wp-json\/wp\/v2\/tags?post=138859"}],"curies":[{"name":"wp","href":"https:\/\/api.w.org\/{rel}","templated":true}]}}