{"id":138861,"date":"2025-09-25T22:28:11","date_gmt":"2025-09-25T22:28:11","guid":{"rendered":"https:\/\/www.europesays.com\/es\/138861\/"},"modified":"2025-09-25T22:28:11","modified_gmt":"2025-09-25T22:28:11","slug":"fc-barcelona-el-emotivo-mensaje-de-la-plantilla-del-barca-a-gavi-en-oviedo","status":"publish","type":"post","link":"https:\/\/www.europesays.com\/es\/138861\/","title":{"rendered":"FC Barcelona | El emotivo mensaje de la plantilla del Bar\u00e7a a Gavi en Oviedo"},"content":{"rendered":"<p class=\"ft-text\"><a class=\"ft-link ft-link--decoration\" href=\"https:\/\/www.sport.es\/es\/noticias\/barca\/sentido-mensaje-gavi-operacion-tendra-121929244\" rel=\"nofollow noopener\" target=\"_blank\">Los cinco meses que deber\u00e1 estar de baja Gavi tras ser intervenido quir\u00fargicamente del menisco<\/a> han sentado com un jarro de agua fr\u00eda en el barcelonismo. Tambi\u00e9n en la plantilla azulgrana, pues <strong>el de Los Palacios es un futbolista muy querido en el vestuario<\/strong> y sus compa\u00f1eros le han querido arropar en un momento nada f\u00e1cil y complicado de asumir.<\/p>\n<p class=\"ft-text\">Los futbolistas titulares del FC Barcelona han saltado al c\u00e9sped del Carlos Tartiere luciendo una camiseta en apoyo a Gavi. Una camiseta de color azul y el mensaje: <strong>\u00ab\u00c0nims, Gavi!\u00bb<\/strong> (\u00ab\u00c1nimo, Gavi!\u00bb, junto al escudo del equipo azulgrana.<\/p>\n<p class=\"ft-text\">Un gesto que, sin duda, habr\u00e1 llegado a un Gavi que se recupera de la operaci\u00f3n a la que fue sometido este martes, tras no funcionar el tratamiento conservador para solucionar los problemas en el menisco interno de la rodilla derecha.<\/p>\n<p>La an\u00e9cdota con Flick<\/p>\n<p class=\"ft-text\">Hansi Flick se refiri\u00f3 en la rueda de prensa previa al encuentro en Asturias a la situaci\u00f3n de Gavi y reconoci\u00f3 el t\u00e9cnico alem\u00e1n del Bar\u00e7a que \u201ccuando recibes una noticia as\u00ed, piensas que es una mala noticia. Pero personalmente\u00a0para \u00e9l es bueno, porque ahora sabemos lo que hay que hacer. Tiene 21 a\u00f1os y le queda una carrera muy larga. Hay que pensar en esto, que se ponga en forma al cien por cien y se mantenga fuerte. Debe ser un jugador profesional, trabajar fuerte.\u00a0Tiene un coraz\u00f3n enorme, muy emocional. Vive para este club. No es f\u00e1cil para el equipo ya que aporta mucha calidad.\u00a0<strong>Todos le ayudaremos para recuperar el nivel\u201d.<\/strong><\/p>\n<p class=\"ft-text\">Adem\u00e1s, Flick explic\u00f3 una an\u00e9cdota con Gavi cuando le el t\u00e9cnico llam\u00f3 por tel\u00e9fono y era tan temprano que le despert\u00f3. \u201cLo he despertado esta ma\u00f1ana. Se ha quedado sorprendido, pero hab\u00eda entrenamiento y yo ten\u00eda que estar pronto as\u00ed que le he llamado. Est\u00e1 bien, en un estado de \u00e1nimo adecuado. Tiene calidad para volver, hay que ayudarle, es un profesional y\u00a0lo necesitamos, con su coraz\u00f3n, actitud, mentalidad.\u00a0Es un jugador top\u201d, desvel\u00f3 el de Heidelberg.<\/p>\n<p><img decoding=\"async\" src=\"https:\/\/www.europesays.com\/es\/wp-content\/uploads\/2025\/09\/c1127622-d53a-4ef7-829c-fbef7d144ab1_alta-libre-aspect-ratio_default_0.jpg\" width=\"1200\" height=\"808\" alt=\"Hansi Flick abraza a Gavi\" class=\"ft-helper-img-rd\" loading=\"lazy\" hasdataaida=\"true\"\/><\/p>\n<p class=\"ft-helper-fontColor-quaternary ft-helper-fontSize-body-S ft-helper-spacer-t-xxs\">Hansi Flick abraza a Gavi  \/ Javi Ferr\u00e1ndiz<\/p>\n<p class=\"ft-text\"><a class=\"ft-link ft-link--decoration\" href=\"https:\/\/www.sport.es\/es\/noticias\/barca\/preocupacion-gavi-barcelona-rodilla-derecha-revision-121328680\" rel=\"nofollow noopener\" target=\"_blank\">Los problemas en el menisco de la rodilla operada empezaron a ra\u00edz de un entrenamiento y despu\u00e9s de haber cuajado una pretemporada ilusionante.<\/a> Pero el de Los Palacios empez\u00f3 a sentir unas molestias que, lejos de remitir, fueron a m\u00e1s. Se opt\u00f3 en principio por un tratamiento conservador para no tener que someterlo a una artroscopia, pero finalmente se le intervino con el objetivo de suturar el menisco da\u00f1ado, lo que ha ampliado el tiempo de recuperaci\u00f3n a los cinco meses, superior a lo previsto antes de la cirug\u00eda.<\/p>\n<p class=\"ft-text\">Tanto desde los servicios m\u00e9dicos como desde el staff t\u00e9cnico se priorizar\u00e1 que Gavi se recupere al cien por cien de la lesi\u00f3n y<strong> en ning\u00fan momento se precipitar\u00e1 su regreso<\/strong>, teniendo en cuenta los antecedentes.<\/p>\n","protected":false},"excerpt":{"rendered":"Los cinco meses que deber\u00e1 estar de baja Gavi tras ser intervenido quir\u00fargicamente del menisco han sentado com&hellip;\n","protected":false},"author":2,"featured_media":138862,"comment_status":"","ping_status":"","sticky":false,"template":"","format":"standard","meta":{"footnotes":""},"categories":[268],"tags":[4392,28198,168,25,24,280,282,8079,2885,43561,281,23,167],"class_list":{"0":"post-138861","1":"post","2":"type-post","3":"status-publish","4":"format-standard","5":"has-post-thumbnail","7":"category-futbol","8":"tag-camiseta","9":"tag-carlos-tartiere","10":"tag-deportes","11":"tag-es","12":"tag-espana","13":"tag-football","14":"tag-futbol","15":"tag-mensaje","16":"tag-operacion","17":"tag-oviedo-barca","18":"tag-soccer","19":"tag-spain","20":"tag-sports"},"share_on_mastodon":{"url":"","error":""},"_links":{"self":[{"href":"https:\/\/www.europesays.com\/es\/wp-json\/wp\/v2\/posts\/138861","targetHints":{"allow":["GET"]}}],"collection":[{"href":"https:\/\/www.europesays.com\/es\/wp-json\/wp\/v2\/posts"}],"about":[{"href":"https:\/\/www.europesays.com\/es\/wp-json\/wp\/v2\/types\/post"}],"author":[{"embeddable":true,"href":"https:\/\/www.europesays.com\/es\/wp-json\/wp\/v2\/users\/2"}],"replies":[{"embeddable":true,"href":"https:\/\/www.europesays.com\/es\/wp-json\/wp\/v2\/comments?post=138861"}],"version-history":[{"count":0,"href":"https:\/\/www.europesays.com\/es\/wp-json\/wp\/v2\/posts\/138861\/revisions"}],"wp:featuredmedia":[{"embeddable":true,"href":"https:\/\/www.europesays.com\/es\/wp-json\/wp\/v2\/media\/138862"}],"wp:attachment":[{"href":"https:\/\/www.europesays.com\/es\/wp-json\/wp\/v2\/media?parent=138861"}],"wp:term":[{"taxonomy":"category","embeddable":true,"href":"https:\/\/www.europesays.com\/es\/wp-json\/wp\/v2\/categories?post=138861"},{"taxonomy":"post_tag","embeddable":true,"href":"https:\/\/www.europesays.com\/es\/wp-json\/wp\/v2\/tags?post=138861"}],"curies":[{"name":"wp","href":"https:\/\/api.w.org\/{rel}","templated":true}]}}